{"id":3351,"date":"2026-03-03T04:56:52","date_gmt":"2026-03-03T09:56:52","guid":{"rendered":"https:\/\/conexion-mx.com\/?p=3351"},"modified":"2026-03-03T04:56:52","modified_gmt":"2026-03-03T09:56:52","slug":"desaparece-ana-karen-nute-fue-vista-por-ultima-vez-al-subir-a-una-moto-de-aplicacion-en-edomex","status":"publish","type":"post","link":"https:\/\/conexion-mx.com\/?p=3351","title":{"rendered":"Desaparece Ana Karen Nute, fue vista por \u00faltima vez al subir a una moto de aplicaci\u00f3n en Edomex"},"content":{"rendered":"<p> <br \/>\n<\/p>\n<div itemprop=\"articleBody\">\n<div class=\"txt_contenido\">\n<p>Una joven de 19 a\u00f1os de edad identificada como <strong>Ana Karen Nute T\u00e9llez<\/strong>\u00a0fue reportada como desaparecida el pasado 28 de febrero del 2026 luego de que subiera a un servicio de moto por aplicaci\u00f3n en calles del Estado de M\u00e9xico, una c\u00e1mara de seguridad grab\u00f3 el momento de la \u00faltima vez que su familia supo de ella.\u00a0<\/p>\n<p>Tras la falta de contacto, la familia activ\u00f3 la<strong> ficha de b\u00fasqueda<\/strong> ante la Fiscal\u00eda General de Justicia del Estado de M\u00e9xico (<strong>FGJEM<\/strong>) donde detallaron que ella llevaba unos lentes graduados dorados de metal, huaraches color beige, saco gris y palazzo negro.<\/p>\n<aside class=\"htmlinline\"\/>\n<p>La desaparici\u00f3n ocurri\u00f3 cuando ella pidi\u00f3 el servicio en el municipio de<strong> San Antonio la Isla<\/strong>, en Edomex, dentro del Fraccionamiento Villas del Sauce despu\u00e9s de que asistiera a una reuni\u00f3n social alrededor de las 23:00 horas, en las im\u00e1genes que ahora circula en redes sociales se aprecia a la mujer sin compa\u00f1\u00eda.<\/p>\n<aside class=\"relacionadas con-foto linea-1078\"><strong class=\"relacionadas-titulo-gral\">Noticias Relacionadas<\/strong><\/aside>\n<p><img loading=\"lazy\" decoding=\"async\" alt=\"\" height=\"887\" src=\"https:\/\/heraldodemexico.com.mx\/u\/fotografias\/m\/2026\/3\/2\/f768x1-1253340_1253467_5050.jpg\" width=\"768\"\/><\/p>\n<h2>Viaje de Ana Karen marc\u00f3 como finalizado, pero ella nunca lleg\u00f3 a casa<\/h2>\n<p>Sin embargo, la familia detalla en la exigencia por su hallazgo con vida que el servicio s\u00ed marc\u00f3 como finalizado el viaje, pero ella no regres\u00f3, desde ese momento dej\u00f3 de recibir llamadas y mensaje lo que los alert\u00f3. En el video de vigilancia aparece el sujeto que ahora es el principal sospechoso de la desaparici\u00f3n, \u00e9l porta una gorra y una chamarra de<strong> color azul.<\/strong><\/p>\n<p>Los rasgos del conductor son dif\u00edciles de identificar por la calidad del video y la posici\u00f3n que cubre por completo su rostro.\u00a0<\/p>\n<h2>As\u00ed puedes identificar a Ana Karen Nute, desaparecida en el Edomex<\/h2>\n<p><img decoding=\"async\" alt=\"\" src=\"https:\/\/heraldodemexico.com.mx\/u\/fotografias\/m\/2026\/3\/2\/f768x1-1253327_1253454_5050.jpg\"\/><\/p>\n<p>De acuerdo con la ficha de b\u00fasqueda ella es una mujer de tez morena clara y cabello negro, como se\u00f1as particulares destaca un tatuaje en la mu\u00f1eca izquierda con flores y mariposas, otro en el antebrazo derecho con un rosario en forma de coraz\u00f3n y mariposa y un lunar bajo la mejilla derecha.\u00a0<\/p>\n<p>Estas son algunas de sus caracter\u00edsticas:<\/p>\n<ul>\n<li>Estatura 1.61<\/li>\n<li>Complexi\u00f3n Mediana<\/li>\n<li>Peso 67 kil\u00f3gramos<\/li>\n<li>Cejas semipobladas<\/li>\n<li>Ojos caf\u00e9 obscuro chicos<\/li>\n<li>Labios delgados<\/li>\n<\/ul>\n<p>En caso de que tengan informaci\u00f3n sobre su paradero o alg\u00fan\u00a0dato que ayude a localizarla, la FGJEM dio a conocer una serie de contactos para que la ciudadan\u00eda se comunique de manera an\u00f3nima:\u00a0<\/p>\n<ul>\n<li>800 509 09 27<\/li>\n<li>800 216 03 61<\/li>\n<\/ul>\n<p>\u00a0<\/p>\n<p>\u00a0<\/p>\n<p>\u00a0<\/p>\n<p>\u00a0<\/p>\n<\/p><\/div>\n<\/p><\/div>\n<p><script>\n    !function(f,b,e,v,n,t,s)\n    {if(f.fbq)return;n=f.fbq=function(){n.callMethod?\n    n.callMethod.apply(n,arguments):n.queue.push(arguments)};\n    if(!f._fbq)f._fbq=n;n.push=n;n.loaded=!0;n.version='2.0';\n    n.queue=[];t=b.createElement(e);t.async=!0;\n    t.src=v;s=b.getElementsByTagName(e)[0];\n    s.parentNode.insertBefore(t,s)}(window, document,'script',\n    'https:\/\/connect.facebook.net\/en_US\/fbevents.js');\n    fbq('init', '237927003583820');\n    fbq('track', 'PageView');\n  <\/script><script>\n    !function(f,b,e,v,n,t,s)\n    {if(f.fbq)return;n=f.fbq=function(){n.callMethod?\n    n.callMethod.apply(n,arguments):n.queue.push(arguments)};\n    if(!f._fbq)f._fbq=n;n.push=n;n.loaded=!0;n.version='2.0';\n    n.queue=[];t=b.createElement(e);t.async=!0;\n    t.src=v;s=b.getElementsByTagName(e)[0];\n    s.parentNode.insertBefore(t,s)}(window, document,'script',\n    'https:\/\/connect.facebook.net\/en_US\/fbevents.js');\n    fbq('init', '802372280934901');\n    fbq('track', 'PageView');\n    <\/script><br \/>\n<br \/><\/p>\n","protected":false},"excerpt":{"rendered":"<p>Una joven de 19 a\u00f1os de edad identificada como Ana Karen Nute T\u00e9llez\u00a0fue reportada como desaparecida el pasado 28 de febrero del 2026 luego de que subiera a un servicio de moto por aplicaci\u00f3n en calles del Estado de M\u00e9xico, una c\u00e1mara de seguridad grab\u00f3 el momento de la \u00faltima vez que su familia supo [&hellip;]<\/p>\n","protected":false},"author":2,"featured_media":3352,"comment_status":"","ping_status":"","sticky":false,"template":"","format":"standard","meta":{"footnotes":""},"categories":[2],"tags":[],"class_list":["post-3351","post","type-post","status-publish","format-standard","has-post-thumbnail","hentry","category-local"],"_links":{"self":[{"href":"https:\/\/conexion-mx.com\/index.php?rest_route=\/wp\/v2\/posts\/3351","targetHints":{"allow":["GET"]}}],"collection":[{"href":"https:\/\/conexion-mx.com\/index.php?rest_route=\/wp\/v2\/posts"}],"about":[{"href":"https:\/\/conexion-mx.com\/index.php?rest_route=\/wp\/v2\/types\/post"}],"author":[{"embeddable":true,"href":"https:\/\/conexion-mx.com\/index.php?rest_route=\/wp\/v2\/users\/2"}],"replies":[{"embeddable":true,"href":"https:\/\/conexion-mx.com\/index.php?rest_route=%2Fwp%2Fv2%2Fcomments&post=3351"}],"version-history":[{"count":0,"href":"https:\/\/conexion-mx.com\/index.php?rest_route=\/wp\/v2\/posts\/3351\/revisions"}],"wp:featuredmedia":[{"embeddable":true,"href":"https:\/\/conexion-mx.com\/index.php?rest_route=\/wp\/v2\/media\/3352"}],"wp:attachment":[{"href":"https:\/\/conexion-mx.com\/index.php?rest_route=%2Fwp%2Fv2%2Fmedia&parent=3351"}],"wp:term":[{"taxonomy":"category","embeddable":true,"href":"https:\/\/conexion-mx.com\/index.php?rest_route=%2Fwp%2Fv2%2Fcategories&post=3351"},{"taxonomy":"post_tag","embeddable":true,"href":"https:\/\/conexion-mx.com\/index.php?rest_route=%2Fwp%2Fv2%2Ftags&post=3351"}],"curies":[{"name":"wp","href":"https:\/\/api.w.org\/{rel}","templated":true}]}}