{"id":3353,"date":"2026-03-03T13:05:34","date_gmt":"2026-03-03T18:05:34","guid":{"rendered":"https:\/\/conexion-mx.com\/?p=3353"},"modified":"2026-03-03T13:05:34","modified_gmt":"2026-03-03T18:05:34","slug":"ignacio-mier-garantiza-el-apoyo-total-de-morena-a-la-reforma-electoral-impulsada-por-la-presidenta-claudia-sheinbaum","status":"publish","type":"post","link":"https:\/\/conexion-mx.com\/?p=3353","title":{"rendered":"Ignacio Mier garantiza el apoyo total de Morena a la reforma electoral impulsada por la presidenta Claudia Sheinbaum"},"content":{"rendered":"<p> <br \/>\n<\/p>\n<div itemprop=\"articleBody\">\n<div class=\"txt_contenido\">\n<p>El coordinador de <strong>Morena<\/strong> en el <strong>Senado<\/strong>, <strong>Ignacio Mier Velazco<\/strong>, asegur\u00f3 que su bancada respalda la <strong>reforma electoral <\/strong>impulsada por la <strong>presidenta Claudia Sheinbaum<\/strong>, al considerar que est\u00e1 alineada con los principios de <strong>la Cuarta Transformaci\u00f3n.\u00a0<\/strong><\/p>\n<p>El legislador se\u00f1al\u00f3 que aunque existe un compromiso de acompa\u00f1ar la iniciativa, primero deber\u00e1 <strong>conocerse<\/strong> <strong>el<\/strong> <strong>contenido<\/strong> completo del proyecto para analizarlo a fondo dentro del <strong>grupo parlamentario.\u00a0<\/strong><\/p>\n<aside class=\"htmlinline\"\/>\n<p class=\"image-align-center\"><img loading=\"lazy\" decoding=\"async\" alt=\"\" height=\"400\" src=\"https:\/\/heraldodemexico.com.mx\/u\/fotografias\/m\/2025\/12\/22\/f768x400-1224961_1268864_6219.jpg\" width=\"768\"\/><\/p>\n<h2>Morena abre debate interno antes de la votaci\u00f3n\u00a0<\/h2>\n<p><strong>Mier<\/strong> explic\u00f3 que el apoyo no es aprobar sin revisar el contenido, sino discutir cada punto de la propuesta una vez que llegue formalmente al <strong>Senado de la Rep\u00fablica<\/strong>. Aclar\u00f3 que este debate tambi\u00e9n contiene los puntos de vista de <strong>otras fuerzas pol\u00edticas.\u00a0<\/strong><\/p>\n<h2>Cambios en representaci\u00f3n y reducci\u00f3n de costos\u00a0<\/h2>\n<p>Entre los puntos que se han adelantado sobre la reforma est\u00e1n <strong>ajustes en la representaci\u00f3n proporcional, l\u00edmites en el n\u00famero de legisladores por partido y una reducci\u00f3n en el financiamiento a partidos pol\u00edticos y autoridades electorales. <\/strong>Morena sostiene que estos cambios buscan hacer m\u00e1s eficiente el <strong>sistema electoral <\/strong>y acercarlo m\u00e1s a la <strong>sociedad civil.<\/strong><\/p>\n<p class=\"image-align-center\"><img loading=\"lazy\" decoding=\"async\" alt=\"\" height=\"400\" src=\"https:\/\/heraldodemexico.com.mx\/u\/fotografias\/m\/2024\/7\/7\/f768x400-971529_1015432_5050.jpg\" width=\"768\"\/><\/p>\n<h2>La reforma genera expectativa pol\u00edtica\u00a0<\/h2>\n<p>El posicionamiento de <strong>Ignacio Mier <\/strong>se da en medio de una discusi\u00f3n nacional sobre los alcances de la<strong> reforma electoral <\/strong>y las posturas que asumir\u00e1n aliados como los partidos que se encuentran en la oposici\u00f3n. Con ello, <strong>Morena<\/strong> deja claro que respalda la iniciativa para definir el <strong>alcance final de los cambios.\u00a0<\/strong><\/p>\n<\/p><\/div>\n<\/p><\/div>\n<p><script>\n    !function(f,b,e,v,n,t,s)\n    {if(f.fbq)return;n=f.fbq=function(){n.callMethod?\n    n.callMethod.apply(n,arguments):n.queue.push(arguments)};\n    if(!f._fbq)f._fbq=n;n.push=n;n.loaded=!0;n.version='2.0';\n    n.queue=[];t=b.createElement(e);t.async=!0;\n    t.src=v;s=b.getElementsByTagName(e)[0];\n    s.parentNode.insertBefore(t,s)}(window, document,'script',\n    'https:\/\/connect.facebook.net\/en_US\/fbevents.js');\n    fbq('init', '237927003583820');\n    fbq('track', 'PageView');\n  <\/script><script>\n    !function(f,b,e,v,n,t,s)\n    {if(f.fbq)return;n=f.fbq=function(){n.callMethod?\n    n.callMethod.apply(n,arguments):n.queue.push(arguments)};\n    if(!f._fbq)f._fbq=n;n.push=n;n.loaded=!0;n.version='2.0';\n    n.queue=[];t=b.createElement(e);t.async=!0;\n    t.src=v;s=b.getElementsByTagName(e)[0];\n    s.parentNode.insertBefore(t,s)}(window, document,'script',\n    'https:\/\/connect.facebook.net\/en_US\/fbevents.js');\n    fbq('init', '802372280934901');\n    fbq('track', 'PageView');\n    <\/script><br \/>\n<br \/><\/p>\n","protected":false},"excerpt":{"rendered":"<p>El coordinador de Morena en el Senado, Ignacio Mier Velazco, asegur\u00f3 que su bancada respalda la reforma electoral impulsada por la presidenta Claudia Sheinbaum, al considerar que est\u00e1 alineada con los principios de la Cuarta Transformaci\u00f3n.\u00a0 El legislador se\u00f1al\u00f3 que aunque existe un compromiso de acompa\u00f1ar la iniciativa, primero deber\u00e1 conocerse el contenido completo del [&hellip;]<\/p>\n","protected":false},"author":2,"featured_media":3354,"comment_status":"","ping_status":"","sticky":false,"template":"","format":"standard","meta":{"footnotes":""},"categories":[2],"tags":[],"class_list":["post-3353","post","type-post","status-publish","format-standard","has-post-thumbnail","hentry","category-local"],"_links":{"self":[{"href":"https:\/\/conexion-mx.com\/index.php?rest_route=\/wp\/v2\/posts\/3353","targetHints":{"allow":["GET"]}}],"collection":[{"href":"https:\/\/conexion-mx.com\/index.php?rest_route=\/wp\/v2\/posts"}],"about":[{"href":"https:\/\/conexion-mx.com\/index.php?rest_route=\/wp\/v2\/types\/post"}],"author":[{"embeddable":true,"href":"https:\/\/conexion-mx.com\/index.php?rest_route=\/wp\/v2\/users\/2"}],"replies":[{"embeddable":true,"href":"https:\/\/conexion-mx.com\/index.php?rest_route=%2Fwp%2Fv2%2Fcomments&post=3353"}],"version-history":[{"count":0,"href":"https:\/\/conexion-mx.com\/index.php?rest_route=\/wp\/v2\/posts\/3353\/revisions"}],"wp:featuredmedia":[{"embeddable":true,"href":"https:\/\/conexion-mx.com\/index.php?rest_route=\/wp\/v2\/media\/3354"}],"wp:attachment":[{"href":"https:\/\/conexion-mx.com\/index.php?rest_route=%2Fwp%2Fv2%2Fmedia&parent=3353"}],"wp:term":[{"taxonomy":"category","embeddable":true,"href":"https:\/\/conexion-mx.com\/index.php?rest_route=%2Fwp%2Fv2%2Fcategories&post=3353"},{"taxonomy":"post_tag","embeddable":true,"href":"https:\/\/conexion-mx.com\/index.php?rest_route=%2Fwp%2Fv2%2Ftags&post=3353"}],"curies":[{"name":"wp","href":"https:\/\/api.w.org\/{rel}","templated":true}]}}