{"id":3355,"date":"2026-03-03T15:42:49","date_gmt":"2026-03-03T20:42:49","guid":{"rendered":"https:\/\/conexion-mx.com\/?p=3355"},"modified":"2026-03-03T15:42:49","modified_gmt":"2026-03-03T20:42:49","slug":"hay-romance-integrante-de-la-arrolladora-banda-el-limon-conquista-a-apio-quijano-con-serenata-video","status":"publish","type":"post","link":"https:\/\/conexion-mx.com\/?p=3355","title":{"rendered":"\u00bfHay romance? Integrante de La Arrolladora Banda El Lim\u00f3n \u00abconquista\u00bb a Apio Quijano con serenata | VIDEO"},"content":{"rendered":"<p> <br \/>\n<\/p>\n<div xmlns:default=\"https:\/\/www.w3.org\/2000\/svg\">\n<p>Sin duda alguna, uno de los cantantes favoritos de los \u00faltimos a\u00f1os es <strong>Apio Quijano<\/strong>, quien fue integrante de la banda de pop de la d\u00e9cada de los <strong>90\u2019s Kabah<\/strong> y que ahora ha conquistado los corazones de las nuevas generaciones con su podcast<strong> Pipiris Night <\/strong>en donde recientemente tuvo como invitados a una de las bandas m\u00e1s exitosas del regional mexicano: <strong>La Arrolladora Banda El Lim\u00f3n.<\/strong><\/p>\n<p>Y s\u00ed, como era de esperar, los j\u00f3venes integrante de la agrupaci\u00f3n liderada por <strong>Don Ren\u00e9 Camacho<\/strong> supieron ganarse el cari\u00f1o de Apio Quijano, pero en redes sociales ya circula un momento en el que uno de los integrantes de <strong>La Arrolladora Banda El Lim\u00f3n,<\/strong> hasta serenata y mucho coqueteo tuvo con el ex <strong>Kabah<\/strong>.<\/p>\n<aside class=\"htmlinline\"\/>\n<h2>\u00bfApio Quijano cay\u00f3 ante los encantos de integrante de La Arrolladora Banda El Lim\u00f3n?<\/h2>\n<p>Como lo mencionamos anteriormente, fue a trav\u00e9s de un video que ya circula en redes sociales, que es el adelanto de lo que veremos la noche de este martes en el estreno del cap\u00edtulo del podcast <strong>\u201cPipiris Night\u201d<\/strong> en donde <strong>La Arrolladora Banda El Lim\u00f3n<\/strong> est\u00e1 como invitada.<\/p>\n<p>Y es que, <strong>Salvador<\/strong> quien es uno de los m\u00fasicos de la banda logr\u00f3 que la mascota de <strong>Apio Quijano<\/strong> se encari\u00f1ara con \u00e9l, por lo que <strong>Esa\u00fal<\/strong>, uno de los vocalistas les hizo un comentario que lejos de causar incomodidad, encendi\u00f3 los coquetos entre <strong>Salvador y Apio.<\/strong><\/p>\n<blockquote>\n<p>\u201cYa te ganaste al becerro, ya es tuya la vaca\u201d, dijo Esa\u00fal a Salvador<\/p>\n<\/blockquote>\n<p>Este comentario no pas\u00f3 desapercibido y provoc\u00f3 las risas de todos, pero en especial la de Apio la cual evidentemente era de nervios, sin embargo el int\u00e9rprete de <strong>\u201cLa Calle de las sirenas\u201d<\/strong> sigui\u00f3 el juego y se acerc\u00f3 mucho a \u201c<strong>Chava<\/strong>\u201d como \u00e9l ya le dice de cari\u00f1o y hasta una propuesta le hizo:<\/p>\n<blockquote>\n<p>\u201c\u00bfDe aqu\u00ed a d\u00f3nde vamos, Chava?\u201d, le dijo Apio a Salvador mientras que \u00e9ste lo abraz\u00f3<\/p>\n<\/blockquote>\n<p>Pero no todo acab\u00f3 ah\u00ed, pues lleg\u00f3 el momento de la m\u00fasica y \u00bfqu\u00e9 mejor opci\u00f3n de interpretar un tema rom\u00e1ntico para amenizar el instante?, pues los integrantes de <strong>La Arrolladora Banda El Lim\u00f3n interpretaron \u201cAqu\u00ed hay para llevar\u201d<\/strong> en versi\u00f3n ac\u00fastica, pero <strong>Salvador<\/strong> no desaprovech\u00f3 el momento para cantarle el tema directamente a Apio, lo que provoc\u00f3 nerviosismo en el ex integrante de <strong>La Casa de los Famosos M\u00e9xico.<\/strong><\/p>\n<p>Cabe se\u00f1alar que todo esto y mucho m\u00e1s lo podr\u00e1s ver en el nuevo cap\u00edtulo del <strong>podcast<\/strong> antes mencionado el cual se estrena este martes a las<strong> 8:00 de la noche<\/strong> a trav\u00e9s de las redes sociales de <strong>Apio<\/strong>, pues cabe mencionar que todo se trat\u00f3 de una broma pues la buena relaci\u00f3n y qu\u00edmica que tuvieron los cantantes fue muy evidente.<\/p>\n<h2>\u00bfD\u00f3nde se va a presentar La Arrolladora Banda el Lim\u00f3n?<\/h2>\n<p>Las presentaciones m\u00e1s pr\u00f3ximas para disfrutar de la \u201c<strong>arrollaterapia<\/strong>\u201d ser\u00e1 el<strong> 01 de abril en el Palenque de Texcoco<\/strong>, sin embargo puedes estar al pendiente de las redes sociales de la banda liderada por <strong>Don Ren\u00e9 Camacho<\/strong> para saber en qu\u00e9 lugares llegar\u00e1 la agrupaci\u00f3n que ha conquistado corazones durante varias d\u00e9cadas.<\/p>\n<p>Tambi\u00e9n ya confirmaron su presencia en\u00a0 <strong>La Guelaguetza 2026<\/strong>, lo que encendi\u00f3 las redes sociales y es que este festival, que se celebra tradicionalmente en julio en <strong>Oaxaca<\/strong>, es uno de los encuentros culturales m\u00e1s importantes del pa\u00eds y re\u00fane m\u00fasica, danza y tradiciones de distintas regiones y<strong> La Arrolladora Banda el Lim\u00f3n<\/strong> llega el pr\u00f3ximo<strong> 23 de mayo.<\/strong><\/p>\n<p>\u00a0<\/p>\n<\/p><\/div>\n<p><script>\n    !function(f,b,e,v,n,t,s)\n    {if(f.fbq)return;n=f.fbq=function(){n.callMethod?\n    n.callMethod.apply(n,arguments):n.queue.push(arguments)};\n    if(!f._fbq)f._fbq=n;n.push=n;n.loaded=!0;n.version='2.0';\n    n.queue=[];t=b.createElement(e);t.async=!0;\n    t.src=v;s=b.getElementsByTagName(e)[0];\n    s.parentNode.insertBefore(t,s)}(window, document,'script',\n    'https:\/\/connect.facebook.net\/en_US\/fbevents.js');\n    fbq('init', '237927003583820');\n    fbq('track', 'PageView');\n  <\/script><script>\n    !function(f,b,e,v,n,t,s)\n    {if(f.fbq)return;n=f.fbq=function(){n.callMethod?\n    n.callMethod.apply(n,arguments):n.queue.push(arguments)};\n    if(!f._fbq)f._fbq=n;n.push=n;n.loaded=!0;n.version='2.0';\n    n.queue=[];t=b.createElement(e);t.async=!0;\n    t.src=v;s=b.getElementsByTagName(e)[0];\n    s.parentNode.insertBefore(t,s)}(window, document,'script',\n    'https:\/\/connect.facebook.net\/en_US\/fbevents.js');\n    fbq('init', '775201487065840');\n    fbq('track', 'PageView');\n    <\/script><br \/>\n<br \/><\/p>\n","protected":false},"excerpt":{"rendered":"<p>Sin duda alguna, uno de los cantantes favoritos de los \u00faltimos a\u00f1os es Apio Quijano, quien fue integrante de la banda de pop de la d\u00e9cada de los 90\u2019s Kabah y que ahora ha conquistado los corazones de las nuevas generaciones con su podcast Pipiris Night en donde recientemente tuvo como invitados a una de [&hellip;]<\/p>\n","protected":false},"author":3,"featured_media":3356,"comment_status":"","ping_status":"","sticky":false,"template":"","format":"standard","meta":{"footnotes":""},"categories":[35],"tags":[],"class_list":["post-3355","post","type-post","status-publish","format-standard","has-post-thumbnail","hentry","category-espectaculos"],"_links":{"self":[{"href":"https:\/\/conexion-mx.com\/index.php?rest_route=\/wp\/v2\/posts\/3355","targetHints":{"allow":["GET"]}}],"collection":[{"href":"https:\/\/conexion-mx.com\/index.php?rest_route=\/wp\/v2\/posts"}],"about":[{"href":"https:\/\/conexion-mx.com\/index.php?rest_route=\/wp\/v2\/types\/post"}],"author":[{"embeddable":true,"href":"https:\/\/conexion-mx.com\/index.php?rest_route=\/wp\/v2\/users\/3"}],"replies":[{"embeddable":true,"href":"https:\/\/conexion-mx.com\/index.php?rest_route=%2Fwp%2Fv2%2Fcomments&post=3355"}],"version-history":[{"count":0,"href":"https:\/\/conexion-mx.com\/index.php?rest_route=\/wp\/v2\/posts\/3355\/revisions"}],"wp:featuredmedia":[{"embeddable":true,"href":"https:\/\/conexion-mx.com\/index.php?rest_route=\/wp\/v2\/media\/3356"}],"wp:attachment":[{"href":"https:\/\/conexion-mx.com\/index.php?rest_route=%2Fwp%2Fv2%2Fmedia&parent=3355"}],"wp:term":[{"taxonomy":"category","embeddable":true,"href":"https:\/\/conexion-mx.com\/index.php?rest_route=%2Fwp%2Fv2%2Fcategories&post=3355"},{"taxonomy":"post_tag","embeddable":true,"href":"https:\/\/conexion-mx.com\/index.php?rest_route=%2Fwp%2Fv2%2Ftags&post=3355"}],"curies":[{"name":"wp","href":"https:\/\/api.w.org\/{rel}","templated":true}]}}