{"id":3369,"date":"2026-03-04T19:26:38","date_gmt":"2026-03-05T00:26:38","guid":{"rendered":"https:\/\/conexion-mx.com\/?p=3369"},"modified":"2026-03-04T19:26:38","modified_gmt":"2026-03-05T00:26:38","slug":"hermana-de-enrique-iglesias-queda-atrapada-en-catar-por-bombardeos-entre-iran-israel-y-estados-unidos","status":"publish","type":"post","link":"https:\/\/conexion-mx.com\/?p=3369","title":{"rendered":"Hermana de Enrique Iglesias queda atrapada en Catar por bombardeos entre Ir\u00e1n, Israel y Estados Unidos"},"content":{"rendered":"<p> <br \/>\n<\/p>\n<div xmlns:default=\"https:\/\/www.w3.org\/2000\/svg\" itemprop=\"articleBody\">\n<div class=\"txt_contenido\">\n<p>Influencers y figuras del espect\u00e1culo han sido testigos del conflicto armado en Medio Oriente debido a que quedaron atrapados por los <strong>bombardeos<\/strong> que provocaron el cierre del espacio a\u00e9reo. Tal y como ocurre con<strong> Ana Boyer<\/strong>, hermana del cantante <strong>Enrique Iglesias<\/strong>, que se permanece\u00a0en <strong>Catar<\/strong> viviendo momentos de angustia, adem\u00e1s de que se encuentra en la recta final de su <strong>embarazo<\/strong>.<\/p>\n<p>A trav\u00e9s de redes sociales algunas personalidades han documentado lo ocurrido en pa\u00edses del Medio Oriente en los que se existe un ambiente de tensi\u00f3n debido a los <strong>bombardeos<\/strong> entre Estados Unidos, Israel e <strong>Ir\u00e1n<\/strong> por los que se han visto afectadas entidades cercanas. Entre \u00e9stas Catar, donde se encuentra Ana Boyer junto a su esposo, el extenista Fernando Verdasco, y sus hijos en espera de poder viajar de nuevo a <strong>Espa\u00f1a<\/strong>.\u00a0<\/p>\n<aside class=\"htmlinline\"\/>\n<h2>\u00bfCu\u00e1l es el estado de salud de Ana Boyer, hermana de Enrique Iglesias?\u00a0<\/h2>\n<p>Desde 2016 la hermana de Enrique Iglesias se estableci\u00f3 en Catar, espec\u00edficamente en la ciudad de <strong>Doha<\/strong>. Ante esto, creci\u00f3 la preocupaci\u00f3n de fan\u00e1ticos debido al <strong>conflicto armado <\/strong>que se desat\u00f3 el pasado fin de semana cuando Estados Unidos e Israel lanzaron el primer ataque contra Ir\u00e1n provocando que \u00e9ste \u00faltimo respondiera con ataques contra bases israel\u00edes y estadounidenses en la regi\u00f3n.<\/p>\n<aside class=\"relacionadas con-foto linea-1078\"><strong class=\"relacionadas-titulo-gral\">Noticias Relacionadas<\/strong><\/aside>\n<p>Ante los bombardeos en la regi\u00f3n afectaron los vuelos en todo <strong>Medio Oriente<\/strong>, motivo por el que se cancelaron las operaciones en el <strong>aeropuerto de Doha<\/strong> provocando que Ana Boyer no pudiera viajar a <strong>Espa\u00f1a<\/strong> con su familia para alejarse del conflicto. A trav\u00e9s de sus historias en Instagram la influencer public\u00f3 un mensaje en el que se\u00f1ala que se encuentran a salvo: \u201cEstamos bien y con la esperanza de que esto termine pronto\u201d.<\/p>\n<h2>M\u00e1s del conflicto armado entre EU, Israel e Ir\u00e1n<\/h2>\n<p>El pasado fin de semana, <strong>Estados Unidos<\/strong> e Israel atacaron a Ir\u00e1n en operaciones coordinadas en las que mataron al <strong>l\u00edder supremo<\/strong>, el ayatol\u00e1 Ali Jamenei, y a decenas de otras<strong> figuras de alto rango<\/strong>. Esto tambi\u00e9n desencaden\u00f3 una fuerte respuesta de Ir\u00e1n que convirti\u00f3 la disputa en una guerra regional m\u00e1s extensa, se\u00f1ala AP.<\/p>\n<p>El presidente de Estados Unidos,\u00a0<strong>Donald Trump,<\/strong> afirm\u00f3 que la campa\u00f1a podr\u00eda durar varias semanas. Los ataques se produjeron dos d\u00edas despu\u00e9s de las m\u00e1s recientes conversaciones entre Estados Unidos e Ir\u00e1n, destinadas a imponer controles al programa nuclear de Teher\u00e1n.\u00a0<\/p>\n<p>\u00a0<\/p>\n<\/p><\/div>\n<\/p><\/div>\n<p><script>\n    !function(f,b,e,v,n,t,s)\n    {if(f.fbq)return;n=f.fbq=function(){n.callMethod?\n    n.callMethod.apply(n,arguments):n.queue.push(arguments)};\n    if(!f._fbq)f._fbq=n;n.push=n;n.loaded=!0;n.version='2.0';\n    n.queue=[];t=b.createElement(e);t.async=!0;\n    t.src=v;s=b.getElementsByTagName(e)[0];\n    s.parentNode.insertBefore(t,s)}(window, document,'script',\n    'https:\/\/connect.facebook.net\/en_US\/fbevents.js');\n    fbq('init', '237927003583820');\n    fbq('track', 'PageView');\n  <\/script><script>\n    !function(f,b,e,v,n,t,s)\n    {if(f.fbq)return;n=f.fbq=function(){n.callMethod?\n    n.callMethod.apply(n,arguments):n.queue.push(arguments)};\n    if(!f._fbq)f._fbq=n;n.push=n;n.loaded=!0;n.version='2.0';\n    n.queue=[];t=b.createElement(e);t.async=!0;\n    t.src=v;s=b.getElementsByTagName(e)[0];\n    s.parentNode.insertBefore(t,s)}(window, document,'script',\n    'https:\/\/connect.facebook.net\/en_US\/fbevents.js');\n    fbq('init', '775201487065840');\n    fbq('track', 'PageView');\n    <\/script><br \/>\n<br \/><\/p>\n","protected":false},"excerpt":{"rendered":"<p>Influencers y figuras del espect\u00e1culo han sido testigos del conflicto armado en Medio Oriente debido a que quedaron atrapados por los bombardeos que provocaron el cierre del espacio a\u00e9reo. Tal y como ocurre con Ana Boyer, hermana del cantante Enrique Iglesias, que se permanece\u00a0en Catar viviendo momentos de angustia, adem\u00e1s de que se encuentra en [&hellip;]<\/p>\n","protected":false},"author":3,"featured_media":3370,"comment_status":"","ping_status":"","sticky":false,"template":"","format":"standard","meta":{"footnotes":""},"categories":[35],"tags":[],"class_list":["post-3369","post","type-post","status-publish","format-standard","has-post-thumbnail","hentry","category-espectaculos"],"_links":{"self":[{"href":"https:\/\/conexion-mx.com\/index.php?rest_route=\/wp\/v2\/posts\/3369","targetHints":{"allow":["GET"]}}],"collection":[{"href":"https:\/\/conexion-mx.com\/index.php?rest_route=\/wp\/v2\/posts"}],"about":[{"href":"https:\/\/conexion-mx.com\/index.php?rest_route=\/wp\/v2\/types\/post"}],"author":[{"embeddable":true,"href":"https:\/\/conexion-mx.com\/index.php?rest_route=\/wp\/v2\/users\/3"}],"replies":[{"embeddable":true,"href":"https:\/\/conexion-mx.com\/index.php?rest_route=%2Fwp%2Fv2%2Fcomments&post=3369"}],"version-history":[{"count":0,"href":"https:\/\/conexion-mx.com\/index.php?rest_route=\/wp\/v2\/posts\/3369\/revisions"}],"wp:featuredmedia":[{"embeddable":true,"href":"https:\/\/conexion-mx.com\/index.php?rest_route=\/wp\/v2\/media\/3370"}],"wp:attachment":[{"href":"https:\/\/conexion-mx.com\/index.php?rest_route=%2Fwp%2Fv2%2Fmedia&parent=3369"}],"wp:term":[{"taxonomy":"category","embeddable":true,"href":"https:\/\/conexion-mx.com\/index.php?rest_route=%2Fwp%2Fv2%2Fcategories&post=3369"},{"taxonomy":"post_tag","embeddable":true,"href":"https:\/\/conexion-mx.com\/index.php?rest_route=%2Fwp%2Fv2%2Ftags&post=3369"}],"curies":[{"name":"wp","href":"https:\/\/api.w.org\/{rel}","templated":true}]}}