{"id":3371,"date":"2026-03-04T22:46:10","date_gmt":"2026-03-05T03:46:10","guid":{"rendered":"https:\/\/conexion-mx.com\/?p=3371"},"modified":"2026-03-04T22:46:10","modified_gmt":"2026-03-05T03:46:10","slug":"buzo-extranjero-sufre-emergencia-bajo-el-agua-en-bcs-y-es-rescatado-por-la-secretaria-de-marina","status":"publish","type":"post","link":"https:\/\/conexion-mx.com\/?p=3371","title":{"rendered":"Buzo extranjero sufre emergencia bajo el agua en BCS y es rescatado por la Secretar\u00eda de Marina"},"content":{"rendered":"<p> <br \/>\n<\/p>\n<div>\n<p>Personal de la <strong>Secretar\u00eda de Marina &#8211; Armada de M\u00e9xico<\/strong> (Marina), actuando como <strong>Guardia Costera<\/strong> a trav\u00e9s de la <strong>Estaci\u00f3n Naval de B\u00fasqueda, Rescate y Vigilancia Mar\u00edtima<\/strong> (ENSAR) <strong>Los Cabos<\/strong>, llev\u00f3 a cabo el rescate de un buzo que present\u00f3 s\u00edntomas compatibles con un probable \u201c<strong>Colapso Pulmonar<\/strong>\u201d mientras realizaba actividades subacu\u00e1ticas.<\/p>\n<p>De acuerdo con la informaci\u00f3n oficial, los hechos ocurrieron\u00a0 cerca del <strong>Arco de la Bah\u00eda de Cabo San Lucas, Baja California Sur<\/strong>; la operaci\u00f3n de rescate se activ\u00f3 inmediatamente tras recibir el reporte de emergencia, siguiendo los protocolos de atenci\u00f3n y evacuaci\u00f3n m\u00e9dica.\u00a0<\/p>\n<aside class=\"htmlinline\"\/>\n<p>Una embarcaci\u00f3n tipo \u201cDefender\u201d zarp\u00f3 con personal especializado de \u201c<strong>Sanidad Naval<\/strong>\u201d (m\u00e9dicos Navales) a bordo para brindar auxilio oportuno, al llegar al sitio, los elementos navales proporcionaron los primeros auxilios al paciente, un hombre de 55 a\u00f1os de nacionalidad alemana, logrando estabilizarlo. Posteriormente, fue trasladado al muelle del <strong>Mando Naval.\u00a0<\/strong><\/p>\n<aside class=\"relacionadas con-foto linea-1078\"><strong class=\"relacionadas-titulo-gral\">Noticias Relacionadas<\/strong><\/aside>\n<h2>Buzo con pulm\u00f3n colapsado es hospitalizado\u00a0<\/h2>\n<p>All\u00ed, fue recibido por param\u00e9dicos que lo condujeron en una ambulancia de servicio particular a una unidad hospitalaria de la localidad para recibir atenci\u00f3n especializada, con esta acci\u00f3n, la <strong>Secretar\u00eda de Marina<\/strong>, a trav\u00e9s de la<strong> Armada de M\u00e9xico<\/strong> en funciones de <strong>Guardia Costera<\/strong>, reafirma su compromiso de salvaguardar la vida humana en el mar y ofrecer atenci\u00f3n r\u00e1pida ante emergencias en el \u00e1mbito marino.<\/p>\n<figure class=\"image\"><img loading=\"lazy\" decoding=\"async\" alt=\"\" height=\"360\" src=\"https:\/\/heraldodemexico.com.mx\/u\/fotografias\/m\/2026\/3\/4\/f768x1-1254427_1254554_5050.png\" width=\"768\"\/><figcaption>Cr\u00e9ditos: Especial<\/figcaption><\/figure>\n<p>Para reportar emergencias en el mar, el <strong>Sector Naval de Cabo San Lucas<\/strong> pone a disposici\u00f3n de la ciudadan\u00eda el n\u00famero telef\u00f3nico: 624-177-0477. La<strong> Secretar\u00eda de Marin<\/strong>a tambi\u00e9n facilita el n\u00famero de contacto general: 800 627 4621 (800 MARINA 1).<\/p>\n<h2>\u00bfQu\u00e9 es un pulm\u00f3n colapsado y por qu\u00e9 pasa?<\/h2>\n<p>Se conoce como<strong> pulm\u00f3n colapsado <\/strong>(neumot\u00f3rax), a lo que pasa cuando entra aire en el espacio entre el pulm\u00f3n y la pared del pecho, ejerciendo presi\u00f3n sobre el pulm\u00f3n e impide que se expanda correctamente al respirar, lo que provoca que el pulm\u00f3n se contraiga parcial o totalmente.\u00a0<\/p>\n<figure class=\"image\"><img loading=\"lazy\" decoding=\"async\" alt=\"\" height=\"432\" src=\"https:\/\/heraldodemexico.com.mx\/u\/fotografias\/m\/2021\/11\/18\/f768x1-446094_446221_5050.png\" width=\"768\"\/><figcaption>Cr\u00e9ditos: Archivo El Heraldo de M\u00e9xico<\/figcaption><\/figure>\n<p>Puede ocurrir por traumatismos o accidentes, actividades que implican cambios de presi\u00f3n, com\u00fan en buceo o alpinismo, porque los cambios de presi\u00f3n pueden afectar los pulmones. Enfermedades pulmonares y personas con padecimientos como Enfermedad Pulmonar Obstructiva Cr\u00f3nica, tuberculosis o infecciones pulmonares tienen mayor riesgo.<\/p>\n<p>LA<\/p>\n<\/p><\/div>\n<p><script>\n    !function(f,b,e,v,n,t,s)\n    {if(f.fbq)return;n=f.fbq=function(){n.callMethod?\n    n.callMethod.apply(n,arguments):n.queue.push(arguments)};\n    if(!f._fbq)f._fbq=n;n.push=n;n.loaded=!0;n.version='2.0';\n    n.queue=[];t=b.createElement(e);t.async=!0;\n    t.src=v;s=b.getElementsByTagName(e)[0];\n    s.parentNode.insertBefore(t,s)}(window, document,'script',\n    'https:\/\/connect.facebook.net\/en_US\/fbevents.js');\n    fbq('init', '237927003583820');\n    fbq('track', 'PageView');\n  <\/script><script>\n    !function(f,b,e,v,n,t,s)\n    {if(f.fbq)return;n=f.fbq=function(){n.callMethod?\n    n.callMethod.apply(n,arguments):n.queue.push(arguments)};\n    if(!f._fbq)f._fbq=n;n.push=n;n.loaded=!0;n.version='2.0';\n    n.queue=[];t=b.createElement(e);t.async=!0;\n    t.src=v;s=b.getElementsByTagName(e)[0];\n    s.parentNode.insertBefore(t,s)}(window, document,'script',\n    'https:\/\/connect.facebook.net\/en_US\/fbevents.js');\n    fbq('init', '802372280934901');\n    fbq('track', 'PageView');\n    <\/script><br \/>\n<br \/><\/p>\n","protected":false},"excerpt":{"rendered":"<p>Personal de la Secretar\u00eda de Marina &#8211; Armada de M\u00e9xico (Marina), actuando como Guardia Costera a trav\u00e9s de la Estaci\u00f3n Naval de B\u00fasqueda, Rescate y Vigilancia Mar\u00edtima (ENSAR) Los Cabos, llev\u00f3 a cabo el rescate de un buzo que present\u00f3 s\u00edntomas compatibles con un probable \u201cColapso Pulmonar\u201d mientras realizaba actividades subacu\u00e1ticas. De acuerdo con la [&hellip;]<\/p>\n","protected":false},"author":2,"featured_media":3372,"comment_status":"","ping_status":"","sticky":false,"template":"","format":"standard","meta":{"footnotes":""},"categories":[2],"tags":[],"class_list":["post-3371","post","type-post","status-publish","format-standard","has-post-thumbnail","hentry","category-local"],"_links":{"self":[{"href":"https:\/\/conexion-mx.com\/index.php?rest_route=\/wp\/v2\/posts\/3371","targetHints":{"allow":["GET"]}}],"collection":[{"href":"https:\/\/conexion-mx.com\/index.php?rest_route=\/wp\/v2\/posts"}],"about":[{"href":"https:\/\/conexion-mx.com\/index.php?rest_route=\/wp\/v2\/types\/post"}],"author":[{"embeddable":true,"href":"https:\/\/conexion-mx.com\/index.php?rest_route=\/wp\/v2\/users\/2"}],"replies":[{"embeddable":true,"href":"https:\/\/conexion-mx.com\/index.php?rest_route=%2Fwp%2Fv2%2Fcomments&post=3371"}],"version-history":[{"count":0,"href":"https:\/\/conexion-mx.com\/index.php?rest_route=\/wp\/v2\/posts\/3371\/revisions"}],"wp:featuredmedia":[{"embeddable":true,"href":"https:\/\/conexion-mx.com\/index.php?rest_route=\/wp\/v2\/media\/3372"}],"wp:attachment":[{"href":"https:\/\/conexion-mx.com\/index.php?rest_route=%2Fwp%2Fv2%2Fmedia&parent=3371"}],"wp:term":[{"taxonomy":"category","embeddable":true,"href":"https:\/\/conexion-mx.com\/index.php?rest_route=%2Fwp%2Fv2%2Fcategories&post=3371"},{"taxonomy":"post_tag","embeddable":true,"href":"https:\/\/conexion-mx.com\/index.php?rest_route=%2Fwp%2Fv2%2Ftags&post=3371"}],"curies":[{"name":"wp","href":"https:\/\/api.w.org\/{rel}","templated":true}]}}