{"id":3377,"date":"2026-03-05T14:42:34","date_gmt":"2026-03-05T19:42:34","guid":{"rendered":"https:\/\/conexion-mx.com\/?p=3377"},"modified":"2026-03-05T14:42:34","modified_gmt":"2026-03-05T19:42:34","slug":"ensenan-a-emprender-desde-el-arte","status":"publish","type":"post","link":"https:\/\/conexion-mx.com\/?p=3377","title":{"rendered":"Ense\u00f1an a emprender desde el arte"},"content":{"rendered":"<p> <br \/>\n<\/p>\n<div>\n<p>En M\u00e9xico a\u00fan existe resistencia a la idea de capitalizar el trabajo creativo. \u201cLo que sucede es que al ser una iniciativa tan personal de expresi\u00f3n art\u00edstica, est\u00e9tica, no hay realmente una conciencia o una necesidad inicial de que eso genera un valor econ\u00f3mico\u201d, dice<strong> \u00c1lvaro Hegewisch<\/strong>, director del <strong>programa \u00cdcaro.\u00a0<\/strong><\/p>\n<p>Creado en 2024, por iniciativa de<strong> Arte &amp; Cultura del Centro Ricardo B. Salinas Pliego y Banco Azteca<\/strong>, el programa es la primera plataforma integral en el pa\u00eds, dedicada a la incubaci\u00f3n empresarial de emprendimientos en las industrias culturales y creativas.\u00a0<\/p>\n<aside class=\"htmlinline\"\/>\n<p>En dos a\u00f1os, ha atendido al menos 50 emprendimientos, sobre todo relacionados con artes pl\u00e1sticas y dise\u00f1o, pero en su tercera convocatoria (abierta a todo el p\u00fablico hasta el 16 de abril a trav\u00e9s del sitio\u00a0icaroremprende.org), quiere ampliar sus alcances a disciplinas como la m\u00fasica, el teatro, la danza y cualquier otra actividad creativa.\u00a0<\/p>\n<p>Otro obst\u00e1culo que enfrentan los creadores a la hora de capitalizarse es la tradici\u00f3n que existe:<\/p>\n<p>\u201cEl tema se ha orientado sobre todo al financiamiento del Estado para procurar el desarrollo art\u00edstico y no se ve claro c\u00f3mo puede generar ese creador y volverse un emprendedor y a la hora de empezar buscar sostenimiento de su producci\u00f3n\u2019. El artista, regularmente buscar\u00e1 apoyos o becas institucionales que siempre resultan finitos.\u00a0<\/p>\n<p>La din\u00e1mica \u201cno genera un c\u00edrculo virtuoso en el negocio y a veces se pervierte, o se cree que se pervierte, al querer generar un valor econ\u00f3mico. En el programa creemos que no es as\u00ed, al contrario, podemos ver ejemplos muy claros como <strong>Francisco Toledo<\/strong>, que no ten\u00eda problema en vender sus m\u00e1scaras y hacer un dise\u00f1o y vender muchas y apoyar muchas otras cosas, el chiste es que te sostengas de eso\u201d, agrega Hegewisch.\u00a0<\/p>\n<p>\u00cdcaro 2026 seleccionar\u00e1 hasta 30 emprendimientos que recibir\u00e1n una beca integral de formaci\u00f3n con un valor estimado de 150 mil pesos. El programa contempla 182 horas de formaci\u00f3n en l\u00ednea sincr\u00f3nica, mentor\u00edas especializadas y sesiones presenciales estrat\u00e9gicas en la Universidad de la Libertad. La estructura acad\u00e9mica se articula en seis ejes: pensamiento estrat\u00e9gico, innovaci\u00f3n y creaci\u00f3n de valor, modelo de negocio y estrategia comercial, transformaci\u00f3n digital, finanzas y rentabilidad, as\u00ed como narrativa de marca y propiedad intelectual.\u00a0<\/p>\n<p>Entre los proyectos surgidos de la segunda convocatoria destacan\u00a0<strong>Bonifacia<\/strong>, dedicada a la fabricaci\u00f3n de l\u00e1mparas de vidrio reciclado de Jalisco, quien generar\u00e1 una nueva l\u00ednea de negocio con luminarias que se sincronizan con el ritmo card\u00edaco. Otra m\u00e1s es Marva, que busca generar un modelo de acompa\u00f1amiento y desarrollo econ\u00f3mico con localidades artesanales, que ya se practic\u00f3 en Michoac\u00e1n y el Estado de M\u00e9xico.\u00a0<\/p>\n<p>Hasta el momento, la iniciativa ha apoyado emprendimientos de la<strong> Ciudad de M\u00e9xico, Oaxaca, Puebla, Yucat\u00e1n, Veracruz, Quer\u00e9taro, Aguascalientes, Michoac\u00e1n, Nuevo Le\u00f3n, Jalisco y Edomex.\u00a0<\/strong><\/p>\n<p>\u00a0<\/p>\n<h2><strong>A DETALLE<\/strong><\/h2>\n<ul>\n<li>En\u00a0la presentaci\u00f3n de la convocatoria 2026 particip\u00f3 Sergio Vela, director de Arte &amp; Cultura del Centro Ricardo B. Salinas Pliego.\u00a0<\/li>\n<li>En el acto, los emprendedores presentaron sus proyectos ante profesionales.\u00a0<\/li>\n<li>Tambi\u00e9n asisti\u00f3 Andrea Cesarman, socia fundadora de M\u00e9xico Territorio Creativo\/Design Week M\u00e9xico.\u00a0<\/li>\n<\/ul>\n<p>\u00a0<\/p>\n<p>FOTO: CORTES\u00cdA<\/p>\n<p>MAAZ<\/p>\n<p>\u00a0<\/p>\n<\/p><\/div>\n<p><script>\n    !function(f,b,e,v,n,t,s)\n    {if(f.fbq)return;n=f.fbq=function(){n.callMethod?\n    n.callMethod.apply(n,arguments):n.queue.push(arguments)};\n    if(!f._fbq)f._fbq=n;n.push=n;n.loaded=!0;n.version='2.0';\n    n.queue=[];t=b.createElement(e);t.async=!0;\n    t.src=v;s=b.getElementsByTagName(e)[0];\n    s.parentNode.insertBefore(t,s)}(window, document,'script',\n    'https:\/\/connect.facebook.net\/en_US\/fbevents.js');\n    fbq('init', '237927003583820');\n    fbq('track', 'PageView');\n  <\/script><br \/>\n<br \/><\/p>\n","protected":false},"excerpt":{"rendered":"<p>En M\u00e9xico a\u00fan existe resistencia a la idea de capitalizar el trabajo creativo. \u201cLo que sucede es que al ser una iniciativa tan personal de expresi\u00f3n art\u00edstica, est\u00e9tica, no hay realmente una conciencia o una necesidad inicial de que eso genera un valor econ\u00f3mico\u201d, dice \u00c1lvaro Hegewisch, director del programa \u00cdcaro.\u00a0 Creado en 2024, por [&hellip;]<\/p>\n","protected":false},"author":4,"featured_media":3378,"comment_status":"","ping_status":"","sticky":false,"template":"","format":"standard","meta":{"footnotes":""},"categories":[33],"tags":[],"class_list":["post-3377","post","type-post","status-publish","format-standard","has-post-thumbnail","hentry","category-cultura"],"_links":{"self":[{"href":"https:\/\/conexion-mx.com\/index.php?rest_route=\/wp\/v2\/posts\/3377","targetHints":{"allow":["GET"]}}],"collection":[{"href":"https:\/\/conexion-mx.com\/index.php?rest_route=\/wp\/v2\/posts"}],"about":[{"href":"https:\/\/conexion-mx.com\/index.php?rest_route=\/wp\/v2\/types\/post"}],"author":[{"embeddable":true,"href":"https:\/\/conexion-mx.com\/index.php?rest_route=\/wp\/v2\/users\/4"}],"replies":[{"embeddable":true,"href":"https:\/\/conexion-mx.com\/index.php?rest_route=%2Fwp%2Fv2%2Fcomments&post=3377"}],"version-history":[{"count":0,"href":"https:\/\/conexion-mx.com\/index.php?rest_route=\/wp\/v2\/posts\/3377\/revisions"}],"wp:featuredmedia":[{"embeddable":true,"href":"https:\/\/conexion-mx.com\/index.php?rest_route=\/wp\/v2\/media\/3378"}],"wp:attachment":[{"href":"https:\/\/conexion-mx.com\/index.php?rest_route=%2Fwp%2Fv2%2Fmedia&parent=3377"}],"wp:term":[{"taxonomy":"category","embeddable":true,"href":"https:\/\/conexion-mx.com\/index.php?rest_route=%2Fwp%2Fv2%2Fcategories&post=3377"},{"taxonomy":"post_tag","embeddable":true,"href":"https:\/\/conexion-mx.com\/index.php?rest_route=%2Fwp%2Fv2%2Ftags&post=3377"}],"curies":[{"name":"wp","href":"https:\/\/api.w.org\/{rel}","templated":true}]}}