{"id":3383,"date":"2026-03-05T23:31:32","date_gmt":"2026-03-06T04:31:32","guid":{"rendered":"https:\/\/conexion-mx.com\/?p=3383"},"modified":"2026-03-05T23:31:32","modified_gmt":"2026-03-06T04:31:32","slug":"expertos-analizan-retos-del-sistema-penitenciario","status":"publish","type":"post","link":"https:\/\/conexion-mx.com\/?p=3383","title":{"rendered":"Expertos analizan retos del sistema penitenciario"},"content":{"rendered":"<p> <br \/>\n<\/p>\n<div itemprop=\"articleBody\">\n<div class=\"txt_contenido\">\n<p>Eunice Rend\u00f3n, coordinadora de la <strong>revista Bit\u00e1cora de Seguridad<\/strong> \u2013publicaci\u00f3n de Heraldo Media Group-, encabez\u00f3 este jueves la presentaci\u00f3n de la tercera edici\u00f3n de este trabajo editorial dedicado a los retos del sistema penitenciario.<\/p>\n<p>La presentaci\u00f3n se realiz\u00f3 en el Instituto de Investigaciones Jur\u00eddicas de la UNAM (IIJ) y participaron expertos en el tema como Ruth Villanueva, ex tercera visitadora de la <strong>Comisi\u00f3n Nacional de los Derechos Humanos<\/strong>; Yolanda\u00a0Rodr\u00edguez,\u00a0consejera del Interior de la Embajada de Espa\u00f1a en M\u00e9xico; Jos\u00e9 Antonio Caballero, investigador del IIJ y Lorena Cerecero, subdirectora en la Coordinaci\u00f3n de Ejecuci\u00f3n Penal y Reinserci\u00f3n Social en el \u00d3rgano Administrativo Desconcentrado de Prevenci\u00f3n y Reinserci\u00f3n Social.<\/p>\n<aside class=\"htmlinline\"\/>\n<p>La mesa fue moderada por Guillermo Estrada,<strong> investigador del IIJ <\/strong>de la\u00a0UNAM.<\/p>\n<aside class=\"relacionadas con-foto linea-1078\"><strong class=\"relacionadas-titulo-gral\">Noticias Relacionadas<\/strong><\/aside>\n<figure class=\"image\"><img loading=\"lazy\" decoding=\"async\" alt=\"\" height=\"512\" src=\"https:\/\/heraldodemexico.com.mx\/u\/fotografias\/m\/2026\/3\/5\/f768x1-1255003_1255130_5050.jpg\" width=\"768\"\/><figcaption>Foto: Azul Olvera<\/figcaption><\/figure>\n<p>Villanueva se\u00f1al\u00f3 que\u00a0el sistema penitenciario\u00a0es parte de\u00a0otro gran sistema que es el de justicia y este empieza con la prevenci\u00f3n social del delito.<\/p>\n<p>\u201c\u00bfCu\u00e1les son las causas? \u00bfPor qu\u00e9? \u00bfPor qu\u00e9 se comete un delito? Lo que es la procuraci\u00f3n de justicia, la administraci\u00f3n de justicia, la ejecuci\u00f3n, que es el sistema penitenciario y por \u00faltimo lo que es el sistema <strong>postliberacional<\/strong>, porque tambi\u00e9n ese es otro reto. \u00bfD\u00f3nde est\u00e1 esa segunda oportunidad que como sociedad siempre decimos\u201d, destac\u00f3.<\/p>\n<p>Adem\u00e1s, critic\u00f3 que el <strong>Complejo Penitenciario de Islas Mar\u00edas <\/strong>haya sido cerrado a pesar de que en el Diagn\u00f3stico Nacional de Supervisi\u00f3n Penitenciaria era el mejor calificado.<\/p>\n<figure class=\"image\"><img loading=\"lazy\" decoding=\"async\" alt=\"\" height=\"512\" src=\"https:\/\/heraldodemexico.com.mx\/u\/fotografias\/m\/2026\/3\/5\/f768x1-1255004_1255131_5050.jpg\" width=\"768\"\/><figcaption>Foto: Azul Olvera<\/figcaption><\/figure>\n<p>\u201cY resulta ser que de repente viene una ocurrencia de un pol\u00edtico que fue Presidente de la Rep\u00fablica y entonces cierra el penal mejor calificado de los \u00faltimos a\u00f1os y es cuando cierra Islas Mar\u00edas. Y sale en todos lados, \u2018se cerr\u00f3 Islas Mar\u00edas\u2019. \u2018Hay que cerrar una prisi\u00f3n y hay que abrir escuelas\u2019, eso est\u00e1 padr\u00edsimo. \u00bfQui\u00e9n no quiere cerrar prisiones y abrir escuelas? \u00bfPero cerrar la mejor?\u201d, cuestion\u00f3. Cerecero se\u00f1al\u00f3 la importancia de los textos de la revista Bit\u00e1cora de Seguridad, pues en algunos ya se est\u00e1 trabajando como autoridad penitenciaria, pero hay algunos temas que a\u00fan se deben explorar. \u201cY que siempre es muy muy fructuoso saber desde otras \u00e1reas, principalmente desde sociedad civil, aquello que muchas veces no se mira cuando uno ya lleva mucho tiempo en el sistema\u201d, destac\u00f3. Rend\u00f3n destac\u00f3 la experiencia en temas penitenciarios de los autores de los textos de la revista como Gustavo Adolfo Gonz\u00e1lez Buend\u00eda, director de la c\u00e1rcel de Canc\u00fan, en <strong>Quintana Roo.<\/strong><\/p>\n<\/p><\/div>\n<\/p><\/div>\n<p><script>\n    !function(f,b,e,v,n,t,s)\n    {if(f.fbq)return;n=f.fbq=function(){n.callMethod?\n    n.callMethod.apply(n,arguments):n.queue.push(arguments)};\n    if(!f._fbq)f._fbq=n;n.push=n;n.loaded=!0;n.version='2.0';\n    n.queue=[];t=b.createElement(e);t.async=!0;\n    t.src=v;s=b.getElementsByTagName(e)[0];\n    s.parentNode.insertBefore(t,s)}(window, document,'script',\n    'https:\/\/connect.facebook.net\/en_US\/fbevents.js');\n    fbq('init', '237927003583820');\n    fbq('track', 'PageView');\n  <\/script><script>\n    !function(f,b,e,v,n,t,s)\n    {if(f.fbq)return;n=f.fbq=function(){n.callMethod?\n    n.callMethod.apply(n,arguments):n.queue.push(arguments)};\n    if(!f._fbq)f._fbq=n;n.push=n;n.loaded=!0;n.version='2.0';\n    n.queue=[];t=b.createElement(e);t.async=!0;\n    t.src=v;s=b.getElementsByTagName(e)[0];\n    s.parentNode.insertBefore(t,s)}(window, document,'script',\n    'https:\/\/connect.facebook.net\/en_US\/fbevents.js');\n    fbq('init', '802372280934901');\n    fbq('track', 'PageView');\n    <\/script><br \/>\n<br \/><\/p>\n","protected":false},"excerpt":{"rendered":"<p>Eunice Rend\u00f3n, coordinadora de la revista Bit\u00e1cora de Seguridad \u2013publicaci\u00f3n de Heraldo Media Group-, encabez\u00f3 este jueves la presentaci\u00f3n de la tercera edici\u00f3n de este trabajo editorial dedicado a los retos del sistema penitenciario. La presentaci\u00f3n se realiz\u00f3 en el Instituto de Investigaciones Jur\u00eddicas de la UNAM (IIJ) y participaron expertos en el tema como [&hellip;]<\/p>\n","protected":false},"author":2,"featured_media":3384,"comment_status":"","ping_status":"","sticky":false,"template":"","format":"standard","meta":{"footnotes":""},"categories":[2],"tags":[],"class_list":["post-3383","post","type-post","status-publish","format-standard","has-post-thumbnail","hentry","category-local"],"_links":{"self":[{"href":"https:\/\/conexion-mx.com\/index.php?rest_route=\/wp\/v2\/posts\/3383","targetHints":{"allow":["GET"]}}],"collection":[{"href":"https:\/\/conexion-mx.com\/index.php?rest_route=\/wp\/v2\/posts"}],"about":[{"href":"https:\/\/conexion-mx.com\/index.php?rest_route=\/wp\/v2\/types\/post"}],"author":[{"embeddable":true,"href":"https:\/\/conexion-mx.com\/index.php?rest_route=\/wp\/v2\/users\/2"}],"replies":[{"embeddable":true,"href":"https:\/\/conexion-mx.com\/index.php?rest_route=%2Fwp%2Fv2%2Fcomments&post=3383"}],"version-history":[{"count":0,"href":"https:\/\/conexion-mx.com\/index.php?rest_route=\/wp\/v2\/posts\/3383\/revisions"}],"wp:featuredmedia":[{"embeddable":true,"href":"https:\/\/conexion-mx.com\/index.php?rest_route=\/wp\/v2\/media\/3384"}],"wp:attachment":[{"href":"https:\/\/conexion-mx.com\/index.php?rest_route=%2Fwp%2Fv2%2Fmedia&parent=3383"}],"wp:term":[{"taxonomy":"category","embeddable":true,"href":"https:\/\/conexion-mx.com\/index.php?rest_route=%2Fwp%2Fv2%2Fcategories&post=3383"},{"taxonomy":"post_tag","embeddable":true,"href":"https:\/\/conexion-mx.com\/index.php?rest_route=%2Fwp%2Fv2%2Ftags&post=3383"}],"curies":[{"name":"wp","href":"https:\/\/api.w.org\/{rel}","templated":true}]}}