{"id":3389,"date":"2026-03-07T00:00:11","date_gmt":"2026-03-07T05:00:11","guid":{"rendered":"https:\/\/conexion-mx.com\/?p=3389"},"modified":"2026-03-07T00:00:11","modified_gmt":"2026-03-07T05:00:11","slug":"cae-en-guanajuato-el-beto-operador-del-cartel-del-golfo","status":"publish","type":"post","link":"https:\/\/conexion-mx.com\/?p=3389","title":{"rendered":"Cae en Guanajuato \u00abEl Beto\u00bb, operador del C\u00e1rtel del Golfo"},"content":{"rendered":"<p> <br \/>\n<\/p>\n<div itemprop=\"articleBody\">\n<div class=\"txt_contenido\">\n<p>La noche de este viernes 6 de marzo se confirm\u00f3 la detenci\u00f3n de <strong>Roberto \u00abN\u00bb <\/strong>en el estado de Guanajuato, presunto operador del <strong>C\u00e1rtel del Golfo. <\/strong>La noticia fue confirmada a trav\u00e9s de las redes sociales del <strong>Servicio de Migraci\u00f3n y Control de Aduanas (ICE) de los Estados Unidos.\u00a0<\/strong><\/p>\n<p>Las autoridades estadounidenses revelaron\u00a0que el implicado que fue detenido en el municipio de Salamanca en el estado de Guanajuato, es acusado de traficar\u00a0<strong>coca\u00edna, metanfetamina y marihuana.<\/strong> Destacando que el operativo de captura participaron varias <strong>dependencias de seguridad.\u00a0<\/strong><\/p>\n<aside class=\"htmlinline\"\/>\n<blockquote><p>&#13;<\/p>\n<p>\u00abEl ciudadano mexicano Roberto \u201cBeto\u201d BAZAN-Salinas &#8212; , asociado con el C\u00e1rtel del Golfo y buscado por su papel en el contrabando de cargamentos de varios kilogramos de coca\u00edna, metanfetamina y marihuana a los EE. UU., fue arrestado por ICE HSI y sus socios ayer en Salamanca, Guanajuato, M\u00e9xico\u00bb, se lee en la publicaci\u00f3n de X<\/p>\n<p>&#13;\n<\/p><\/blockquote>\n<div class=\"image-align-center\">\n<figure class=\"image\"><img loading=\"lazy\" decoding=\"async\" alt=\"\" height=\"680\" src=\"https:\/\/heraldodemexico.com.mx\/u\/fotografias\/m\/2026\/2\/17\/f768x1-1247420_1247547_4565.jpeg\" width=\"1200\"\/>&#13;<figcaption>Las autoridades estadounidenses revelaron\u00a0que el implicado que fue detenido en el municipio de Salamanca en el estado de Guanajuato, es acusado de traficar\u00a0coca\u00edna, metanfetamina y marihuana.<br \/>&#13;<br \/>\nFoto: Especial<\/figcaption>&#13;<br \/>\n<\/figure>\n<\/div>\n<p>En la operaci\u00f3n participaron las <strong>oficinas de ICE:\u00a0HSI Monterrey, HSI Matamoros\u00a0y de Beaumont.<\/strong> Sumado a ello, la Fiscal\u00eda General de la Rep\u00fablica (FGR) y la Interpol coordinaron el arresto como parte de una investigaci\u00f3n en curso en contra del c\u00e1rtel denominado como Organizaci\u00f3n Terrorista Extranjera.<\/p>\n<p>ICE agradeci\u00f3 a \u00abotros socios\u00bb de la Administraci\u00f3n de Control de Drogas (DEA, por sus siglas en ingl\u00e9s), al Departamento de <strong>Polic\u00eda de Corpus Christi <\/strong>y el Departamento de Seguridad P\u00fablica de Texas.<\/p>\n<p>\u00a0<\/p>\n<\/p><\/div>\n<\/p><\/div>\n<p><script>\n    !function(f,b,e,v,n,t,s)\n    {if(f.fbq)return;n=f.fbq=function(){n.callMethod?\n    n.callMethod.apply(n,arguments):n.queue.push(arguments)};\n    if(!f._fbq)f._fbq=n;n.push=n;n.loaded=!0;n.version='2.0';\n    n.queue=[];t=b.createElement(e);t.async=!0;\n    t.src=v;s=b.getElementsByTagName(e)[0];\n    s.parentNode.insertBefore(t,s)}(window, document,'script',\n    'https:\/\/connect.facebook.net\/en_US\/fbevents.js');\n    fbq('init', '237927003583820');\n    fbq('track', 'PageView');\n  <\/script><script>\n    !function(f,b,e,v,n,t,s)\n    {if(f.fbq)return;n=f.fbq=function(){n.callMethod?\n    n.callMethod.apply(n,arguments):n.queue.push(arguments)};\n    if(!f._fbq)f._fbq=n;n.push=n;n.loaded=!0;n.version='2.0';\n    n.queue=[];t=b.createElement(e);t.async=!0;\n    t.src=v;s=b.getElementsByTagName(e)[0];\n    s.parentNode.insertBefore(t,s)}(window, document,'script',\n    'https:\/\/connect.facebook.net\/en_US\/fbevents.js');\n    fbq('init', '802372280934901');\n    fbq('track', 'PageView');\n    <\/script><br \/>\n<br \/><\/p>\n","protected":false},"excerpt":{"rendered":"<p>La noche de este viernes 6 de marzo se confirm\u00f3 la detenci\u00f3n de Roberto \u00abN\u00bb en el estado de Guanajuato, presunto operador del C\u00e1rtel del Golfo. La noticia fue confirmada a trav\u00e9s de las redes sociales del Servicio de Migraci\u00f3n y Control de Aduanas (ICE) de los Estados Unidos.\u00a0 Las autoridades estadounidenses revelaron\u00a0que el implicado [&hellip;]<\/p>\n","protected":false},"author":2,"featured_media":3390,"comment_status":"","ping_status":"","sticky":false,"template":"","format":"standard","meta":{"footnotes":""},"categories":[2],"tags":[],"class_list":["post-3389","post","type-post","status-publish","format-standard","has-post-thumbnail","hentry","category-local"],"_links":{"self":[{"href":"https:\/\/conexion-mx.com\/index.php?rest_route=\/wp\/v2\/posts\/3389","targetHints":{"allow":["GET"]}}],"collection":[{"href":"https:\/\/conexion-mx.com\/index.php?rest_route=\/wp\/v2\/posts"}],"about":[{"href":"https:\/\/conexion-mx.com\/index.php?rest_route=\/wp\/v2\/types\/post"}],"author":[{"embeddable":true,"href":"https:\/\/conexion-mx.com\/index.php?rest_route=\/wp\/v2\/users\/2"}],"replies":[{"embeddable":true,"href":"https:\/\/conexion-mx.com\/index.php?rest_route=%2Fwp%2Fv2%2Fcomments&post=3389"}],"version-history":[{"count":0,"href":"https:\/\/conexion-mx.com\/index.php?rest_route=\/wp\/v2\/posts\/3389\/revisions"}],"wp:featuredmedia":[{"embeddable":true,"href":"https:\/\/conexion-mx.com\/index.php?rest_route=\/wp\/v2\/media\/3390"}],"wp:attachment":[{"href":"https:\/\/conexion-mx.com\/index.php?rest_route=%2Fwp%2Fv2%2Fmedia&parent=3389"}],"wp:term":[{"taxonomy":"category","embeddable":true,"href":"https:\/\/conexion-mx.com\/index.php?rest_route=%2Fwp%2Fv2%2Fcategories&post=3389"},{"taxonomy":"post_tag","embeddable":true,"href":"https:\/\/conexion-mx.com\/index.php?rest_route=%2Fwp%2Fv2%2Ftags&post=3389"}],"curies":[{"name":"wp","href":"https:\/\/api.w.org\/{rel}","templated":true}]}}