{"id":3391,"date":"2026-03-07T01:29:13","date_gmt":"2026-03-07T06:29:13","guid":{"rendered":"https:\/\/conexion-mx.com\/?p=3391"},"modified":"2026-03-07T01:29:13","modified_gmt":"2026-03-07T06:29:13","slug":"dulce-maria-confirma-su-hermosura-y-su-pancita-de-embarazo-en-la-ultima-etapa","status":"publish","type":"post","link":"https:\/\/conexion-mx.com\/?p=3391","title":{"rendered":"Dulce Mar\u00eda confirma su hermosura y su pancita de embarazo en la \u00faltima etapa"},"content":{"rendered":"<p> <br \/>\n<\/p>\n<div itemprop=\"articleBody\">\n<div class=\"txt_contenido\">\n<p>Dulce Mar\u00eda\u00a0arranca el 2026 con el &#8216;pie derecho&#8217;, celebrando una etapa de plenitud tanto en lo personal como en lo profesional, marcada por\u00a0la espera de <strong>su segundo hijo\u00a0junto a\u00a0Paco \u00c1lvarez<\/strong>. La recta final del a\u00f1o pasado fue uno de emociones, entre momentos familiares y alegr\u00edas personales, como\u00a0la celebraci\u00f3n de sus 40 a\u00f1os de vida.<\/p>\n<p>Si bien su segundo embarazo la ha llevado a poner algunos sue\u00f1os en pausa,<strong> Dulce Mar\u00eda <\/strong>no ha dejado de hacer m\u00fasica. Hace meses la cantante estren\u00f3\u00a0Jaula de Oro, canci\u00f3n que forma parte de esta nueva etapa en su carrera art\u00edstica.\u00a0<\/p>\n<aside class=\"htmlinline\"\/>\n<h2>Dulce Mar\u00eda no posterga sus planes<\/h2>\n<p>Mientras vive los \u00faltimos meses con su pancita,<strong> Dulce Mar\u00eda<\/strong> ha continuado con sus proyectos musicales, y deja ver que, no por el hecho de ser madre y esposa, dejar\u00e1 en cerrado el caj\u00f3n de los sue\u00f1os, sino que esto es un impulso para seguir trabajando con un ritmo diferente y al mismo tiempo mostrarse transparente y sincera sobre los desaf\u00edos que implica la maternidad.\u00a0<\/p>\n<p>Con nueva m\u00fasica, muchos sue\u00f1os por cumplir y un beb\u00e9 en camino que llegar\u00e1 a completar su plenitud familia, <strong>Dulce Mar\u00eda<\/strong> reafirma que el arte sigue siendo la piedra angular en su camino.<\/p>\n<figure class=\"image\"><img loading=\"lazy\" decoding=\"async\" alt=\"\" height=\"1382\" src=\"https:\/\/heraldodemexico.com.mx\/u\/fotografias\/m\/2026\/3\/6\/f768x1-1255216_1255343_5050.jpg\" width=\"768\"\/>&#13;<figcaption>La cantante anunci\u00f3 su segundo embarazo. Fuente: El Heraldo de M\u00e9xico<br \/>&#13;<br \/>\n\u00a0<\/figcaption>&#13;<br \/>\n<\/figure>\n<p><strong>SIGUE LEYENDO:\u00a0<\/strong><\/p>\n<p>Cu\u00e1nto mide realmente la cajera de Oxxo m\u00e1s bella de M\u00e9xico<\/p>\n<p>Yanet Garc\u00eda reacciona al look total black de Megan Fox: \u201cTodo es m\u00e1s bello porque estamos condenados\u201d<\/p>\n<\/p><\/div>\n<\/p><\/div>\n<p><script>\n    !function(f,b,e,v,n,t,s)\n    {if(f.fbq)return;n=f.fbq=function(){n.callMethod?\n    n.callMethod.apply(n,arguments):n.queue.push(arguments)};\n    if(!f._fbq)f._fbq=n;n.push=n;n.loaded=!0;n.version='2.0';\n    n.queue=[];t=b.createElement(e);t.async=!0;\n    t.src=v;s=b.getElementsByTagName(e)[0];\n    s.parentNode.insertBefore(t,s)}(window, document,'script',\n    'https:\/\/connect.facebook.net\/en_US\/fbevents.js');\n    fbq('init', '237927003583820');\n    fbq('track', 'PageView');\n  <\/script><script>\n    !function(f,b,e,v,n,t,s)\n    {if(f.fbq)return;n=f.fbq=function(){n.callMethod?\n    n.callMethod.apply(n,arguments):n.queue.push(arguments)};\n    if(!f._fbq)f._fbq=n;n.push=n;n.loaded=!0;n.version='2.0';\n    n.queue=[];t=b.createElement(e);t.async=!0;\n    t.src=v;s=b.getElementsByTagName(e)[0];\n    s.parentNode.insertBefore(t,s)}(window, document,'script',\n    'https:\/\/connect.facebook.net\/en_US\/fbevents.js');\n    fbq('init', '775201487065840');\n    fbq('track', 'PageView');\n    <\/script><script async defer src=\"https:\/\/platform.instagram.com\/en_US\/embeds.js\"><\/script><br \/>\n<br \/><\/p>\n","protected":false},"excerpt":{"rendered":"<p>Dulce Mar\u00eda\u00a0arranca el 2026 con el &#8216;pie derecho&#8217;, celebrando una etapa de plenitud tanto en lo personal como en lo profesional, marcada por\u00a0la espera de su segundo hijo\u00a0junto a\u00a0Paco \u00c1lvarez. La recta final del a\u00f1o pasado fue uno de emociones, entre momentos familiares y alegr\u00edas personales, como\u00a0la celebraci\u00f3n de sus 40 a\u00f1os de vida. Si [&hellip;]<\/p>\n","protected":false},"author":3,"featured_media":3392,"comment_status":"","ping_status":"","sticky":false,"template":"","format":"standard","meta":{"footnotes":""},"categories":[35],"tags":[],"class_list":["post-3391","post","type-post","status-publish","format-standard","has-post-thumbnail","hentry","category-espectaculos"],"_links":{"self":[{"href":"https:\/\/conexion-mx.com\/index.php?rest_route=\/wp\/v2\/posts\/3391","targetHints":{"allow":["GET"]}}],"collection":[{"href":"https:\/\/conexion-mx.com\/index.php?rest_route=\/wp\/v2\/posts"}],"about":[{"href":"https:\/\/conexion-mx.com\/index.php?rest_route=\/wp\/v2\/types\/post"}],"author":[{"embeddable":true,"href":"https:\/\/conexion-mx.com\/index.php?rest_route=\/wp\/v2\/users\/3"}],"replies":[{"embeddable":true,"href":"https:\/\/conexion-mx.com\/index.php?rest_route=%2Fwp%2Fv2%2Fcomments&post=3391"}],"version-history":[{"count":0,"href":"https:\/\/conexion-mx.com\/index.php?rest_route=\/wp\/v2\/posts\/3391\/revisions"}],"wp:featuredmedia":[{"embeddable":true,"href":"https:\/\/conexion-mx.com\/index.php?rest_route=\/wp\/v2\/media\/3392"}],"wp:attachment":[{"href":"https:\/\/conexion-mx.com\/index.php?rest_route=%2Fwp%2Fv2%2Fmedia&parent=3391"}],"wp:term":[{"taxonomy":"category","embeddable":true,"href":"https:\/\/conexion-mx.com\/index.php?rest_route=%2Fwp%2Fv2%2Fcategories&post=3391"},{"taxonomy":"post_tag","embeddable":true,"href":"https:\/\/conexion-mx.com\/index.php?rest_route=%2Fwp%2Fv2%2Ftags&post=3391"}],"curies":[{"name":"wp","href":"https:\/\/api.w.org\/{rel}","templated":true}]}}