{"id":3395,"date":"2026-03-07T03:48:45","date_gmt":"2026-03-07T08:48:45","guid":{"rendered":"https:\/\/conexion-mx.com\/?p=3395"},"modified":"2026-03-07T03:48:45","modified_gmt":"2026-03-07T08:48:45","slug":"llega-la-revolucion-diamantina-al-palacio-de-bellas-artes-el-4-y-5-de-julio","status":"publish","type":"post","link":"https:\/\/conexion-mx.com\/?p=3395","title":{"rendered":"Llega la \u00abRevoluci\u00f3n Diamantina\u00bb al Palacio de Bellas Artes el 4 y 5 de julio"},"content":{"rendered":"<p> <br \/>\n<\/p>\n<div>\n<p>\u201cCuando las mujeres hablamos de violencia de g\u00e9nero, todas sabemos a qu\u00e9 nos estamos refiriendo, no s\u00e9 si todos los hombres lo sepan, pero las mujeres s\u00ed lo sabemos. Y lo podemos entender porque hay una memoria en el cuerpo\u201d, expresa la core\u00f3grafa mexicana <strong>Claudia Lavista<\/strong>, quien, desde el cuerpo y su memoria, detona Revoluci\u00f3n diamantina, obra de la<strong> compositora Gabriela Ortiz,<\/strong> concebida originalmente como ballet y que tiene su estreno coreogr\u00e1fico en M\u00e9xico el <strong>4 y 5 de julio en la Sala Principal del Palacio de Bellas Artes<\/strong>, junto a las core\u00f3grafas <strong>Lola Lince y Melva Olivas.<\/strong><\/p>\n<p>Para Lavista, el cuerpo es el gran agente de la resiliencia: \u201cposee la capacidad de asimilar y sanar, de protegernos primero a nosotras mismas y luego a los dem\u00e1s\u201d.<\/p>\n<aside class=\"htmlinline\"\/>\n<p>\u201cSi te fijas, la danza es el gran fen\u00f3meno de convergencia social desde el cuerpo y su memoria. En este sentido, la pieza no s\u00f3lo traduce la potencia de la m\u00fasica de Ortiz al lenguaje corporal, sino que se convierte en un ritual esc\u00e9nico\u201d, explica la core\u00f3grafa, quien se\u00f1ala que el estreno es impulsado por el<strong> INBAL y Urtext Digital Classics<\/strong>, bajo la direcci\u00f3n de <strong>Marisa Canales.<\/strong><\/p>\n<blockquote><p>&#13;<\/p>\n<p>\u201cHace m\u00e1s de un a\u00f1o Marisa me busc\u00f3 porque Urtext celebra su 30 aniversario. Quer\u00edan que el festejo fuera con el estreno en M\u00e9xico de esta obra. Cuando empezamos, Gabi todav\u00eda no ganaba el Grammy. Desde entonces comenc\u00e9 a imaginar c\u00f3mo traducir esta m\u00fasica, que ya es poderos\u00edsima, al lenguaje del cuerpo\u201d, recuerda Lavista.<\/p>\n<p>&#13;\n<\/p><\/blockquote>\n<p>La core\u00f3grafa insiste en que la danza \u201ctrabaja desde el s\u00edmbolo, no desde la literalidad\u201d; por eso, aunque la obra surge de una protesta concreta, la <strong>Marcha de la Diamantina del 8M de 2019,<\/strong> precisa, no se trata de una recreaci\u00f3n documental.<\/p>\n<blockquote><p>&#13;<\/p>\n<p>\u201cLa marcha fue como la erupci\u00f3n de un volc\u00e1n, pero lo que estamos haciendo no es ilustrarla. Es una reflexi\u00f3n esc\u00e9nica sobre un sistema opresor. No es una lucha entre hombres y mujeres, es una lucha contra el sistema patriarcal\u201d, afirma.<\/p>\n<p>&#13;\n<\/p><\/blockquote>\n<p>La estructura musical est\u00e1 dividida en seis movimientos, que se transformaron en seis cap\u00edtulos coreogr\u00e1ficos: \u201cnacimiento, protecci\u00f3n, resistencia, defensa, reconstrucci\u00f3n y cruce\u201d.<\/p>\n<blockquote><p>&#13;<\/p>\n<p>\u201cLa idea central es la gran marcha de las mujeres a lo largo de la historia de la humanidad por lograr sus derechos. No hablamos s\u00f3lo del presente, hablamos de una memoria milenaria\u201d, indica.&#13;\n<\/p>\n<\/blockquote>\n<p>\u00abEn el primer cap\u00edtulo surge lo femenino como irrupci\u00f3n luminosa y vulnerable. En el segundo, la protecci\u00f3n: cuando una mujer es vulnerable, construimos redes invisibles de cuidado; es la manada que protege. El tercero aborda la resistencia: la idea no es resistir hasta rompernos, sino liberarnos. El cuarto se centra en la defensa colectiva, mientras que el quinto explora la reconstrucci\u00f3n: esa aparente fragilidad es en realidad fuerza infinita. Y el sexto propone cruzar el puente del sistema patriarcal opresor. La obra es una invitaci\u00f3n a hacerlo\u201d, detalla Lavista.&#13;<br \/>\n&#13;\n<\/p>\n<p>En escena estar\u00e1n 12 bailarinas del Centro de Producci\u00f3n de Danza Contempor\u00e1nea (CEPRODAC), acompa\u00f1adas por la Orquesta Urtext bajo la direcci\u00f3n de Lina Gonz\u00e1lez-Granados.&#13;<br \/>\n&#13;\n<\/p>\n<p>En este sentido, la core\u00f3grafa observa una simbolog\u00eda que atraviesa la obra.&#13;<br \/>\n&#13;\n<\/p>\n<p>\u201cGabi origina todo, somos tres core\u00f3grafas, seis cap\u00edtulos, una directora de orquesta, la directora de Urtext y doce bailarinas\u201d, explica Lavista, quien subraya la urgencia de la libertad en un contexto donde al menos once mujeres son asesinadas cada d\u00eda.&#13;<br \/>\n&#13;\n<\/p>\n<blockquote><p>&#13;<\/p>\n<p>\u201cCada movimiento, cada gesto de la danza, se convierte as\u00ed en una resistencia simb\u00f3lica, en un acto colectivo que reclama visibilidad, protecci\u00f3n y justicia. La obra, m\u00e1s que un espect\u00e1culo, se vuelve un ritual necesario, un espejo que refleja la fragilidad y la fuerza de las mujeres frente a un sistema que a\u00fan las vulnera\u201d, agrega.&#13;\n<\/p>\n<\/blockquote>\n<p>Asimismo, comparte que la obra termina con la palabra \u2018todas\u2019, porque, en sus palabras, cuando una mujer se libera, desencadena la libertad de las dem\u00e1s.&#13;<br \/>\n&#13;\n<\/p>\n<p>\u201cEsta Revoluci\u00f3n diamantina va a ser un gran ritual. Un ritual de los feminismos, de las mujeres, pero tambi\u00e9n de la humanidad\u201d, insiste Lavista, para quien la danza no es s\u00f3lo un lenguaje art\u00edstico, sino un fen\u00f3meno social vinculativo que vuelve exponencial la capacidad de conectar y de entender al otro.&#13;<br \/>\n&#13;\n<\/p>\n<p>Y cuenta que, en su caso, el feminismo no es coyuntural: \u201cYo crec\u00ed en una casa feminista. Mi madre, Rosa Marta Fern\u00e1ndez, fund\u00f3 el colectivo Cine Mujer en los a\u00f1os setenta. Para m\u00ed es una forma de pensar el mundo\u201d.&#13;<br \/>\n&#13;\n<\/p>\n<blockquote><p>&#13;<\/p>\n<p>\u201cContrario a lo que se dice, no estamos viviendo una \u00e9poca f\u00e1cil para ser mujer. Todas salimos a la calle con miedo. Esta obra es una reflexi\u00f3n sobre esa urgencia de cambiar\u201d, concluye.&#13;\n<\/p>\n<\/blockquote>\n<p>\u00a0&#13;<br \/>\n&#13;\n<\/p>\n<h2><strong>A DETALLE<\/strong><\/h2>\n<ul>&#13;<\/p>\n<li>El 8 de marzo, los boletos tienen precio especial para las mujeres.<\/li>\n<p>&#13;<\/p>\n<li>Revoluci\u00f3n Diamantina, de Gabriela Ortiz, recibi\u00f3 tres premios en la 67 edici\u00f3n de los Premios Grammy: Mejor composici\u00f3n cl\u00e1sica contempor\u00e1nea, Mejor compendio cl\u00e1sico y Mejor interpretaci\u00f3n orquestal.<\/li>\n<p>&#13;<\/p>\n<li>La obra se estren\u00f3 en Estados Unidos en 2023, interpretada por la Los Angeles Philharmonic bajo la direcci\u00f3n de Gustavo Dudamel.<\/li>\n<p>&#13;<\/p>\n<li>Gabriela Ortiz ha compuesto para orquesta, coro, m\u00fasica de c\u00e1mara, danza, teatro, \u00f3pera y cine, combinando la tradici\u00f3n musical mexicana con t\u00e9cnicas contempor\u00e1neas y abordando temas de relevancia social como justicia, medio ambiente y g\u00e9nero.<\/li>\n<p>&#13;<\/p>\n<li>Claudia Lavista es cofundadora de la Escuela Profesional de Danza de Mazatl\u00e1n y de Delfos, espacios dedicados a formar y proyectar talentos con un enfoque contempor\u00e1neo y experimental, fortaleciendo la proyecci\u00f3n de la danza mexicana en Am\u00e9rica Latina.<\/li>\n<p>&#13;<\/p>\n<li>Actualmente, Lavista dirige DanzaUNAM, consolidando su influencia en la formaci\u00f3n y direcci\u00f3n de la danza en M\u00e9xico.<\/li>\n<p>&#13;\n<\/ul>\n<p>\u00a0&#13;<br \/>\n&#13;\n<\/p>\n<p>Fotos: Cuartoscuro y culturaunam&#13;<br \/>\n&#13;\n<\/p>\n<p>MAAZ&#13;<br \/>\n&#13;\n<\/p>\n<p>\u00a0&#13;<br \/>\n&#13;<br \/>\n&#13;\n                                <\/p>\n<\/p><\/div>\n<p><script>\n    !function(f,b,e,v,n,t,s)\n    {if(f.fbq)return;n=f.fbq=function(){n.callMethod?\n    n.callMethod.apply(n,arguments):n.queue.push(arguments)};\n    if(!f._fbq)f._fbq=n;n.push=n;n.loaded=!0;n.version='2.0';\n    n.queue=[];t=b.createElement(e);t.async=!0;\n    t.src=v;s=b.getElementsByTagName(e)[0];\n    s.parentNode.insertBefore(t,s)}(window, document,'script',\n    'https:\/\/connect.facebook.net\/en_US\/fbevents.js');\n    fbq('init', '237927003583820');\n    fbq('track', 'PageView');\n  <\/script><br \/>\n<br \/><\/p>\n","protected":false},"excerpt":{"rendered":"<p>\u201cCuando las mujeres hablamos de violencia de g\u00e9nero, todas sabemos a qu\u00e9 nos estamos refiriendo, no s\u00e9 si todos los hombres lo sepan, pero las mujeres s\u00ed lo sabemos. Y lo podemos entender porque hay una memoria en el cuerpo\u201d, expresa la core\u00f3grafa mexicana Claudia Lavista, quien, desde el cuerpo y su memoria, detona Revoluci\u00f3n [&hellip;]<\/p>\n","protected":false},"author":4,"featured_media":3396,"comment_status":"","ping_status":"","sticky":false,"template":"","format":"standard","meta":{"footnotes":""},"categories":[33],"tags":[],"class_list":["post-3395","post","type-post","status-publish","format-standard","has-post-thumbnail","hentry","category-cultura"],"_links":{"self":[{"href":"https:\/\/conexion-mx.com\/index.php?rest_route=\/wp\/v2\/posts\/3395","targetHints":{"allow":["GET"]}}],"collection":[{"href":"https:\/\/conexion-mx.com\/index.php?rest_route=\/wp\/v2\/posts"}],"about":[{"href":"https:\/\/conexion-mx.com\/index.php?rest_route=\/wp\/v2\/types\/post"}],"author":[{"embeddable":true,"href":"https:\/\/conexion-mx.com\/index.php?rest_route=\/wp\/v2\/users\/4"}],"replies":[{"embeddable":true,"href":"https:\/\/conexion-mx.com\/index.php?rest_route=%2Fwp%2Fv2%2Fcomments&post=3395"}],"version-history":[{"count":0,"href":"https:\/\/conexion-mx.com\/index.php?rest_route=\/wp\/v2\/posts\/3395\/revisions"}],"wp:featuredmedia":[{"embeddable":true,"href":"https:\/\/conexion-mx.com\/index.php?rest_route=\/wp\/v2\/media\/3396"}],"wp:attachment":[{"href":"https:\/\/conexion-mx.com\/index.php?rest_route=%2Fwp%2Fv2%2Fmedia&parent=3395"}],"wp:term":[{"taxonomy":"category","embeddable":true,"href":"https:\/\/conexion-mx.com\/index.php?rest_route=%2Fwp%2Fv2%2Fcategories&post=3395"},{"taxonomy":"post_tag","embeddable":true,"href":"https:\/\/conexion-mx.com\/index.php?rest_route=%2Fwp%2Fv2%2Ftags&post=3395"}],"curies":[{"name":"wp","href":"https:\/\/api.w.org\/{rel}","templated":true}]}}