{"id":3399,"date":"2026-03-07T16:13:58","date_gmt":"2026-03-07T21:13:58","guid":{"rendered":"https:\/\/conexion-mx.com\/?p=3399"},"modified":"2026-03-07T16:13:58","modified_gmt":"2026-03-07T21:13:58","slug":"violencia-de-genero-estos-son-los-numeros-para-denunciar-casos-en-cdmx","status":"publish","type":"post","link":"https:\/\/conexion-mx.com\/?p=3399","title":{"rendered":"Violencia de g\u00e9nero: estos son los n\u00fameros para denunciar casos en CDMX"},"content":{"rendered":"<p> <br \/>\n<\/p>\n<div itemprop=\"articleBody\">\n<div class=\"txt_contenido\">\n<p>En el marco del <strong>D\u00eda Internacional de la Mujer, este domingo 8 de marzo <\/strong>miles de mujeres, integrantes de colectivas feministas y organizaciones sociales, de distintos estados de la Rep\u00fablica Mexicana, han realizado diferentes convocatorias para movilizarse y exigir un alto a las diferentes violencias que atraviesan a <strong>ni\u00f1as, mujeres, adolescentes y adultas mayores.\u00a0<\/strong><\/p>\n<p>A lo largo de los a\u00f1os, las mujeres mexicanas han realizado trabajo pol\u00edtico para visibilizar las injusticias de g\u00e9nero y las desigualdades que sufren diariamente. Aunado a la violencia estructural que deriva en casos de feminicidio. Por ello, este d\u00eda es de conmemoraci\u00f3n, de <strong>movilizaci\u00f3n y colectividad.\u00a0<\/strong><\/p>\n<aside class=\"htmlinline\"\/>\n<p>Adem\u00e1s de las marchas, se organizan talleres, tendederos de denuncia, intervenciones art\u00edsticas, foros de discusi\u00f3n y diversas actividades comunitarias enfocadas en la reflexi\u00f3n, la concientizaci\u00f3n y la exigencia de justicia. A continuaci\u00f3n te compartimos los tel\u00e9fonos que existen en la <strong>CDMX para denunciar la violencia de g\u00e9nero.\u00a0<\/strong><\/p>\n<aside class=\"relacionadas con-foto linea-1078\"><strong class=\"relacionadas-titulo-gral\">Noticias Relacionadas<\/strong><\/aside>\n<h2>\u00bfC\u00f3mo denunciar violencia de g\u00e9nero en CDMX?<\/h2>\n<p>La violencia de g\u00e9nero se refiere a los actos da\u00f1inos dirigidos contra una persona o un grupo de personas en raz\u00f3n de su g\u00e9nero. Tiene su origen en la desigualdad de g\u00e9nero, el abuso de poder y la existencia de normas da\u00f1inas. El t\u00e9rmino se utiliza principalmente para subrayar el hecho de que las diferencias estructurales de poder basadas en el g\u00e9nero colocan a las mujeres y ni\u00f1as en situaci\u00f3n de riesgo frente a <strong>m\u00faltiples formas de violencia.\u00a0<\/strong><\/p>\n<p>Para denunciar violencia de g\u00e9nero en CDMX, el n\u00famero principal es la\u00a0L\u00ednea\u00a0SOS Mujeres *765, disponible 24\/7 para emergencias, patrullas, atenci\u00f3n psicol\u00f3gica y legal. Tambi\u00e9n se puede utilizar el\u00a0089\u00a0para denuncia an\u00f3nima o la l\u00ednea de emergencias\u00a0911. Son gratuitos, <strong>confidenciales y operan los 365 d\u00edas.<\/strong><\/p>\n<ul>&#13;<\/p>\n<li>SOS Mujeres *765:\u00a0L\u00ednea directa del Gobierno de la CDMX para atenci\u00f3n, orientaci\u00f3n y env\u00edo de patrullas\/ambulancias en casos de riesgo inmediato.<\/li>\n<p>&#13;<\/p>\n<li>089 Denuncia An\u00f3nima:\u00a0Servicio para reportar delitos como violencia intrafamiliar de forma confidencial.<\/li>\n<p>&#13;<\/p>\n<li>911:\u00a0L\u00ednea de emergencias generales.<\/li>\n<p>&#13;<\/p>\n<li>Locatel (55 5658 1111):\u00a0Orientaci\u00f3n y asesor\u00eda, a veces referida como #L\u00edneaMujeres.<\/li>\n<p>&#13;\n<\/ul>\n<p>\u00a0<\/p>\n<\/p><\/div>\n<\/p><\/div>\n<p><script>\n    !function(f,b,e,v,n,t,s)\n    {if(f.fbq)return;n=f.fbq=function(){n.callMethod?\n    n.callMethod.apply(n,arguments):n.queue.push(arguments)};\n    if(!f._fbq)f._fbq=n;n.push=n;n.loaded=!0;n.version='2.0';\n    n.queue=[];t=b.createElement(e);t.async=!0;\n    t.src=v;s=b.getElementsByTagName(e)[0];\n    s.parentNode.insertBefore(t,s)}(window, document,'script',\n    'https:\/\/connect.facebook.net\/en_US\/fbevents.js');\n    fbq('init', '237927003583820');\n    fbq('track', 'PageView');\n  <\/script><script>\n    !function(f,b,e,v,n,t,s)\n    {if(f.fbq)return;n=f.fbq=function(){n.callMethod?\n    n.callMethod.apply(n,arguments):n.queue.push(arguments)};\n    if(!f._fbq)f._fbq=n;n.push=n;n.loaded=!0;n.version='2.0';\n    n.queue=[];t=b.createElement(e);t.async=!0;\n    t.src=v;s=b.getElementsByTagName(e)[0];\n    s.parentNode.insertBefore(t,s)}(window, document,'script',\n    'https:\/\/connect.facebook.net\/en_US\/fbevents.js');\n    fbq('init', '802372280934901');\n    fbq('track', 'PageView');\n    <\/script><br \/>\n<br \/><\/p>\n","protected":false},"excerpt":{"rendered":"<p>En el marco del D\u00eda Internacional de la Mujer, este domingo 8 de marzo miles de mujeres, integrantes de colectivas feministas y organizaciones sociales, de distintos estados de la Rep\u00fablica Mexicana, han realizado diferentes convocatorias para movilizarse y exigir un alto a las diferentes violencias que atraviesan a ni\u00f1as, mujeres, adolescentes y adultas mayores.\u00a0 A [&hellip;]<\/p>\n","protected":false},"author":2,"featured_media":3400,"comment_status":"","ping_status":"","sticky":false,"template":"","format":"standard","meta":{"footnotes":""},"categories":[2],"tags":[],"class_list":["post-3399","post","type-post","status-publish","format-standard","has-post-thumbnail","hentry","category-local"],"_links":{"self":[{"href":"https:\/\/conexion-mx.com\/index.php?rest_route=\/wp\/v2\/posts\/3399","targetHints":{"allow":["GET"]}}],"collection":[{"href":"https:\/\/conexion-mx.com\/index.php?rest_route=\/wp\/v2\/posts"}],"about":[{"href":"https:\/\/conexion-mx.com\/index.php?rest_route=\/wp\/v2\/types\/post"}],"author":[{"embeddable":true,"href":"https:\/\/conexion-mx.com\/index.php?rest_route=\/wp\/v2\/users\/2"}],"replies":[{"embeddable":true,"href":"https:\/\/conexion-mx.com\/index.php?rest_route=%2Fwp%2Fv2%2Fcomments&post=3399"}],"version-history":[{"count":0,"href":"https:\/\/conexion-mx.com\/index.php?rest_route=\/wp\/v2\/posts\/3399\/revisions"}],"wp:featuredmedia":[{"embeddable":true,"href":"https:\/\/conexion-mx.com\/index.php?rest_route=\/wp\/v2\/media\/3400"}],"wp:attachment":[{"href":"https:\/\/conexion-mx.com\/index.php?rest_route=%2Fwp%2Fv2%2Fmedia&parent=3399"}],"wp:term":[{"taxonomy":"category","embeddable":true,"href":"https:\/\/conexion-mx.com\/index.php?rest_route=%2Fwp%2Fv2%2Fcategories&post=3399"},{"taxonomy":"post_tag","embeddable":true,"href":"https:\/\/conexion-mx.com\/index.php?rest_route=%2Fwp%2Fv2%2Ftags&post=3399"}],"curies":[{"name":"wp","href":"https:\/\/api.w.org\/{rel}","templated":true}]}}