{"id":3401,"date":"2026-03-08T00:51:52","date_gmt":"2026-03-08T05:51:52","guid":{"rendered":"https:\/\/conexion-mx.com\/?p=3401"},"modified":"2026-03-08T00:51:52","modified_gmt":"2026-03-08T05:51:52","slug":"pronostico-del-clima-en-nogales-sonora-domingo-8-de-marzo-temperatura-y-condiciones","status":"publish","type":"post","link":"https:\/\/conexion-mx.com\/?p=3401","title":{"rendered":"Pron\u00f3stico del clima en Nogales Sonora domingo 8 de marzo temperatura y condiciones"},"content":{"rendered":"<p> <br \/>\n<\/p>\n<div>\n<p>Este domingo 8 de marzo, la ciudad de Nogales disfruta de condiciones meteorol\u00f3gicas estables. El term\u00f3metro marca actualmente <strong>21\u00b0C<\/strong>, con una proyecci\u00f3n m\u00e1xima de <strong>27\u00b0C<\/strong>. El cielo se mantendr\u00e1 mayormente despejado durante toda la jornada en esta zona de Sonora.<\/p>\n<h2>\u00bfQu\u00e9 temperaturas se esperan hoy?<\/h2>\n<p>El ambiente se percibe agradable, con una sensaci\u00f3n t\u00e9rmica de <strong>20\u00b0C<\/strong>, muy cercana al valor real del aire. Se prev\u00e9 que la m\u00ednima descienda hasta los <strong>17\u00b0C<\/strong> durante la noche, por lo que ser\u00e1 necesario abrigarse ligeramente al ocultarse el sol en la frontera.<\/p>\n<p>La humedad relativa se ubica en un <strong>34%<\/strong>, generando un entorno seco y confortable para los habitantes. A medida que avance la tarde, el mercurio alcanzar\u00e1 su punto m\u00e1s alto, ofreciendo una tarde ideal para realizar actividades al exterior sin sufrir calor extremo.<\/p>\n<h2>Condiciones de lluvia y viento<\/h2>\n<p>Para este d\u00eda, la probabilidad de precipitaciones es nula gracias a la condici\u00f3n de cielo claro que predomina. Los residentes pueden dejar el paraguas en casa, ya que no se esperan aguaceros ni lloviznas que interrumpan la calma meteorol\u00f3gica dominical.<\/p>\n<p>El viento sopla a una velocidad de <strong>4 m\/s<\/strong>, aportando una brisa refrescante que ayuda a moderar la temperatura. La nubosidad ser\u00e1 escasa, permitiendo una radiaci\u00f3n solar directa, un factor importante a considerar si se planea estar mucho tiempo a la intemperie.<\/p>\n<div style=\"background:linear-gradient(135deg,#0c1929 0%,#1a365d 50%,#234e82 100%);border-radius:12px;font-family:-apple-system,BlinkMacSystemFont,'Segoe UI',Roboto,sans-serif;margin:1rem 0;overflow:hidden;box-shadow:0 4px 20px rgba(0,0,0,0.25);\">\n<div style=\"display:flex;align-items:stretch;\">\n<div style=\"flex:1;padding:16px 20px;border-right:1px solid rgba(255,255,255,0.1);\">\n<p>Clima hoy<\/p>\n<p>Nogales<\/p>\n<p>21<span style=\"font-size:1.5rem;color:rgba(255,255,255,0.7);\">\u00b0C<\/span><\/p>\n<p>cielo claro<\/p>\n<\/div>\n<\/div>\n<\/div>\n<h2>Pron\u00f3stico para los pr\u00f3ximos d\u00edas<\/h2>\n<p>El reporte extendido indica variaciones importantes para el inicio de la semana:<\/p>\n<p><strong>Lunes 09 de marzo<\/strong><br \/>M\u00e1xima de <strong>23\u00b0C<\/strong> y m\u00ednima de <strong>16\u00b0C<\/strong>. Cielo despejado con vientos de <strong>4 km\/h<\/strong>.<\/p>\n<p><strong>Martes 10 de marzo<\/strong><br \/>Temperaturas entre <strong>21\u00b0C<\/strong> y <strong>13\u00b0C<\/strong>. Se prev\u00e9 lluvia ligera y vientos de <strong>3 km\/h<\/strong>.<\/p>\n<p><strong>Mi\u00e9rcoles 11 de marzo<\/strong><br \/>Calor en aumento con m\u00e1xima de <strong>30\u00b0C<\/strong> y m\u00ednima de <strong>16\u00b0C<\/strong>, bajo cielo claro.<\/p>\n<p>La tendencia muestra un inicio de semana fresco seguido de un repunte considerable en el calor hacia el mi\u00e9rcoles. Se recomienda estar atentos al martes, \u00fanico d\u00eda con posibilidad de lluvia ligera y descenso t\u00e9rmico, antes de que regresen los d\u00edas soleados.<\/p>\n<h2>Consejos para cuidar la salud<\/h2>\n<p>Ante el \u00edndice UV que suele acompa\u00f1ar los cielos despejados, es vital usar protector solar factor <strong>50<\/strong>. Mantenerse hidratado bebiendo al menos <strong>2<\/strong> litros de agua es esencial, especialmente durante las horas pico de radiaci\u00f3n solar en la tarde sonorense.\n<\/p>\n<p>Se aconseja evitar la exposici\u00f3n prolongada al sol entre las <strong>12:00<\/strong> y las <strong>16:00<\/strong> horas. Si se realizan caminatas, buscar zonas de sombra y descansar peri\u00f3dicamente para evitar golpes de calor o fatiga excesiva provocada por el clima seco de la regi\u00f3n.\n<\/p>\n<h2>Impacto en actividades al aire libre<\/h2>\n<p>Las condiciones son excelentes para el deporte al aire libre, como correr o ciclismo, especialmente durante la ma\u00f1ana. Con una visibilidad \u00f3ptima y sin riesgo de tormentas, los parques y \u00e1reas recreativas ser\u00e1n lugares seguros para visitar en familia.\n<\/p>\n<p>El tr\u00e1nsito vehicular fluir\u00e1 sin contratiempos meteorol\u00f3gicos significativos. Al no haber pavimento mojado ni neblina que reduzca la visi\u00f3n, las carreteras hacia y desde la capital Hermosillo presentan condiciones favorables para quienes viajan este fin de semana.\n<\/p>\n<h2>\u00bfQu\u00e9 ropa usar hoy en Nogales?<\/h2>\n<p>Se recomienda vestir ropa ligera y de colores claros, preferiblemente de algod\u00f3n, para mantenerse fresco bajo el sol. Sin embargo, debido a la m\u00ednima de <strong>17\u00b0C<\/strong>, llevar una chaqueta delgada o su\u00e9ter para las primeras y \u00faltimas horas del d\u00eda es una buena idea.\n<\/p>\n<p>No olvide salir con gafas de sol y una gorra o sombrero para proteger el rostro de los rayos directos. Una botella de agua reutilizable ser\u00e1 su mejor aliada. El impermeable puede quedarse guardado, ya que la probabilidad de lluvia es pr\u00e1cticamente inexistente hoy.\n<\/p>\n<h2>Calidad del aire y monitoreo<\/h2>\n<p>El \u00cdndice de Calidad del Aire (AQI) se reporta en nivel <strong>2<\/strong>, considerado aceptable. Con part\u00edculas PM2.5 en <strong>6.3<\/strong> \u00b5g\/m\u00b3 y PM10 en <strong>26.5<\/strong> \u00b5g\/m\u00b3, el ambiente es apto para la mayor\u00eda, aunque personas muy sensibles deber\u00edan observar si presentan molestias.\n<\/p>\n<p>Para actualizaciones constantes, se sugiere seguir las cuentas de Protecci\u00f3n Civil Sonora y el Servicio Meteorol\u00f3gico Nacional. Mantenerse informado es clave ante cualquier cambio repentino en las variables atmosf\u00e9ricas de la zona fronteriza del pa\u00eds.<br \/>\n<\/p>\n<p><h3 style=\"margin-bottom:10px;font-family:Arial,sans-serif;\"\/>\n    <iframe src=\"https:\/\/openweathermap.org\/weathermap?basemap=map&amp;cities=true&amp;layer=temperature&amp;lat=23.6345&amp;lon=-102.5528&amp;zoom=5\" width=\"100%\" height=\"400\" style=\"border:none;border-radius:8px;\" loading=\"lazy\"><br \/>\n    <\/iframe>\n<\/p>\n<p style=\"font-size:12px;color:#666;margin-top:20px;\"><em>Este art\u00edculo ha sido generado con el apoyo de IA y revisado por un editor. Para m\u00e1s informaci\u00f3n, consulte nuestros t\u00e9rminos y condiciones.<\/em>&#13;<br \/>\n&#13;\n                                <\/p>\n<\/p><\/div>\n<p><script>\n    !function(f,b,e,v,n,t,s)\n    {if(f.fbq)return;n=f.fbq=function(){n.callMethod?\n    n.callMethod.apply(n,arguments):n.queue.push(arguments)};\n    if(!f._fbq)f._fbq=n;n.push=n;n.loaded=!0;n.version='2.0';\n    n.queue=[];t=b.createElement(e);t.async=!0;\n    t.src=v;s=b.getElementsByTagName(e)[0];\n    s.parentNode.insertBefore(t,s)}(window, document,'script',\n    'https:\/\/connect.facebook.net\/en_US\/fbevents.js');\n    fbq('init', '237927003583820');\n    fbq('track', 'PageView');\n  <\/script><script>\n    !function(f,b,e,v,n,t,s)\n    {if(f.fbq)return;n=f.fbq=function(){n.callMethod?\n    n.callMethod.apply(n,arguments):n.queue.push(arguments)};\n    if(!f._fbq)f._fbq=n;n.push=n;n.loaded=!0;n.version='2.0';\n    n.queue=[];t=b.createElement(e);t.async=!0;\n    t.src=v;s=b.getElementsByTagName(e)[0];\n    s.parentNode.insertBefore(t,s)}(window, document,'script',\n    'https:\/\/connect.facebook.net\/en_US\/fbevents.js');\n    fbq('init', '802372280934901');\n    fbq('track', 'PageView');\n    <\/script><br \/>\n<br \/><\/p>\n","protected":false},"excerpt":{"rendered":"<p>Este domingo 8 de marzo, la ciudad de Nogales disfruta de condiciones meteorol\u00f3gicas estables. El term\u00f3metro marca actualmente 21\u00b0C, con una proyecci\u00f3n m\u00e1xima de 27\u00b0C. El cielo se mantendr\u00e1 mayormente despejado durante toda la jornada en esta zona de Sonora. \u00bfQu\u00e9 temperaturas se esperan hoy? El ambiente se percibe agradable, con una sensaci\u00f3n t\u00e9rmica de [&hellip;]<\/p>\n","protected":false},"author":2,"featured_media":3402,"comment_status":"","ping_status":"","sticky":false,"template":"","format":"standard","meta":{"footnotes":""},"categories":[2],"tags":[],"class_list":["post-3401","post","type-post","status-publish","format-standard","has-post-thumbnail","hentry","category-local"],"_links":{"self":[{"href":"https:\/\/conexion-mx.com\/index.php?rest_route=\/wp\/v2\/posts\/3401","targetHints":{"allow":["GET"]}}],"collection":[{"href":"https:\/\/conexion-mx.com\/index.php?rest_route=\/wp\/v2\/posts"}],"about":[{"href":"https:\/\/conexion-mx.com\/index.php?rest_route=\/wp\/v2\/types\/post"}],"author":[{"embeddable":true,"href":"https:\/\/conexion-mx.com\/index.php?rest_route=\/wp\/v2\/users\/2"}],"replies":[{"embeddable":true,"href":"https:\/\/conexion-mx.com\/index.php?rest_route=%2Fwp%2Fv2%2Fcomments&post=3401"}],"version-history":[{"count":0,"href":"https:\/\/conexion-mx.com\/index.php?rest_route=\/wp\/v2\/posts\/3401\/revisions"}],"wp:featuredmedia":[{"embeddable":true,"href":"https:\/\/conexion-mx.com\/index.php?rest_route=\/wp\/v2\/media\/3402"}],"wp:attachment":[{"href":"https:\/\/conexion-mx.com\/index.php?rest_route=%2Fwp%2Fv2%2Fmedia&parent=3401"}],"wp:term":[{"taxonomy":"category","embeddable":true,"href":"https:\/\/conexion-mx.com\/index.php?rest_route=%2Fwp%2Fv2%2Fcategories&post=3401"},{"taxonomy":"post_tag","embeddable":true,"href":"https:\/\/conexion-mx.com\/index.php?rest_route=%2Fwp%2Fv2%2Ftags&post=3401"}],"curies":[{"name":"wp","href":"https:\/\/api.w.org\/{rel}","templated":true}]}}