{"id":3403,"date":"2026-03-08T04:42:38","date_gmt":"2026-03-08T09:42:38","guid":{"rendered":"https:\/\/conexion-mx.com\/?p=3403"},"modified":"2026-03-08T04:42:38","modified_gmt":"2026-03-08T09:42:38","slug":"el-festival-tiempo-de-mujeres-retrata-la-lucha-femenina-diaria-con-la-muestra-rostros-de-la-resistencia","status":"publish","type":"post","link":"https:\/\/conexion-mx.com\/?p=3403","title":{"rendered":"El festival \u00abTiempo de Mujeres\u00bb retrata la lucha femenina diaria con la muestra \u201cRostros de la Resistencia\u201d"},"content":{"rendered":"<p> <br \/>\n<\/p>\n<div itemprop=\"articleBody\">\n<div class=\"txt_contenido\">\n<p><strong>En el marco del festival \u201cTiempo de Mujeres\u201d, el Barco Utop\u00eda<\/strong> inaugur\u00f3 la muestra<strong> \u201cRostros de la Resistencia<\/strong>\u201d, muestra conformada por el trabajo de 16 fot\u00f3grafas mexicanas, quienes exponen retratos exclusivamente de mujeres en diferentes \u00e1mbitos y profesiones.<\/p>\n<p>La muestra rompe con el formato tradicional de galer\u00eda para envolver al espectador en una<strong> experiencia inmersiva de gran escala.<\/strong><\/p>\n<aside class=\"htmlinline\"\/>\n<p><strong>M\u00e1s de 100 fotograf\u00edas cobran vida<\/strong> en dos salas digitales, proyectadas en un formato de 4 por 7 metros de altura, as\u00ed como una tercera sala en donde, adem\u00e1s de la muestra de fotograf\u00edas que son acompa\u00f1adas por<strong> \u201cCanci\u00f3n sin miedo\u201d de Vivir Quintana<\/strong>, se aprecia el nombre de las 16 autoras quienes se desempe\u00f1an como fotoperiodistas, documentalistas y docentes, han dedicado sus carreras a visibilizar la cotidianidad femenina.<\/p>\n<blockquote><p>&#13;<\/p>\n<p>\u201cMuchas veces pensamos que la lucha es un momento, un colectivo, una comunidad, una fecha y la verdad es que no, la lucha es todos los d\u00edas, y esa resiliencia es lo que sostiene a M\u00e9xico\u201d, enfatiz\u00f3 durante la <strong>inauguraci\u00f3n Leslie P\u00e9rez<\/strong>, una de las 16 exponentes y fotoperiodista de esta casa editorial.<\/p>\n<p>&#13;\n<\/p><\/blockquote>\n<blockquote><p>&#13;<\/p>\n<p>\u201cSon im\u00e1genes tomadas con los ojos, con el coraz\u00f3n y con la cabeza\u201d, detall\u00f3 sobre la <strong>muestra Luz Elena P\u00e9rez<\/strong>, curadora de la misma y maestra de muchas de las artistas que expusieron su trabajo.<\/p>\n<p>&#13;\n<\/p><\/blockquote>\n<p><strong>\u201cRostros de la Resistencia\u201d <\/strong>permanecer\u00e1 abierta al p\u00fablico en general <strong>hasta el 30 de marzo,<\/strong> en las salas digitales del Barco Utop\u00eda, en un <strong>horario de 4 a 7 de la tarde,<\/strong> de martes a domingo.<\/p>\n<p>\u00a0<\/p>\n<p>POR DANIELA ZAMBRANO<br \/>&#13;<br \/>\nFOTOS: Guillermo O\u2019Gam&#13;<br \/>\n&#13;\n<\/p>\n<p>MAAZ&#13;<br \/>\n&#13;\n<\/p>\n<p>\u00a0&#13;<br \/>\n&#13;<br \/>\n&#13;\n                                <\/p>\n<\/p><\/div>\n<\/p><\/div>\n<p><script>\n    !function(f,b,e,v,n,t,s)\n    {if(f.fbq)return;n=f.fbq=function(){n.callMethod?\n    n.callMethod.apply(n,arguments):n.queue.push(arguments)};\n    if(!f._fbq)f._fbq=n;n.push=n;n.loaded=!0;n.version='2.0';\n    n.queue=[];t=b.createElement(e);t.async=!0;\n    t.src=v;s=b.getElementsByTagName(e)[0];\n    s.parentNode.insertBefore(t,s)}(window, document,'script',\n    'https:\/\/connect.facebook.net\/en_US\/fbevents.js');\n    fbq('init', '237927003583820');\n    fbq('track', 'PageView');\n  <\/script><script>\n    !function(f,b,e,v,n,t,s)\n    {if(f.fbq)return;n=f.fbq=function(){n.callMethod?\n    n.callMethod.apply(n,arguments):n.queue.push(arguments)};\n    if(!f._fbq)f._fbq=n;n.push=n;n.loaded=!0;n.version='2.0';\n    n.queue=[];t=b.createElement(e);t.async=!0;\n    t.src=v;s=b.getElementsByTagName(e)[0];\n    s.parentNode.insertBefore(t,s)}(window, document,'script',\n    'https:\/\/connect.facebook.net\/en_US\/fbevents.js');\n    fbq('init', '775201487065840');\n    fbq('track', 'PageView');\n    <\/script><br \/>\n<br \/><\/p>\n","protected":false},"excerpt":{"rendered":"<p>En el marco del festival \u201cTiempo de Mujeres\u201d, el Barco Utop\u00eda inaugur\u00f3 la muestra \u201cRostros de la Resistencia\u201d, muestra conformada por el trabajo de 16 fot\u00f3grafas mexicanas, quienes exponen retratos exclusivamente de mujeres en diferentes \u00e1mbitos y profesiones. La muestra rompe con el formato tradicional de galer\u00eda para envolver al espectador en una experiencia inmersiva [&hellip;]<\/p>\n","protected":false},"author":3,"featured_media":3404,"comment_status":"","ping_status":"","sticky":false,"template":"","format":"standard","meta":{"footnotes":""},"categories":[35],"tags":[],"class_list":["post-3403","post","type-post","status-publish","format-standard","has-post-thumbnail","hentry","category-espectaculos"],"_links":{"self":[{"href":"https:\/\/conexion-mx.com\/index.php?rest_route=\/wp\/v2\/posts\/3403","targetHints":{"allow":["GET"]}}],"collection":[{"href":"https:\/\/conexion-mx.com\/index.php?rest_route=\/wp\/v2\/posts"}],"about":[{"href":"https:\/\/conexion-mx.com\/index.php?rest_route=\/wp\/v2\/types\/post"}],"author":[{"embeddable":true,"href":"https:\/\/conexion-mx.com\/index.php?rest_route=\/wp\/v2\/users\/3"}],"replies":[{"embeddable":true,"href":"https:\/\/conexion-mx.com\/index.php?rest_route=%2Fwp%2Fv2%2Fcomments&post=3403"}],"version-history":[{"count":0,"href":"https:\/\/conexion-mx.com\/index.php?rest_route=\/wp\/v2\/posts\/3403\/revisions"}],"wp:featuredmedia":[{"embeddable":true,"href":"https:\/\/conexion-mx.com\/index.php?rest_route=\/wp\/v2\/media\/3404"}],"wp:attachment":[{"href":"https:\/\/conexion-mx.com\/index.php?rest_route=%2Fwp%2Fv2%2Fmedia&parent=3403"}],"wp:term":[{"taxonomy":"category","embeddable":true,"href":"https:\/\/conexion-mx.com\/index.php?rest_route=%2Fwp%2Fv2%2Fcategories&post=3403"},{"taxonomy":"post_tag","embeddable":true,"href":"https:\/\/conexion-mx.com\/index.php?rest_route=%2Fwp%2Fv2%2Ftags&post=3403"}],"curies":[{"name":"wp","href":"https:\/\/api.w.org\/{rel}","templated":true}]}}