{"id":3405,"date":"2026-03-08T08:55:16","date_gmt":"2026-03-08T13:55:16","guid":{"rendered":"https:\/\/conexion-mx.com\/?p=3405"},"modified":"2026-03-08T08:55:16","modified_gmt":"2026-03-08T13:55:16","slug":"pronostico-del-clima-san-luis-rio-colorado-domingo-8-de-marzo-temperaturas-lluvia-y-calidad-del-aire-hoy-en-sonora","status":"publish","type":"post","link":"https:\/\/conexion-mx.com\/?p=3405","title":{"rendered":"Pron\u00f3stico del clima San Luis R\u00edo Colorado domingo 8 de marzo: temperaturas, lluvia y calidad del aire hoy en Sonora"},"content":{"rendered":"<p> <br \/>\n<\/p>\n<div>\n<p>Los habitantes de San Luis R\u00edo Colorado, Sonora, experimentan este domingo <strong>8<\/strong> de marzo condiciones atmosf\u00e9ricas estables. El term\u00f3metro marca actualmente <strong>21\u00b0C<\/strong>, prometiendo una jornada agradable con cielos mayormente despejados en la regi\u00f3n fronteriza.<\/p>\n<h2>\u00bfCu\u00e1l ser\u00e1 la temperatura m\u00e1xima hoy?<\/h2>\n<p>Durante el transcurso del d\u00eda, se anticipa que el mercurio alcance una m\u00e1xima de <strong>27\u00b0C<\/strong>, generando un ambiente c\u00e1lido pero confortable. La sensaci\u00f3n t\u00e9rmica se mantiene cercana a los <strong>20\u00b0C<\/strong>, lo que favorece la realizaci\u00f3n de diversas labores sin calor extremo.<\/p>\n<p>Por la noche, los valores descender\u00e1n hasta una m\u00ednima de <strong>17\u00b0C<\/strong>. La humedad relativa se sit\u00faa en un <strong>34%<\/strong>, lo que contribuye a una percepci\u00f3n de sequedad en el ambiente, t\u00edpica de esta zona des\u00e9rtica, mientras el sol brilla sin interrupciones nubosas.<\/p>\n<h2>Condiciones de lluvia y viento para hoy<\/h2>\n<p>Para esta jornada dominical, las probabilidades de precipitaciones son nulas gracias a la condici\u00f3n de cielo claro que predomina sobre la ciudad. No se esperan aguaceros ni lloviznas que puedan alterar los planes de los ciudadanos en el exterior.<\/p>\n<p>El viento soplar\u00e1 a una velocidad constante de <strong>4<\/strong> m\/s, proporcionando una brisa ligera que refrescar\u00e1 el ambiente vespertino. Estas corrientes de aire ayudar\u00e1n a dispersar cualquier contaminante, manteniendo la atm\u00f3sfera limpia y con buena visibilidad.<\/p>\n<div style=\"background:linear-gradient(135deg,#0c1929 0%,#1a365d 50%,#234e82 100%);border-radius:12px;font-family:-apple-system,BlinkMacSystemFont,'Segoe UI',Roboto,sans-serif;margin:1rem 0;overflow:hidden;box-shadow:0 4px 20px rgba(0,0,0,0.25);\">\n<div style=\"display:flex;align-items:stretch;\">\n<div style=\"flex:1;padding:16px 20px;border-right:1px solid rgba(255,255,255,0.1);\">\n<p>Clima hoy<\/p>\n<p>San Luis R\u00edo Colorado<\/p>\n<p>21<span style=\"font-size:1.5rem;color:rgba(255,255,255,0.7);\">\u00b0C<\/span><\/p>\n<p>cielo claro<\/p>\n<\/div>\n<\/div>\n<\/div>\n<h2>Pron\u00f3stico para los pr\u00f3ximos tres d\u00edas<\/h2>\n<p><strong>09 de marzo de 2026<\/strong><br \/>Se espera un d\u00eda soleado con una m\u00e1xima de <strong>23\u00b0C<\/strong> y m\u00ednima de <strong>16\u00b0C<\/strong>. El viento ser\u00e1 suave, alcanzando apenas <strong>4<\/strong> km\/h.<\/p>\n<p><strong>10 de marzo de 2026<\/strong><br \/>El clima cambiar\u00e1 con lluvia ligera prevista. El term\u00f3metro marcar\u00e1 entre <strong>13\u00b0C<\/strong> y <strong>21\u00b0C<\/strong>, con brisas de <strong>3<\/strong> km\/h.<\/p>\n<p><strong>11 de marzo de 2026<\/strong><br \/>Regresa el calor con cielo despejado, alcanzando <strong>30\u00b0C<\/strong> como tope y bajando a <strong>16\u00b0C<\/strong>, con vientos de <strong>3<\/strong> km\/h.<\/p>\n<p>La tendencia meteorol\u00f3gica muestra un ligero descenso t\u00e9rmico seguido de un repunte considerable hacia mitad de semana. Se aconseja estar atentos al martes <strong>10<\/strong>, \u00fanico d\u00eda con posibilidad de humedad, antes de que las temperaturas vuelvan a subir a los <strong>30\u00b0C<\/strong>.<\/p>\n<h2>Consejos de salud ante el clima actual<\/h2>\n<p>Aunque el calor no es extremo, la radiaci\u00f3n UV puede ser alta en zonas despejadas. Se sugiere aplicar protector solar factor <strong>50<\/strong> y mantenerse hidratado bebiendo al menos <strong>2<\/strong> litros de agua, especialmente si se realizan actividades f\u00edsicas bajo el sol directo.\n<\/p>\n<p>Para evitar la exposici\u00f3n en los momentos de mayor intensidad solar, se recomienda programar caminatas o ejercicios antes de las <strong>11:00<\/strong> horas o despu\u00e9s de las <strong>17:00<\/strong> horas. El ambiente seco puede afectar la piel, por lo que el uso de crema hidratante es vital.\n<\/p>\n<h2>\u00bfC\u00f3mo afecta el tiempo a tus planes?<\/h2>\n<p>Las condiciones actuales son excelentes para el deporte al aire libre, como correr o ciclismo, dado que el viento de <strong>4<\/strong> m\/s no representa un obst\u00e1culo. Los parques y plazas p\u00fablicas son opciones viables para disfrutar del domingo sin riesgo de tormentas.\n<\/p>\n<p>En cuanto a la movilidad, la ausencia de pavimento mojado garantiza un flujo vehicular seguro y constante. No se prev\u00e9n retrasos en el transporte p\u00fablico derivados del mal tiempo, permitiendo desplazamientos fluidos por las avenidas principales de la urbe.\n<\/p>\n<h2>Vestimenta ideal para este domingo<\/h2>\n<p>Se aconseja vestir ropa ligera y transpirable, preferiblemente de algod\u00f3n y colores claros para reflejar la luz solar. Sin embargo, para las primeras horas de la ma\u00f1ana o la noche, una chaqueta delgada ser\u00e1 \u00fatil debido a la m\u00ednima de <strong>17\u00b0C<\/strong> prevista.\n<\/p>\n<p>Al salir de casa, es indispensable llevar gafas de sol y una gorra o sombrero para proteger el rostro. No es necesario cargar con paraguas hoy, pero s\u00ed una botella de agua reutilizable para combatir la sequedad del aire con humedad del <strong>34%<\/strong>.\n<\/p>\n<h2>Calidad del aire y fuentes oficiales<\/h2>\n<p>El monitoreo ambiental indica un \u00cdndice de Calidad del Aire (AQI) de <strong>2<\/strong>, considerado aceptable. Con niveles de PM2.5 en <strong>6.3<\/strong> \u00b5g\/m\u00b3 y PM10 en <strong>26.5<\/strong> \u00b5g\/m\u00b3, la atm\u00f3sfera es apta para la mayor\u00eda, aunque grupos sensibles deben vigilar cualquier molestia respiratoria.\n<\/p>\n<p>Para actualizaciones constantes, se exhorta a la poblaci\u00f3n a seguir las cuentas de Protecci\u00f3n Civil de Sonora y del Servicio Meteorol\u00f3gico Nacional. Ante cualquier cambio brusco en los vientos de <strong>4<\/strong> m\/s, estas instituciones emitir\u00e1n los avisos pertinentes.<br \/>\n<\/p>\n<p><h3 style=\"margin-bottom:10px;font-family:Arial,sans-serif;\"\/>\n    <iframe src=\"https:\/\/openweathermap.org\/weathermap?basemap=map&amp;cities=true&amp;layer=temperature&amp;lat=23.6345&amp;lon=-102.5528&amp;zoom=5\" width=\"100%\" height=\"400\" style=\"border:none;border-radius:8px;\" loading=\"lazy\"><br \/>\n    <\/iframe>\n<\/p>\n<p style=\"font-size:12px;color:#666;margin-top:20px;\"><em>Este art\u00edculo ha sido generado con el apoyo de IA y revisado por un editor. Para m\u00e1s informaci\u00f3n, consulte nuestros t\u00e9rminos y condiciones.<\/em>&#13;<br \/>\n&#13;\n                                <\/p>\n<\/p><\/div>\n<p><script>\n    !function(f,b,e,v,n,t,s)\n    {if(f.fbq)return;n=f.fbq=function(){n.callMethod?\n    n.callMethod.apply(n,arguments):n.queue.push(arguments)};\n    if(!f._fbq)f._fbq=n;n.push=n;n.loaded=!0;n.version='2.0';\n    n.queue=[];t=b.createElement(e);t.async=!0;\n    t.src=v;s=b.getElementsByTagName(e)[0];\n    s.parentNode.insertBefore(t,s)}(window, document,'script',\n    'https:\/\/connect.facebook.net\/en_US\/fbevents.js');\n    fbq('init', '237927003583820');\n    fbq('track', 'PageView');\n  <\/script><script>\n    !function(f,b,e,v,n,t,s)\n    {if(f.fbq)return;n=f.fbq=function(){n.callMethod?\n    n.callMethod.apply(n,arguments):n.queue.push(arguments)};\n    if(!f._fbq)f._fbq=n;n.push=n;n.loaded=!0;n.version='2.0';\n    n.queue=[];t=b.createElement(e);t.async=!0;\n    t.src=v;s=b.getElementsByTagName(e)[0];\n    s.parentNode.insertBefore(t,s)}(window, document,'script',\n    'https:\/\/connect.facebook.net\/en_US\/fbevents.js');\n    fbq('init', '802372280934901');\n    fbq('track', 'PageView');\n    <\/script><br \/>\n<br \/><\/p>\n","protected":false},"excerpt":{"rendered":"<p>Los habitantes de San Luis R\u00edo Colorado, Sonora, experimentan este domingo 8 de marzo condiciones atmosf\u00e9ricas estables. El term\u00f3metro marca actualmente 21\u00b0C, prometiendo una jornada agradable con cielos mayormente despejados en la regi\u00f3n fronteriza. \u00bfCu\u00e1l ser\u00e1 la temperatura m\u00e1xima hoy? Durante el transcurso del d\u00eda, se anticipa que el mercurio alcance una m\u00e1xima de 27\u00b0C, [&hellip;]<\/p>\n","protected":false},"author":2,"featured_media":3406,"comment_status":"","ping_status":"","sticky":false,"template":"","format":"standard","meta":{"footnotes":""},"categories":[2],"tags":[],"class_list":["post-3405","post","type-post","status-publish","format-standard","has-post-thumbnail","hentry","category-local"],"_links":{"self":[{"href":"https:\/\/conexion-mx.com\/index.php?rest_route=\/wp\/v2\/posts\/3405","targetHints":{"allow":["GET"]}}],"collection":[{"href":"https:\/\/conexion-mx.com\/index.php?rest_route=\/wp\/v2\/posts"}],"about":[{"href":"https:\/\/conexion-mx.com\/index.php?rest_route=\/wp\/v2\/types\/post"}],"author":[{"embeddable":true,"href":"https:\/\/conexion-mx.com\/index.php?rest_route=\/wp\/v2\/users\/2"}],"replies":[{"embeddable":true,"href":"https:\/\/conexion-mx.com\/index.php?rest_route=%2Fwp%2Fv2%2Fcomments&post=3405"}],"version-history":[{"count":0,"href":"https:\/\/conexion-mx.com\/index.php?rest_route=\/wp\/v2\/posts\/3405\/revisions"}],"wp:featuredmedia":[{"embeddable":true,"href":"https:\/\/conexion-mx.com\/index.php?rest_route=\/wp\/v2\/media\/3406"}],"wp:attachment":[{"href":"https:\/\/conexion-mx.com\/index.php?rest_route=%2Fwp%2Fv2%2Fmedia&parent=3405"}],"wp:term":[{"taxonomy":"category","embeddable":true,"href":"https:\/\/conexion-mx.com\/index.php?rest_route=%2Fwp%2Fv2%2Fcategories&post=3405"},{"taxonomy":"post_tag","embeddable":true,"href":"https:\/\/conexion-mx.com\/index.php?rest_route=%2Fwp%2Fv2%2Ftags&post=3405"}],"curies":[{"name":"wp","href":"https:\/\/api.w.org\/{rel}","templated":true}]}}