{"id":3411,"date":"2026-03-08T17:17:03","date_gmt":"2026-03-08T22:17:03","guid":{"rendered":"https:\/\/conexion-mx.com\/?p=3411"},"modified":"2026-03-08T17:17:03","modified_gmt":"2026-03-08T22:17:03","slug":"ariadna-montiel-acompana-a-claudia-sheinbaum-en-ceremonia-conmemorativa-del-dia-internacional-de-las-mujeres","status":"publish","type":"post","link":"https:\/\/conexion-mx.com\/?p=3411","title":{"rendered":"Ariadna Montiel acompa\u00f1a a Claudia Sheinbaum en ceremonia conmemorativa del D\u00eda Internacional de las Mujeres"},"content":{"rendered":"<p> <br \/>\n<\/p>\n<div itemprop=\"articleBody\">\n<div class=\"txt_contenido\">\n<p><strong>Ariadna Montiel Reyes<\/strong>, titular de la <strong>Secretar\u00eda del Bienestar,<\/strong> acompa\u00f1\u00f3 este domingo 8 de marzo a la presidenta de M\u00e9xico, <strong>Claudia Sheinbaum Pardo <\/strong>en la\u00a0conmemoraci\u00f3n del <strong>D\u00eda Internacional de la Mujer <\/strong>en homenaje a las mujeres de las <strong>Fuerzas Armadas<\/strong>.\u00a0<\/p>\n<p>La funcionaria federal coincicidi\u00f3 con la <strong>Jefa del Ejecutivo Federal <\/strong>en el reconocimiento a los derechos de las mujeres, as\u00ed como la importancia en mayor cantidad de espacios, lo cual contribuye a la transformaci\u00f3n del pa\u00eds.\u00a0<\/p>\n<aside class=\"htmlinline\"\/>\n<blockquote><p>&#13;<\/p>\n<p>Un d\u00eda para mirar la historia, comprender el presente y comprometernos con el futuro de las mujeres. Hoy, el reconocimiento de nuestros derechos y nuestra participaci\u00f3n en todos los espacios es parte de la transformaci\u00f3n del pa\u00eds\u00bb, dijo\u00a0Montiel Reyes.\u00a0<\/p>\n<aside class=\"relacionadas con-foto linea-1078\"><strong class=\"relacionadas-titulo-gral\">Noticias Relacionadas<\/strong><\/aside>\n<p>&#13;\n<\/p><\/blockquote>\n<p>La presidenta <strong>Claudia Sheinbaum<\/strong> afirm\u00f3 que el pueblo de M\u00e9xico reconoce y respeta a las <strong>mujeres<\/strong> que sirven al pa\u00eds, cuyo trabajo fortalece a la naci\u00f3n y abre camino a nuevas generaciones. Se\u00f1al\u00f3 que cada avance de una mujer ampl\u00eda oportunidades para todas y ayuda a construir un <strong>M\u00e9xico<\/strong> sin l\u00edmites ni discriminaci\u00f3n.<\/p>\n<p><strong>Sheinbaum Pardo<\/strong> destac\u00f3 que reconocer el papel hist\u00f3rico y actual de las <strong>mujeres<\/strong> permite edificar un pa\u00eds m\u00e1s justo y, por lo tanto, m\u00e1s fuerte. Subray\u00f3 que la patria se construye todos los d\u00edas con la participaci\u00f3n de las <strong>mujeres<\/strong>, quienes tejen <strong>libertad<\/strong>, <strong>democracia<\/strong>, <strong>justicia<\/strong>, <strong>independencia<\/strong> y <strong>soberan\u00eda<\/strong> <strong>com\u00fan<\/strong>.<\/p>\n<\/p><\/div>\n<\/p><\/div>\n<p><script>\n    !function(f,b,e,v,n,t,s)\n    {if(f.fbq)return;n=f.fbq=function(){n.callMethod?\n    n.callMethod.apply(n,arguments):n.queue.push(arguments)};\n    if(!f._fbq)f._fbq=n;n.push=n;n.loaded=!0;n.version='2.0';\n    n.queue=[];t=b.createElement(e);t.async=!0;\n    t.src=v;s=b.getElementsByTagName(e)[0];\n    s.parentNode.insertBefore(t,s)}(window, document,'script',\n    'https:\/\/connect.facebook.net\/en_US\/fbevents.js');\n    fbq('init', '237927003583820');\n    fbq('track', 'PageView');\n  <\/script><script>\n    !function(f,b,e,v,n,t,s)\n    {if(f.fbq)return;n=f.fbq=function(){n.callMethod?\n    n.callMethod.apply(n,arguments):n.queue.push(arguments)};\n    if(!f._fbq)f._fbq=n;n.push=n;n.loaded=!0;n.version='2.0';\n    n.queue=[];t=b.createElement(e);t.async=!0;\n    t.src=v;s=b.getElementsByTagName(e)[0];\n    s.parentNode.insertBefore(t,s)}(window, document,'script',\n    'https:\/\/connect.facebook.net\/en_US\/fbevents.js');\n    fbq('init', '802372280934901');\n    fbq('track', 'PageView');\n    <\/script><br \/>\n<br \/><\/p>\n","protected":false},"excerpt":{"rendered":"<p>Ariadna Montiel Reyes, titular de la Secretar\u00eda del Bienestar, acompa\u00f1\u00f3 este domingo 8 de marzo a la presidenta de M\u00e9xico, Claudia Sheinbaum Pardo en la\u00a0conmemoraci\u00f3n del D\u00eda Internacional de la Mujer en homenaje a las mujeres de las Fuerzas Armadas.\u00a0 La funcionaria federal coincicidi\u00f3 con la Jefa del Ejecutivo Federal en el reconocimiento a los [&hellip;]<\/p>\n","protected":false},"author":2,"featured_media":3412,"comment_status":"","ping_status":"","sticky":false,"template":"","format":"standard","meta":{"footnotes":""},"categories":[2],"tags":[],"class_list":["post-3411","post","type-post","status-publish","format-standard","has-post-thumbnail","hentry","category-local"],"_links":{"self":[{"href":"https:\/\/conexion-mx.com\/index.php?rest_route=\/wp\/v2\/posts\/3411","targetHints":{"allow":["GET"]}}],"collection":[{"href":"https:\/\/conexion-mx.com\/index.php?rest_route=\/wp\/v2\/posts"}],"about":[{"href":"https:\/\/conexion-mx.com\/index.php?rest_route=\/wp\/v2\/types\/post"}],"author":[{"embeddable":true,"href":"https:\/\/conexion-mx.com\/index.php?rest_route=\/wp\/v2\/users\/2"}],"replies":[{"embeddable":true,"href":"https:\/\/conexion-mx.com\/index.php?rest_route=%2Fwp%2Fv2%2Fcomments&post=3411"}],"version-history":[{"count":0,"href":"https:\/\/conexion-mx.com\/index.php?rest_route=\/wp\/v2\/posts\/3411\/revisions"}],"wp:featuredmedia":[{"embeddable":true,"href":"https:\/\/conexion-mx.com\/index.php?rest_route=\/wp\/v2\/media\/3412"}],"wp:attachment":[{"href":"https:\/\/conexion-mx.com\/index.php?rest_route=%2Fwp%2Fv2%2Fmedia&parent=3411"}],"wp:term":[{"taxonomy":"category","embeddable":true,"href":"https:\/\/conexion-mx.com\/index.php?rest_route=%2Fwp%2Fv2%2Fcategories&post=3411"},{"taxonomy":"post_tag","embeddable":true,"href":"https:\/\/conexion-mx.com\/index.php?rest_route=%2Fwp%2Fv2%2Ftags&post=3411"}],"curies":[{"name":"wp","href":"https:\/\/api.w.org\/{rel}","templated":true}]}}