{"id":3413,"date":"2026-03-09T01:32:56","date_gmt":"2026-03-09T06:32:56","guid":{"rendered":"https:\/\/conexion-mx.com\/?p=3413"},"modified":"2026-03-09T01:32:56","modified_gmt":"2026-03-09T06:32:56","slug":"marcha-del-8m-transcurre-mayormente-pacifica-en-la-cdmx-detectan-intento-de-danos-en-avenida-juarez","status":"publish","type":"post","link":"https:\/\/conexion-mx.com\/?p=3413","title":{"rendered":"Marcha del 8M transcurre mayormente pac\u00edfica en la CDMX; detectan intento de da\u00f1os en avenida Ju\u00e1rez"},"content":{"rendered":"<p> <br \/>\n<\/p>\n<div itemprop=\"articleBody\">\n<div class=\"txt_contenido\">\n<p>Cientos\u00a0de mujeres participaron este s\u00e1bado en la movilizaci\u00f3n por el <strong>D\u00eda Internacional de la Mujer <\/strong>en la <strong>Ciudad de M\u00e9xico<\/strong>, que reuni\u00f3 a aproximadamente 120 mil asistentes y concluy\u00f3 con saldo blanco, informaron la Secretar\u00eda de Gobierno y la Secretar\u00eda de Seguridad Ciudadana.<\/p>\n<p>Las marchas iniciaron alrededor de las <strong>10:00 horas<\/strong> desde la <strong>Glorieta de Amajac<\/strong> y distintos puntos del centro, con direcci\u00f3n al <strong>Z\u00f3calo<\/strong> capitalino, donde las actividades concluyeron cerca de las 20:30 horas. En general, la jornada se desarroll\u00f3 de <strong>manera<\/strong> <strong>pac\u00edfica<\/strong>.<\/p>\n<aside class=\"htmlinline\"\/>\n<p>Uno de los <strong>incidentes relevantes <\/strong>ocurri\u00f3 sobre Avenida Ju\u00e1rez, donde un <strong>grupo de manifestantes<\/strong> <strong>encapuchadas<\/strong> fue detectado cuando intentaba causar <strong>da\u00f1os<\/strong> a un <strong>establecimiento<\/strong>.<\/p>\n<div class=\"image-align-center\">\n<figure class=\"image\"><img loading=\"lazy\" decoding=\"async\" alt=\"\" height=\"435\" src=\"https:\/\/heraldodemexico.com.mx\/u\/fotografias\/m\/2026\/3\/8\/f768x1-1256049_1256176_5050.jpg\" width=\"768\"\/>&#13;<figcaption>Sobre Av. Ju\u00e1rez un grupo de manifestantes que portaban capuchas fueron detectadas intentando causar da\u00f1os a establecimientos. Foto: SSC\u00a0<\/figcaption>&#13;<br \/>\n<\/figure>\n<\/div>\n<p>Personal policial dio seguimiento al grupo hasta la <strong>avenida 5 de Mayo <\/strong>y logr\u00f3 encauzarlo hacia una zona donde no representara riesgo para el resto de las <strong>asistentes<\/strong>, adem\u00e1s de retirarles objetos aptos para agredir.<\/p>\n<p>Autoridades reportaron<strong> da\u00f1os menores <\/strong>en <strong>cuatro<\/strong> <strong>establecimientos<\/strong> y confirmaron que no hubo personas lesionadas durante la movilizaci\u00f3n<strong>.<\/strong><\/p>\n<p>\u00a0<\/p>\n<\/p><\/div>\n<\/p><\/div>\n<p><script>\n    !function(f,b,e,v,n,t,s)\n    {if(f.fbq)return;n=f.fbq=function(){n.callMethod?\n    n.callMethod.apply(n,arguments):n.queue.push(arguments)};\n    if(!f._fbq)f._fbq=n;n.push=n;n.loaded=!0;n.version='2.0';\n    n.queue=[];t=b.createElement(e);t.async=!0;\n    t.src=v;s=b.getElementsByTagName(e)[0];\n    s.parentNode.insertBefore(t,s)}(window, document,'script',\n    'https:\/\/connect.facebook.net\/en_US\/fbevents.js');\n    fbq('init', '237927003583820');\n    fbq('track', 'PageView');\n  <\/script><script>\n    !function(f,b,e,v,n,t,s)\n    {if(f.fbq)return;n=f.fbq=function(){n.callMethod?\n    n.callMethod.apply(n,arguments):n.queue.push(arguments)};\n    if(!f._fbq)f._fbq=n;n.push=n;n.loaded=!0;n.version='2.0';\n    n.queue=[];t=b.createElement(e);t.async=!0;\n    t.src=v;s=b.getElementsByTagName(e)[0];\n    s.parentNode.insertBefore(t,s)}(window, document,'script',\n    'https:\/\/connect.facebook.net\/en_US\/fbevents.js');\n    fbq('init', '802372280934901');\n    fbq('track', 'PageView');\n    <\/script><br \/>\n<br \/><\/p>\n","protected":false},"excerpt":{"rendered":"<p>Cientos\u00a0de mujeres participaron este s\u00e1bado en la movilizaci\u00f3n por el D\u00eda Internacional de la Mujer en la Ciudad de M\u00e9xico, que reuni\u00f3 a aproximadamente 120 mil asistentes y concluy\u00f3 con saldo blanco, informaron la Secretar\u00eda de Gobierno y la Secretar\u00eda de Seguridad Ciudadana. Las marchas iniciaron alrededor de las 10:00 horas desde la Glorieta de [&hellip;]<\/p>\n","protected":false},"author":2,"featured_media":3414,"comment_status":"","ping_status":"","sticky":false,"template":"","format":"standard","meta":{"footnotes":""},"categories":[2],"tags":[],"class_list":["post-3413","post","type-post","status-publish","format-standard","has-post-thumbnail","hentry","category-local"],"_links":{"self":[{"href":"https:\/\/conexion-mx.com\/index.php?rest_route=\/wp\/v2\/posts\/3413","targetHints":{"allow":["GET"]}}],"collection":[{"href":"https:\/\/conexion-mx.com\/index.php?rest_route=\/wp\/v2\/posts"}],"about":[{"href":"https:\/\/conexion-mx.com\/index.php?rest_route=\/wp\/v2\/types\/post"}],"author":[{"embeddable":true,"href":"https:\/\/conexion-mx.com\/index.php?rest_route=\/wp\/v2\/users\/2"}],"replies":[{"embeddable":true,"href":"https:\/\/conexion-mx.com\/index.php?rest_route=%2Fwp%2Fv2%2Fcomments&post=3413"}],"version-history":[{"count":0,"href":"https:\/\/conexion-mx.com\/index.php?rest_route=\/wp\/v2\/posts\/3413\/revisions"}],"wp:featuredmedia":[{"embeddable":true,"href":"https:\/\/conexion-mx.com\/index.php?rest_route=\/wp\/v2\/media\/3414"}],"wp:attachment":[{"href":"https:\/\/conexion-mx.com\/index.php?rest_route=%2Fwp%2Fv2%2Fmedia&parent=3413"}],"wp:term":[{"taxonomy":"category","embeddable":true,"href":"https:\/\/conexion-mx.com\/index.php?rest_route=%2Fwp%2Fv2%2Fcategories&post=3413"},{"taxonomy":"post_tag","embeddable":true,"href":"https:\/\/conexion-mx.com\/index.php?rest_route=%2Fwp%2Fv2%2Ftags&post=3413"}],"curies":[{"name":"wp","href":"https:\/\/api.w.org\/{rel}","templated":true}]}}