{"id":3417,"date":"2026-03-09T12:39:14","date_gmt":"2026-03-09T17:39:14","guid":{"rendered":"https:\/\/conexion-mx.com\/?p=3417"},"modified":"2026-03-09T12:39:14","modified_gmt":"2026-03-09T17:39:14","slug":"fabiola-alanis-se-suma-a-cadena-de-solidaridad-para-el-pequeno-oliver-staub","status":"publish","type":"post","link":"https:\/\/conexion-mx.com\/?p=3417","title":{"rendered":"Fabiola Alan\u00eds se suma a cadena de solidaridad para el peque\u00f1o Oliver Staub"},"content":{"rendered":"<p> <br \/>\n<\/p>\n<div>\n<p><strong>Fabiola Alan\u00eds<\/strong>,\u00a0<strong>Diputada\u00a0del Congreso de Michoac\u00e1n y Coordinadora de la Junta de Coordinaci\u00f3n Pol\u00edtica\u00a0(JUCOPO)<\/strong>, expres\u00f3 su compromiso de apoyar en el caso del <strong>Oliver Staub<\/strong>, el peque\u00f1o de dos a\u00f1os de edad que sufri\u00f3\u00a0una decapitaci\u00f3n interna durante\u00a0un accidente de transito mientras viajaba en compa\u00f1\u00eda de su familia en <strong>M\u00e9xico<\/strong> a finales de 2025.<\/p>\n<p>La legisladora manifest\u00f3 su inter\u00e9s inmediato en conocer al menor y a su familia, ofreciendo su ayuda y la del <strong>Congreso de<\/strong> <strong>Michoac\u00e1n<\/strong> para difundir la causa y realizar una aportaci\u00f3n, asegurando que\u00a0se brindar\u00e1 el respaldo necesario.<\/p>\n<aside class=\"htmlinline\"\/>\n<blockquote><p>&#13;<\/p>\n<p>\u00abVamos a brindar desde el Congreso de Michoac\u00e1n la solidaridad que est\u00e9 a nuestro alcance\u00bb, afirm\u00f3 Fabiola Alan\u00eds.<\/p>\n<p>&#13;\n<\/p><\/blockquote>\n<p>Destac\u00f3 la importancia de la solidaridad y la sororidad que ha rodeado el caso, mencionando la actuaci\u00f3n de los profesionales de la salud que garantizaron la vida de <strong>Oliver<\/strong>.<\/p>\n<div class=\"image-align-center\">\n<figure class=\"image\"><img loading=\"lazy\" decoding=\"async\" alt=\"\" height=\"398\" src=\"https:\/\/heraldodemexico.com.mx\/u\/fotografias\/m\/2026\/3\/9\/f768x1-1256127_1256254_5050.png\" width=\"768\"\/>&#13;<figcaption>Foto: El Heraldo de M\u00e9xico<\/figcaption>&#13;<br \/>\n<\/figure>\n<\/div>\n<h2>Fabiola Alan\u00eds se compromete a apoyar a\u00a0Oliver Staub<\/h2>\n<p>En entrevista para \u00ab<strong>Macanazo Informativo<\/strong>\u00bb con\u00a0<strong>Maca Carriedo<\/strong>,\u00a0de\u00a0El Heraldo Televisi\u00f3n que se transmite mediante la se\u00f1al de\u00a0El Heraldo Media Group,\u00a0se comprometi\u00f3 a difundir el tema y a realizar una aportaci\u00f3n en la medida de sus posibilidades, con el objetivo de que m\u00e1s personas se sumen a esta causa emblem\u00e1tica. Asimismo subray\u00f3 la resistencia y las ganas de vivir de <strong>Oliver<\/strong> como una inspiraci\u00f3n.<\/p>\n<blockquote><p>&#13;<\/p>\n<p>\u00abSu rostro es extraordinario, nos dice mucho esa mirada y cuenta con nuestro apoyo\u00bb, a\u00f1adi\u00f3\u00a0Fabiola Alan\u00eds.<\/p>\n<p>&#13;\n<\/p><\/blockquote>\n<h2>Madre de Oliver agradece el apoyo\u00a0<\/h2>\n<p>Por su parte, <strong>Laura<\/strong>, madre de <strong>Oliver<\/strong>, agradeci\u00f3 el apoyo y la oportunidad de que m\u00e1s personas conozcan la historia del ni\u00f1o. Resalt\u00f3 c\u00f3mo la \u00ab<strong>cadena de favores, de oraciones, de solidaridad<\/strong>\u00bb ha sido fundamental para mantenerlos firmes durante casi un a\u00f1o.<\/p>\n<blockquote><p>&#13;<\/p>\n<p>\u00abEsta cadena de favores, de oraciones, de solidaridad ha sido lo que nos ha mantenido por casi un a\u00f1o\u00bb, comparti\u00f3 Laura.&#13;\n<\/p>\n<\/blockquote>\n<p>Enfatiz\u00f3 que la alegr\u00eda del ni\u00f1o es el motor que los impulsa a seguir adelante, destacando que la suma de nuevas voluntades, como la de la diputada Alan\u00eds, representa un nuevo eslab\u00f3n en esta cadena virtuosa que se ha generado en torno a <strong>Oliver<\/strong>.&#13;<br \/>\n&#13;\n<\/p>\n<blockquote><p>&#13;<\/p>\n<p>\u00abOliver es un ni\u00f1o feliz, as\u00ed que mientras eso sea as\u00ed no vamos a parar\u00bb, concluy\u00f3 Laura, reafirmando la determinaci\u00f3n de la familia.&#13;\n<\/p>\n<\/blockquote><\/div>\n<p><script>\n    !function(f,b,e,v,n,t,s)\n    {if(f.fbq)return;n=f.fbq=function(){n.callMethod?\n    n.callMethod.apply(n,arguments):n.queue.push(arguments)};\n    if(!f._fbq)f._fbq=n;n.push=n;n.loaded=!0;n.version='2.0';\n    n.queue=[];t=b.createElement(e);t.async=!0;\n    t.src=v;s=b.getElementsByTagName(e)[0];\n    s.parentNode.insertBefore(t,s)}(window, document,'script',\n    'https:\/\/connect.facebook.net\/en_US\/fbevents.js');\n    fbq('init', '237927003583820');\n    fbq('track', 'PageView');\n  <\/script><script>\n    !function(f,b,e,v,n,t,s)\n    {if(f.fbq)return;n=f.fbq=function(){n.callMethod?\n    n.callMethod.apply(n,arguments):n.queue.push(arguments)};\n    if(!f._fbq)f._fbq=n;n.push=n;n.loaded=!0;n.version='2.0';\n    n.queue=[];t=b.createElement(e);t.async=!0;\n    t.src=v;s=b.getElementsByTagName(e)[0];\n    s.parentNode.insertBefore(t,s)}(window, document,'script',\n    'https:\/\/connect.facebook.net\/en_US\/fbevents.js');\n    fbq('init', '802372280934901');\n    fbq('track', 'PageView');\n    <\/script><br \/>\n<br \/><\/p>\n","protected":false},"excerpt":{"rendered":"<p>Fabiola Alan\u00eds,\u00a0Diputada\u00a0del Congreso de Michoac\u00e1n y Coordinadora de la Junta de Coordinaci\u00f3n Pol\u00edtica\u00a0(JUCOPO), expres\u00f3 su compromiso de apoyar en el caso del Oliver Staub, el peque\u00f1o de dos a\u00f1os de edad que sufri\u00f3\u00a0una decapitaci\u00f3n interna durante\u00a0un accidente de transito mientras viajaba en compa\u00f1\u00eda de su familia en M\u00e9xico a finales de 2025. La legisladora manifest\u00f3 [&hellip;]<\/p>\n","protected":false},"author":2,"featured_media":3418,"comment_status":"","ping_status":"","sticky":false,"template":"","format":"standard","meta":{"footnotes":""},"categories":[2],"tags":[],"class_list":["post-3417","post","type-post","status-publish","format-standard","has-post-thumbnail","hentry","category-local"],"_links":{"self":[{"href":"https:\/\/conexion-mx.com\/index.php?rest_route=\/wp\/v2\/posts\/3417","targetHints":{"allow":["GET"]}}],"collection":[{"href":"https:\/\/conexion-mx.com\/index.php?rest_route=\/wp\/v2\/posts"}],"about":[{"href":"https:\/\/conexion-mx.com\/index.php?rest_route=\/wp\/v2\/types\/post"}],"author":[{"embeddable":true,"href":"https:\/\/conexion-mx.com\/index.php?rest_route=\/wp\/v2\/users\/2"}],"replies":[{"embeddable":true,"href":"https:\/\/conexion-mx.com\/index.php?rest_route=%2Fwp%2Fv2%2Fcomments&post=3417"}],"version-history":[{"count":0,"href":"https:\/\/conexion-mx.com\/index.php?rest_route=\/wp\/v2\/posts\/3417\/revisions"}],"wp:featuredmedia":[{"embeddable":true,"href":"https:\/\/conexion-mx.com\/index.php?rest_route=\/wp\/v2\/media\/3418"}],"wp:attachment":[{"href":"https:\/\/conexion-mx.com\/index.php?rest_route=%2Fwp%2Fv2%2Fmedia&parent=3417"}],"wp:term":[{"taxonomy":"category","embeddable":true,"href":"https:\/\/conexion-mx.com\/index.php?rest_route=%2Fwp%2Fv2%2Fcategories&post=3417"},{"taxonomy":"post_tag","embeddable":true,"href":"https:\/\/conexion-mx.com\/index.php?rest_route=%2Fwp%2Fv2%2Ftags&post=3417"}],"curies":[{"name":"wp","href":"https:\/\/api.w.org\/{rel}","templated":true}]}}