{"id":3423,"date":"2026-03-10T06:29:53","date_gmt":"2026-03-10T11:29:53","guid":{"rendered":"https:\/\/conexion-mx.com\/?p=3423"},"modified":"2026-03-10T06:29:53","modified_gmt":"2026-03-10T11:29:53","slug":"la-importancia-de-llamarse-olimpia","status":"publish","type":"post","link":"https:\/\/conexion-mx.com\/?p=3423","title":{"rendered":"La importancia de Llamarse Olimpia"},"content":{"rendered":"<p> <br \/>\n<\/p>\n<div>\n<p>Hasta hace no mucho tiempo, compartir im\u00e1genes \u00edntimas sin autorizaci\u00f3n mediante redes sociales no era sancionado por la ley. La lucha de una <strong>mujer<\/strong>, que vivi\u00f3 en carne propia la injusticia por estos hechos, permiti\u00f3 que se legislara sobre ello.<\/p>\n<blockquote><p>&#13;<\/p>\n<p>\u201cAntes, la difusi\u00f3n de contenido \u00edntimo en redes sociales no era un delito, a menos que la persona fuera menor de edad, eso se llamaba pornograf\u00eda infantil y bueno, ahora ya tenemos tambi\u00e9n una protecci\u00f3n para personas mayores de edad\u201d, cuenta, en entrevista exclusiva para El Heraldo de M\u00e9xico,<strong> Indira Cato<\/strong>, <strong>directora del documental<\/strong>.<\/p>\n<aside class=\"htmlinline\"\/>&#13;\n<\/p><\/blockquote>\n<p>La lucha de <strong>Olimpia <\/strong>no solo es un ejemplo de resiliencia, sino de c\u00f3mo la lucha constante s\u00ed sirve para cambiar las cosas, para mostrarle a la sociedad cu\u00e1l es el camino que debe tomar para abatir las injusticias.<\/p>\n<blockquote><p>&#13;<\/p>\n<p>\u201cOlimpia es una luchadora ardua, tremenda, que lleva much\u00edsimos a\u00f1os en la lucha y la conoc\u00ed en redes sociales cuando ya llevaban la ley muy avanzada y aprobada pr\u00e1cticamente en la mitad del pa\u00eds.<\/p>\n<p>&#13;<br \/>\n&#13;<\/p>\n<p>\u201cLa contact\u00e9 porque me pareci\u00f3 que la historia era muy conmovedora. Es una historia personal de Olimpia, que grab\u00f3 un video sexual con su novio y se difundi\u00f3 en su pueblo, que es Huauchinango, Puebla, y cuando fue a denunciar, le dijeron que no hab\u00eda delito\u201d, a\u00f1ade <strong>Cato<\/strong>.<\/p>\n<p>&#13;\n<\/p><\/blockquote>\n<p>Tras estos hechos, la <strong>activista <\/strong>decidi\u00f3 estudiar y prepararse lo suficiente para redactar una ley que no solo cambi\u00f3 la forma en la que se castigan estos hechos en M\u00e9xico, tambi\u00e9n sirvi\u00f3 como inspiraci\u00f3n a otros pa\u00edses.<\/p>\n<blockquote><p>&#13;<\/p>\n<p>\u201cMuchas veces estamos alejados de las leyes, de todo lo que pasa en la pol\u00edtica porque no la entendemos, porque es un lenguaje que no conocemos del todo y me parece que algo in\u00e9dito con la Ley Olimpia es que tiene un rostro y una historia detr\u00e1s\u201d, <strong>se\u00f1ala<\/strong>.<\/p>\n<p>&#13;\n<\/p><\/blockquote>\n<h2>El rostro de la lucha<\/h2>\n<p>Tristemente, la de <strong>Olimpia Coral <\/strong>no es la \u00fanica historia de abuso y humillaci\u00f3n cometida en contra de las mujeres. Pero el hecho de que haya sido visible, permiti\u00f3 que millones de mujeres se sintieran identificadas con su lucha.&#13;<br \/>\n&#13;\n<\/p>\n<blockquote><p>&#13;<\/p>\n<p>\u201cEso nos facilita como poblaci\u00f3n crear empat\u00eda, entender y sentirnos identificadas, entender por qu\u00e9 es importante que esto se legisle. Es una historia muy conmovedora donde sobre todo habla mucho de la importancia que tuvo que su mam\u00e1 la apoyara en lugar de juzgarla.&#13;<br \/>\n&#13;\n<\/p>\n<p>\u201cEso le dio la fuerza para decir primero que quer\u00eda seguir viva, porque lleg\u00f3 un punto donde ni siquiera quer\u00eda seguir viva, pero no solo eso, sino ponerse a luchar y cambiar las leyes de un pa\u00eds donde pudiera sanar su propia historia a trav\u00e9s de proteger a las que ven\u00edan despu\u00e9s de ella\u201d, contin\u00faa la <strong>cineasta<\/strong>.\u00a0&#13;\n<\/p>\n<\/blockquote>\n<p>Para Cato, la <strong>violencia <\/strong>en contra de las mujeres sigue vigente en muchas esferas de la vida cotidiana, aunque justamente la visibilizaci\u00f3n de la problem\u00e1tica permite que nunca m\u00e1s sea ignorada.&#13;<br \/>\n&#13;\n<\/p>\n<blockquote><p>&#13;<\/p>\n<p>\u201cEsto simplemente refleja que la violencia que ya est\u00e1bamos viviendo las mujeres encuentra un nuevo espacio digital y entonces tambi\u00e9n hay que legislarlo. La Ley Olimpia es indispensable, era algo que necesit\u00e1bamos eh para tener mayor protecci\u00f3n.&#13;<br \/>\n&#13;\n<\/p>\n<p>\u201cSin embargo, creo que esta, como cualquier otra ley, necesita ir acompa\u00f1ada de otro tipo de acciones, porque podemos tener todas las leyes y son important\u00edsimas, pero tambi\u00e9n necesitamos trabajar en la prevenci\u00f3n\u201d, <strong>explica<\/strong>.&#13;\n<\/p>\n<\/blockquote>\n<p>Para la directora, el <strong>cambio <\/strong>es tan b\u00e1sico como profundo: todo lo que se necesita es respeto entre seres humanos para evitar hacer cosas que representen de forma indigna a nuestros semejantes.&#13;<br \/>\n&#13;\n<\/p>\n<blockquote><p>&#13;<\/p>\n<p>\u201cNecesitamos que haya capacitaciones e ir poco a poco cambiando la forma de ver las violencias por parte de la sociedad y, en este caso, el documental es una forma distinta de aproximarnos a otros p\u00fablicos, de acercar a la gente, de darle a entender desde lo humano, desde la empat\u00eda, la importancia de respetarnos y considerarnos seres humanos, que ser\u00eda muy b\u00e1sico, pero que en la pr\u00e1ctica no est\u00e1 sucediendo\u201d, <strong>concluye<\/strong>.&#13;\n<\/p>\n<\/blockquote>\n<p><strong>Llamarse Olimpia<\/strong> se estrena en cuatro cines de la Ciudad de M\u00e9xico, si quieres conocer los horarios y sedes, puedes conocerlas en las redes sociales oficiales de la cinta.&#13;<br \/>\n&#13;<br \/>\n&#13;\n                                <\/p>\n<\/p><\/div>\n<p><script>\n    !function(f,b,e,v,n,t,s)\n    {if(f.fbq)return;n=f.fbq=function(){n.callMethod?\n    n.callMethod.apply(n,arguments):n.queue.push(arguments)};\n    if(!f._fbq)f._fbq=n;n.push=n;n.loaded=!0;n.version='2.0';\n    n.queue=[];t=b.createElement(e);t.async=!0;\n    t.src=v;s=b.getElementsByTagName(e)[0];\n    s.parentNode.insertBefore(t,s)}(window, document,'script',\n    'https:\/\/connect.facebook.net\/en_US\/fbevents.js');\n    fbq('init', '237927003583820');\n    fbq('track', 'PageView');\n  <\/script><br \/>\n<br \/><\/p>\n","protected":false},"excerpt":{"rendered":"<p>Hasta hace no mucho tiempo, compartir im\u00e1genes \u00edntimas sin autorizaci\u00f3n mediante redes sociales no era sancionado por la ley. La lucha de una mujer, que vivi\u00f3 en carne propia la injusticia por estos hechos, permiti\u00f3 que se legislara sobre ello. &#13; \u201cAntes, la difusi\u00f3n de contenido \u00edntimo en redes sociales no era un delito, a [&hellip;]<\/p>\n","protected":false},"author":4,"featured_media":3424,"comment_status":"","ping_status":"","sticky":false,"template":"","format":"standard","meta":{"footnotes":""},"categories":[33],"tags":[],"class_list":["post-3423","post","type-post","status-publish","format-standard","has-post-thumbnail","hentry","category-cultura"],"_links":{"self":[{"href":"https:\/\/conexion-mx.com\/index.php?rest_route=\/wp\/v2\/posts\/3423","targetHints":{"allow":["GET"]}}],"collection":[{"href":"https:\/\/conexion-mx.com\/index.php?rest_route=\/wp\/v2\/posts"}],"about":[{"href":"https:\/\/conexion-mx.com\/index.php?rest_route=\/wp\/v2\/types\/post"}],"author":[{"embeddable":true,"href":"https:\/\/conexion-mx.com\/index.php?rest_route=\/wp\/v2\/users\/4"}],"replies":[{"embeddable":true,"href":"https:\/\/conexion-mx.com\/index.php?rest_route=%2Fwp%2Fv2%2Fcomments&post=3423"}],"version-history":[{"count":0,"href":"https:\/\/conexion-mx.com\/index.php?rest_route=\/wp\/v2\/posts\/3423\/revisions"}],"wp:featuredmedia":[{"embeddable":true,"href":"https:\/\/conexion-mx.com\/index.php?rest_route=\/wp\/v2\/media\/3424"}],"wp:attachment":[{"href":"https:\/\/conexion-mx.com\/index.php?rest_route=%2Fwp%2Fv2%2Fmedia&parent=3423"}],"wp:term":[{"taxonomy":"category","embeddable":true,"href":"https:\/\/conexion-mx.com\/index.php?rest_route=%2Fwp%2Fv2%2Fcategories&post=3423"},{"taxonomy":"post_tag","embeddable":true,"href":"https:\/\/conexion-mx.com\/index.php?rest_route=%2Fwp%2Fv2%2Ftags&post=3423"}],"curies":[{"name":"wp","href":"https:\/\/api.w.org\/{rel}","templated":true}]}}