{"id":3429,"date":"2026-03-10T14:57:27","date_gmt":"2026-03-10T19:57:27","guid":{"rendered":"https:\/\/conexion-mx.com\/?p=3429"},"modified":"2026-03-10T14:57:27","modified_gmt":"2026-03-10T19:57:27","slug":"hallan-muerto-a-el-odontologo-de-las-estrellas-famosos-le-dan-el-ultimo-adios","status":"publish","type":"post","link":"https:\/\/conexion-mx.com\/?p=3429","title":{"rendered":"Hallan muerto a \u00abEl Odont\u00f3logo de las Estrellas\u00bb; famosos le dan el \u00faltimo adi\u00f3s"},"content":{"rendered":"<p> <br \/>\n<\/p>\n<div>\n<p>Una vez m\u00e1s la industria del espect\u00e1culo se visti\u00f3 de luto despu\u00e9s de que se confirmara la muerte de<strong> Jimmer Hern\u00e1ndez<\/strong>, tambi\u00e9n conocido como \u00ab<strong>El Odont\u00f3logo de las Estrellas<\/strong>\u00ab. La noticia fue anunciada en redes sociales, generando distintas reacciones entre las figuras del entretenimiento.\u00a0<\/p>\n<p>Por medio del perfil de\u00a0<strong>Jimmer Hern\u00e1ndez <\/strong>y del consultorio Elite Cosmetic Dental fue anunciado que el odont\u00f3logo que trabaj\u00f3 con varias celebridades hab\u00eda perdido la vida el pasado fin de semana. Inmediatamente familiares y amigos le dieron el \u00faltimo adi\u00f3s.<\/p>\n<aside class=\"htmlinline\"\/>\n<h2>Encuentran muerto al odont\u00f3logo de las estrellas<\/h2>\n<p>El pasado s\u00e1bado 7 de marzo, por medio de redes sociales, se confirm\u00f3 la muerte de <strong>Jimmer Hern\u00e1ndez<\/strong>, reconocido odont\u00f3logo que tuvo la oportunidad de colaborar con grandes figuras del espect\u00e1culo de Colombia. Varias celebridades reaccionaron al lamentable fallecimiento.<\/p>\n<p>A lo largo de su trabajo, <strong>Jimmer Hern\u00e1ndez \u00abEl Odont\u00f3logo de las Estrellas\u00bb\u00a0<\/strong>destac\u00f3 por trabajar para figuras como<strong> Lina Tejeiro, Ori\u00e1n Su\u00e1rez, Yolanda Rayo y J Balvin<\/strong>, grandes figuras del entretenimiento colombiano. Algunos de ellos le dieron el \u00faltimo adi\u00f3s al especialista.\u00a0<\/p>\n<blockquote><p>&#13;<\/p>\n<p>\u201cSabes que te quer\u00eda de verdad. No puedo entender tu pronta partida. Descansa en paz\u201d, escribi\u00f3 la actriz, Yolanda Rayo.\u00a0<\/p>\n<p>&#13;\n<\/p><\/blockquote>\n<h2>\u00bfDe que muri\u00f3 Jimmer Hern\u00e1ndez?<\/h2>\n<p>Fue el pasado s\u00e1bado 7 de marzo cuando se confirm\u00f3 la muerte de<strong> Jimmer Hern\u00e1ndez \u00abEl Odont\u00f3logo de las Estrellas\u00bb<\/strong>, quien destac\u00f3 por el trabajo que les hizo a grandes figuras del entretenimiento en Colombia. Su cl\u00ednica, Elite Cosmetic Dental ten\u00eda presencia en varias ciudades de aquel pa\u00eds e incluso en Estados Unidos.\u00a0<\/p>\n<p>Hasta el momento ning\u00fan familiar ni nadie cercano a<strong> Jimmer Hern\u00e1ndez<\/strong>\u00a0ha revelado la verdadera causa de la muerte del <strong>odont\u00f3logo<\/strong>; sin embargo, medios de aquel pa\u00eds han dado detalles de lo ocurrido la noche en la que fue localizado sin vida.\u00a0<\/p>\n<p>Una persona cercana a la familia detall\u00f3 que <strong>Jimmer Hern\u00e1ndez <\/strong>se habr\u00eda quedado dormido durante la noche del viernes 6 de marzo, pero en la madrugada present\u00f3 un problema de salud que lo llev\u00f3 a perder la vida. Al parecer se trat\u00f3 de un infarto.\u00a0&#13;<br \/>\n&#13;\n<\/p>\n<p>Despu\u00e9s de no presentarse a la cl\u00ednica, sus familiares acudieron al hogar de <strong>Jimmer Hern\u00e1ndez<\/strong> donde fue localizado sin vida. El odont\u00f3logo fue trasladado a un hospital donde finalmente confirmaron su muerte.\u00a0&#13;<br \/>\n&#13;\n<\/p>\n<p>\u00a0&#13;<br \/>\n&#13;<br \/>\n&#13;\n                                <\/p>\n<\/p><\/div>\n<p><script>\n    !function(f,b,e,v,n,t,s)\n    {if(f.fbq)return;n=f.fbq=function(){n.callMethod?\n    n.callMethod.apply(n,arguments):n.queue.push(arguments)};\n    if(!f._fbq)f._fbq=n;n.push=n;n.loaded=!0;n.version='2.0';\n    n.queue=[];t=b.createElement(e);t.async=!0;\n    t.src=v;s=b.getElementsByTagName(e)[0];\n    s.parentNode.insertBefore(t,s)}(window, document,'script',\n    'https:\/\/connect.facebook.net\/en_US\/fbevents.js');\n    fbq('init', '237927003583820');\n    fbq('track', 'PageView');\n  <\/script><script>\n    !function(f,b,e,v,n,t,s)\n    {if(f.fbq)return;n=f.fbq=function(){n.callMethod?\n    n.callMethod.apply(n,arguments):n.queue.push(arguments)};\n    if(!f._fbq)f._fbq=n;n.push=n;n.loaded=!0;n.version='2.0';\n    n.queue=[];t=b.createElement(e);t.async=!0;\n    t.src=v;s=b.getElementsByTagName(e)[0];\n    s.parentNode.insertBefore(t,s)}(window, document,'script',\n    'https:\/\/connect.facebook.net\/en_US\/fbevents.js');\n    fbq('init', '775201487065840');\n    fbq('track', 'PageView');\n    <\/script><br \/>\n<br \/><\/p>\n","protected":false},"excerpt":{"rendered":"<p>Una vez m\u00e1s la industria del espect\u00e1culo se visti\u00f3 de luto despu\u00e9s de que se confirmara la muerte de Jimmer Hern\u00e1ndez, tambi\u00e9n conocido como \u00abEl Odont\u00f3logo de las Estrellas\u00ab. La noticia fue anunciada en redes sociales, generando distintas reacciones entre las figuras del entretenimiento.\u00a0 Por medio del perfil de\u00a0Jimmer Hern\u00e1ndez y del consultorio Elite Cosmetic [&hellip;]<\/p>\n","protected":false},"author":3,"featured_media":3430,"comment_status":"","ping_status":"","sticky":false,"template":"","format":"standard","meta":{"footnotes":""},"categories":[35],"tags":[],"class_list":["post-3429","post","type-post","status-publish","format-standard","has-post-thumbnail","hentry","category-espectaculos"],"_links":{"self":[{"href":"https:\/\/conexion-mx.com\/index.php?rest_route=\/wp\/v2\/posts\/3429","targetHints":{"allow":["GET"]}}],"collection":[{"href":"https:\/\/conexion-mx.com\/index.php?rest_route=\/wp\/v2\/posts"}],"about":[{"href":"https:\/\/conexion-mx.com\/index.php?rest_route=\/wp\/v2\/types\/post"}],"author":[{"embeddable":true,"href":"https:\/\/conexion-mx.com\/index.php?rest_route=\/wp\/v2\/users\/3"}],"replies":[{"embeddable":true,"href":"https:\/\/conexion-mx.com\/index.php?rest_route=%2Fwp%2Fv2%2Fcomments&post=3429"}],"version-history":[{"count":0,"href":"https:\/\/conexion-mx.com\/index.php?rest_route=\/wp\/v2\/posts\/3429\/revisions"}],"wp:featuredmedia":[{"embeddable":true,"href":"https:\/\/conexion-mx.com\/index.php?rest_route=\/wp\/v2\/media\/3430"}],"wp:attachment":[{"href":"https:\/\/conexion-mx.com\/index.php?rest_route=%2Fwp%2Fv2%2Fmedia&parent=3429"}],"wp:term":[{"taxonomy":"category","embeddable":true,"href":"https:\/\/conexion-mx.com\/index.php?rest_route=%2Fwp%2Fv2%2Fcategories&post=3429"},{"taxonomy":"post_tag","embeddable":true,"href":"https:\/\/conexion-mx.com\/index.php?rest_route=%2Fwp%2Fv2%2Ftags&post=3429"}],"curies":[{"name":"wp","href":"https:\/\/api.w.org\/{rel}","templated":true}]}}