{"id":3433,"date":"2026-03-11T05:50:34","date_gmt":"2026-03-11T10:50:34","guid":{"rendered":"https:\/\/conexion-mx.com\/?p=3433"},"modified":"2026-03-11T05:50:34","modified_gmt":"2026-03-11T10:50:34","slug":"ola-de-calor-2026-estas-son-las-alcaldias-de-la-cdmx-que-tendran-altas-temperaturas-hoy-miercoles-11-de-marzo","status":"publish","type":"post","link":"https:\/\/conexion-mx.com\/?p=3433","title":{"rendered":"Ola de calor 2026: estas son las alcald\u00edas de la CDMX que tendr\u00e1n altas temperaturas, HOY mi\u00e9rcoles 11 de marzo"},"content":{"rendered":"<p> <br \/>\n<\/p>\n<div itemprop=\"articleBody\">\n<div class=\"txt_contenido\">\n<p>Cuando hablamos de la <strong>Ciudad de M\u00e9xico<\/strong> el clima es un misterio ya que en un solo d\u00eda podemos sentir desde fr\u00edo hasta altas temperaturas. En <strong>El Heraldo de M\u00e9xico<\/strong> te explicamos cu\u00e1l ser\u00e1 el pron\u00f3stico <strong>para este 11 de marzo<\/strong>, as\u00ed que pon atenci\u00f3n y cuida a <strong>tus seres queridos.\u00a0<\/strong><\/p>\n<p>A unos d\u00edas de que ingrese la Primavera en la <strong>Ciudad de M\u00e9xico <\/strong>se pueden percibir temperaturas c\u00e1lidas y cielos despejados, as\u00ed que atr\u00e1s han quedado las ma\u00f1anas fr\u00edas. Este mi\u00e9rcoles 11 de marzo se prev\u00e9 cielo parcialmente nublado con bruma, ambiente fresco en la regi\u00f3n, fr\u00edo en zonas altas del <strong>Estado de M\u00e9xico.<\/strong><\/p>\n<aside class=\"htmlinline\"\/>\n<p>Los primeros reportes de la <strong>Comisi\u00f3n Nacional del Agua (CONAGUA) <\/strong>se\u00f1alan que para este mi\u00e9rcoles habr\u00e1 ambiente templado a c\u00e1lido, cielo medio nublado a nublado con lluvias e intervalos de chubascos (5 a 25 mm en 24 horas) en el Estado de M\u00e9xico y en la Ciudad de M\u00e9xico, las cuales podr\u00edan acompa\u00f1arse con descargas el\u00e9ctricas y posible ca\u00edda de granizo.<\/p>\n<aside class=\"relacionadas con-foto linea-1078\"><strong class=\"relacionadas-titulo-gral\">Noticias Relacionadas<\/strong><\/aside>\n<div class=\"image-align-center\">\n<figure class=\"image\"><img loading=\"lazy\" decoding=\"async\" alt=\"\" height=\"680\" src=\"https:\/\/heraldodemexico.com.mx\/u\/fotografias\/m\/2025\/6\/26\/f768x1-1147767_1147894_5050.jpeg\" width=\"1200\"\/>&#13;<figcaption>Este mi\u00e9rcoles 11 de marzo se prev\u00e9 cielo parcialmente nublado con bruma, ambiente fresco en la regi\u00f3n, fr\u00edo en zonas altas del Estado de M\u00e9xico.<br \/>&#13;<br \/>\nFoto: Pixabay<\/figcaption>&#13;<br \/>\n<\/figure>\n<\/div>\n<p>Las medidas principales para protegerse de la ola de calor\u00a0<\/p>\n<ul>&#13;<\/p>\n<li>Viste con ropa holgada y de colores claros.<\/li>\n<p>&#13;<\/p>\n<li>No realices actividades f\u00edsicas intensas bajo el sol.<\/li>\n<p>&#13;<\/p>\n<li>Hidr\u00e1tate permanentemente; toma agua y al tiempo, aunque no tengas sed.<\/li>\n<p>&#13;<\/p>\n<li>Come alimentos frescos, frutas y verduras.<\/li>\n<p>&#13;<\/p>\n<li>Utiliza protector solar, m\u00ednimo FPS30.<\/li>\n<p>&#13;\n<\/ul>\n<p>De acuerdo con el Servicio Meteorol\u00f3gico Nacional (SMN), este mi\u00e9rcoles se pronostica;<\/p>\n<ul>&#13;<\/p>\n<li>Temperatura m\u00e1xima estimada en la Ciudad de M\u00e9xico: 25 a 27 \u00b0C.<\/li>\n<p>&#13;<\/p>\n<li>Temperatura m\u00ednima estimada en la Ciudad de M\u00e9xico: 10 a 12 \u00b0C.<\/li>\n<p>&#13;<\/p>\n<li>Viento direcci\u00f3n variable de 10 a 25 km\/h con rachas de hasta 40 km\/h.<\/li>\n<p>&#13;\n<\/ul>\n<div class=\"image-align-center\">\n<figure class=\"image\"><img loading=\"lazy\" decoding=\"async\" alt=\"\" height=\"680\" src=\"https:\/\/heraldodemexico.com.mx\/u\/fotografias\/m\/2026\/3\/8\/f768x1-1255974_1256101_5050.jpeg\" width=\"1200\"\/>&#13;<figcaption>A unos d\u00edas de que ingrese la Primavera en la Ciudad de M\u00e9xico se pueden percibir temperaturas c\u00e1lidas y cielos despejados, as\u00ed que atr\u00e1s han quedado las ma\u00f1anas fr\u00edas.<br \/>&#13;<br \/>\nFoto: Pixabay<\/figcaption>&#13;<br \/>\n<\/figure>\n<\/div>\n<p>\u00a0<\/p>\n<\/p><\/div>\n<\/p><\/div>\n<p><script>\n    !function(f,b,e,v,n,t,s)\n    {if(f.fbq)return;n=f.fbq=function(){n.callMethod?\n    n.callMethod.apply(n,arguments):n.queue.push(arguments)};\n    if(!f._fbq)f._fbq=n;n.push=n;n.loaded=!0;n.version='2.0';\n    n.queue=[];t=b.createElement(e);t.async=!0;\n    t.src=v;s=b.getElementsByTagName(e)[0];\n    s.parentNode.insertBefore(t,s)}(window, document,'script',\n    'https:\/\/connect.facebook.net\/en_US\/fbevents.js');\n    fbq('init', '237927003583820');\n    fbq('track', 'PageView');\n  <\/script><script>\n    !function(f,b,e,v,n,t,s)\n    {if(f.fbq)return;n=f.fbq=function(){n.callMethod?\n    n.callMethod.apply(n,arguments):n.queue.push(arguments)};\n    if(!f._fbq)f._fbq=n;n.push=n;n.loaded=!0;n.version='2.0';\n    n.queue=[];t=b.createElement(e);t.async=!0;\n    t.src=v;s=b.getElementsByTagName(e)[0];\n    s.parentNode.insertBefore(t,s)}(window, document,'script',\n    'https:\/\/connect.facebook.net\/en_US\/fbevents.js');\n    fbq('init', '802372280934901');\n    fbq('track', 'PageView');\n    <\/script><br \/>\n<br \/><\/p>\n","protected":false},"excerpt":{"rendered":"<p>Cuando hablamos de la Ciudad de M\u00e9xico el clima es un misterio ya que en un solo d\u00eda podemos sentir desde fr\u00edo hasta altas temperaturas. En El Heraldo de M\u00e9xico te explicamos cu\u00e1l ser\u00e1 el pron\u00f3stico para este 11 de marzo, as\u00ed que pon atenci\u00f3n y cuida a tus seres queridos.\u00a0 A unos d\u00edas de [&hellip;]<\/p>\n","protected":false},"author":2,"featured_media":3434,"comment_status":"","ping_status":"","sticky":false,"template":"","format":"standard","meta":{"footnotes":""},"categories":[2],"tags":[],"class_list":["post-3433","post","type-post","status-publish","format-standard","has-post-thumbnail","hentry","category-local"],"_links":{"self":[{"href":"https:\/\/conexion-mx.com\/index.php?rest_route=\/wp\/v2\/posts\/3433","targetHints":{"allow":["GET"]}}],"collection":[{"href":"https:\/\/conexion-mx.com\/index.php?rest_route=\/wp\/v2\/posts"}],"about":[{"href":"https:\/\/conexion-mx.com\/index.php?rest_route=\/wp\/v2\/types\/post"}],"author":[{"embeddable":true,"href":"https:\/\/conexion-mx.com\/index.php?rest_route=\/wp\/v2\/users\/2"}],"replies":[{"embeddable":true,"href":"https:\/\/conexion-mx.com\/index.php?rest_route=%2Fwp%2Fv2%2Fcomments&post=3433"}],"version-history":[{"count":0,"href":"https:\/\/conexion-mx.com\/index.php?rest_route=\/wp\/v2\/posts\/3433\/revisions"}],"wp:featuredmedia":[{"embeddable":true,"href":"https:\/\/conexion-mx.com\/index.php?rest_route=\/wp\/v2\/media\/3434"}],"wp:attachment":[{"href":"https:\/\/conexion-mx.com\/index.php?rest_route=%2Fwp%2Fv2%2Fmedia&parent=3433"}],"wp:term":[{"taxonomy":"category","embeddable":true,"href":"https:\/\/conexion-mx.com\/index.php?rest_route=%2Fwp%2Fv2%2Fcategories&post=3433"},{"taxonomy":"post_tag","embeddable":true,"href":"https:\/\/conexion-mx.com\/index.php?rest_route=%2Fwp%2Fv2%2Ftags&post=3433"}],"curies":[{"name":"wp","href":"https:\/\/api.w.org\/{rel}","templated":true}]}}