{"id":3435,"date":"2026-03-11T13:53:55","date_gmt":"2026-03-11T18:53:55","guid":{"rendered":"https:\/\/conexion-mx.com\/?p=3435"},"modified":"2026-03-11T13:53:55","modified_gmt":"2026-03-11T18:53:55","slug":"diputados-se-reunen-con-funcionaria-de-la-sep-destaca-protocolos-para-violencia-escolar","status":"publish","type":"post","link":"https:\/\/conexion-mx.com\/?p=3435","title":{"rendered":"Diputados se re\u00fanen con funcionaria de la SEP; destaca protocolos para violencia escolar"},"content":{"rendered":"<p> <br \/>\n<\/p>\n<div>\n<p>Este mi\u00e9rcoles, la Comisi\u00f3n de Educaci\u00f3n de la C\u00e1mara de Diputados sostuvo una reuni\u00f3n de trabajo con la Subsecretaria de Educaci\u00f3n B\u00e1sica de la Secretar\u00eda de Educaci\u00f3n P\u00fablica (SEP), Noem\u00ed Ju\u00e1rez P\u00e9rez para hablar sobre el modelo de la \u201cNueva Escuela Mexicana\u201d.<\/p>\n<p>Durante este encuentro que dur\u00f3 alrededor de una hora y media, Ju\u00e1rez P\u00e9rez afirm\u00f3 que el sistema educativo cuenta con protocolos contra la violencia sexual y el maltrato infantil, adem\u00e1s rechaz\u00f3 que haya un d\u00e9ficit de libros de texto en secundarias del pa\u00eds.\u00a0<\/p>\n<aside class=\"htmlinline\"\/>\n<p>Subray\u00f3 que muchas de las violencias que afectan a ni\u00f1as, ni\u00f1os y adolescentes tienen origen en el entorno familiar, por lo que consider\u00f3 indispensable abordar el problema desde la escuela y tambi\u00e9n desde los hogares.<\/p>\n<p>\u201cUno de los espacios donde m\u00e1s se replican las violencias son en las familias\u2026 abordar y discutir la violencia machista entre las familias es necesario\u201d, afirm\u00f3.<\/p>\n<div class=\"image-align-center\">\n<figure class=\"image\"><img loading=\"lazy\" decoding=\"async\" alt=\"\" height=\"511\" src=\"https:\/\/heraldodemexico.com.mx\/u\/fotografias\/m\/2026\/3\/11\/f768x1-1257219_1257346_5050.jpeg\" width=\"768\"\/>&#13;<figcaption>En reuni\u00f3n de trabajo | Cinthya Stettin<\/figcaption>&#13;<br \/>\n<\/figure>\n<\/div>\n<p>Explic\u00f3 que, para enfrentar esta problem\u00e1tica, el gobierno federal ya public\u00f3 tres lineamientos en el Diario Oficial de la Federaci\u00f3n orientados a prevenir y atender situaciones de violencia dentro de las comunidades escolares.<\/p>\n<p>\u201cTenemos tres lineamientos muy importantes: uno contra el acoso escolar, otro contra el maltrato infantil y uno m\u00e1s contra la violencia sexual. Todas las entidades est\u00e1n armonizando sus protocolos para saber c\u00f3mo actuar y atender estos casos\u201d, detall\u00f3.<\/p>\n<p>Agreg\u00f3 que la erradicaci\u00f3n de la violencia sexual y el maltrato infantil es una de las principales preocupaciones del sistema educativo, por lo que se trabaja en coordinaci\u00f3n con las entidades federativas para reforzar mecanismos de detecci\u00f3n y atenci\u00f3n.<\/p>\n<p>En otro tema, Ju\u00e1rez P\u00e9rez rechaz\u00f3 versiones sobre la supuesta ausencia de libros de texto en secundaria y asegur\u00f3 que el sistema educativo s\u00ed cuenta con materiales para este nivel.&#13;<br \/>\n&#13;\n<\/p>\n<p>\u201cEso de que no hay libros en secundarias no es verdad, s\u00ed hay libros\u2026 Se imprimen 155 millones de libros para educaci\u00f3n b\u00e1sica. Eso implica producir entre 28 y 30 millones de ejemplares al mes; parar un solo d\u00eda significa detener la impresi\u00f3n de alrededor de 800 mil libros\u201d, explic\u00f3.&#13;<br \/>\n&#13;\n<\/p>\n<h2>Iniciativa vs violencia en menores<\/h2>\n<p>Ante el incremento de reportes de violencia escolar en distintos planteles educativos del pa\u00eds, y de la capital, el Partido Verde propuso fortalecer la seguridad en estas instituciones educativas para garantizar el inter\u00e9s superior de la ni\u00f1ez.\u00a0&#13;<br \/>\n&#13;\n<\/p>\n<p>Para ello, y en un af\u00e1n de prevenir, la diputada del Congreso capitalino, Rebeca Peralta busca establecer responsabilidad penal a las personas adultas que, por negligencia en el resguardo de armas de fuego, permitan que una persona menor de edad tenga acceso a ellas.&#13;<br \/>\n&#13;\n<\/p>\n<p>La sanci\u00f3n por esta acci\u00f3n ser\u00e1 de seis meses a tres a\u00f1os de prisi\u00f3n, multa de 11 mil 731 a 35 mil 193 pesos, adem\u00e1s de participar en programas de responsabilidad parental y prevenci\u00f3n de la violencia de manera obligatoria.\u00a0&#13;<br \/>\n&#13;\n<\/p>\n<p>Asimismo, dijo es necesario es establecer un protocolo de seguridad escolar ante la portaci\u00f3n de armas en todos los planteles educativos.&#13;<br \/>\n&#13;\n<\/p>\n<p>Esto es a trav\u00e9s de modificaciones al C\u00f3digo Penal, la Ley de Educaci\u00f3n, y la Ley de los Derechos de Ni\u00f1as, Ni\u00f1os y Adolescentes, todos de la Ciudad de M\u00e9xico.&#13;<br \/>\n&#13;<br \/>\n&#13;\n                                <\/p>\n<\/p><\/div>\n<p><script>\n    !function(f,b,e,v,n,t,s)\n    {if(f.fbq)return;n=f.fbq=function(){n.callMethod?\n    n.callMethod.apply(n,arguments):n.queue.push(arguments)};\n    if(!f._fbq)f._fbq=n;n.push=n;n.loaded=!0;n.version='2.0';\n    n.queue=[];t=b.createElement(e);t.async=!0;\n    t.src=v;s=b.getElementsByTagName(e)[0];\n    s.parentNode.insertBefore(t,s)}(window, document,'script',\n    'https:\/\/connect.facebook.net\/en_US\/fbevents.js');\n    fbq('init', '237927003583820');\n    fbq('track', 'PageView');\n  <\/script><script>\n    !function(f,b,e,v,n,t,s)\n    {if(f.fbq)return;n=f.fbq=function(){n.callMethod?\n    n.callMethod.apply(n,arguments):n.queue.push(arguments)};\n    if(!f._fbq)f._fbq=n;n.push=n;n.loaded=!0;n.version='2.0';\n    n.queue=[];t=b.createElement(e);t.async=!0;\n    t.src=v;s=b.getElementsByTagName(e)[0];\n    s.parentNode.insertBefore(t,s)}(window, document,'script',\n    'https:\/\/connect.facebook.net\/en_US\/fbevents.js');\n    fbq('init', '802372280934901');\n    fbq('track', 'PageView');\n    <\/script><br \/>\n<br \/><\/p>\n","protected":false},"excerpt":{"rendered":"<p>Este mi\u00e9rcoles, la Comisi\u00f3n de Educaci\u00f3n de la C\u00e1mara de Diputados sostuvo una reuni\u00f3n de trabajo con la Subsecretaria de Educaci\u00f3n B\u00e1sica de la Secretar\u00eda de Educaci\u00f3n P\u00fablica (SEP), Noem\u00ed Ju\u00e1rez P\u00e9rez para hablar sobre el modelo de la \u201cNueva Escuela Mexicana\u201d. Durante este encuentro que dur\u00f3 alrededor de una hora y media, Ju\u00e1rez P\u00e9rez [&hellip;]<\/p>\n","protected":false},"author":2,"featured_media":3436,"comment_status":"","ping_status":"","sticky":false,"template":"","format":"standard","meta":{"footnotes":""},"categories":[2],"tags":[],"class_list":["post-3435","post","type-post","status-publish","format-standard","has-post-thumbnail","hentry","category-local"],"_links":{"self":[{"href":"https:\/\/conexion-mx.com\/index.php?rest_route=\/wp\/v2\/posts\/3435","targetHints":{"allow":["GET"]}}],"collection":[{"href":"https:\/\/conexion-mx.com\/index.php?rest_route=\/wp\/v2\/posts"}],"about":[{"href":"https:\/\/conexion-mx.com\/index.php?rest_route=\/wp\/v2\/types\/post"}],"author":[{"embeddable":true,"href":"https:\/\/conexion-mx.com\/index.php?rest_route=\/wp\/v2\/users\/2"}],"replies":[{"embeddable":true,"href":"https:\/\/conexion-mx.com\/index.php?rest_route=%2Fwp%2Fv2%2Fcomments&post=3435"}],"version-history":[{"count":0,"href":"https:\/\/conexion-mx.com\/index.php?rest_route=\/wp\/v2\/posts\/3435\/revisions"}],"wp:featuredmedia":[{"embeddable":true,"href":"https:\/\/conexion-mx.com\/index.php?rest_route=\/wp\/v2\/media\/3436"}],"wp:attachment":[{"href":"https:\/\/conexion-mx.com\/index.php?rest_route=%2Fwp%2Fv2%2Fmedia&parent=3435"}],"wp:term":[{"taxonomy":"category","embeddable":true,"href":"https:\/\/conexion-mx.com\/index.php?rest_route=%2Fwp%2Fv2%2Fcategories&post=3435"},{"taxonomy":"post_tag","embeddable":true,"href":"https:\/\/conexion-mx.com\/index.php?rest_route=%2Fwp%2Fv2%2Ftags&post=3435"}],"curies":[{"name":"wp","href":"https:\/\/api.w.org\/{rel}","templated":true}]}}