{"id":3445,"date":"2026-03-11T21:57:20","date_gmt":"2026-03-12T02:57:20","guid":{"rendered":"https:\/\/conexion-mx.com\/?p=3445"},"modified":"2026-03-11T21:57:20","modified_gmt":"2026-03-12T02:57:20","slug":"lista-de-autos-que-no-suspenderan-su-circulacion-este-jueves-12-de-marzo","status":"publish","type":"post","link":"https:\/\/conexion-mx.com\/?p=3445","title":{"rendered":"Lista de autos que NO suspender\u00e1n su circulaci\u00f3n este jueves 12 de marzo"},"content":{"rendered":"<p> <br \/>\n<\/p>\n<div itemprop=\"articleBody\">\n<div class=\"txt_contenido\">\n<p>Este mi\u00e9rcoles 11 de marzo los gobiernos del Estado de M\u00e9xico y Ciudad de M\u00e9xico, as\u00ed como la <strong>Semarnat <\/strong>determinaron suspender la Fase I de Contingencia Ambiental que se activ\u00f3 por la mala calidad del aire que azot\u00f3 al Valle de M\u00e9xico desde el pasado martes. Un sistema anticicl\u00f3nico favoreci\u00f3 la concentraci\u00f3n de <strong>part\u00edculas de ozono<\/strong> en el aire.<\/p>\n<p>Ahora por un cambio en el <strong>pron\u00f3stico meteorol\u00f3gico<\/strong>, seg\u00fan la Comisi\u00f3n Nacional del Agua (<strong>Conagua<\/strong>) se levant\u00f3 la medida que obligaba a veh\u00edculos a suspender su circulaci\u00f3n y el endurecimiento de esto que anunciaba a m\u00e1s autos a la lista para reducir contaminantes<\/p>\n<aside class=\"htmlinline\"\/>\n<h2>Lista de autos que NO suspenden su circulaci\u00f3n\u00a0<\/h2>\n<p>Pese a la suspensi\u00f3n de la Fase I,\u00a0el programa Hoy No Circula sigue activo, sin embargo estos son el tipo de veh\u00edculos que usualmente no suspenden la circulaci\u00f3n pese a las contingencia o el anuncio en el calendario.<\/p>\n<ul>&#13;<\/p>\n<li>Veh\u00edculos h\u00edbridos y el\u00e9ctricos<\/li>\n<p>&#13;<\/p>\n<li>Veh\u00edculos con matricula ecol\u00f3gica<\/li>\n<p>&#13;<\/p>\n<li>Veh\u00edculos con holograma tipo Exento<\/li>\n<p>&#13;<\/p>\n<li>Veh\u00edculos holograma 00 y 0, cuya engomado sea diferente al engomado verde, terminaci\u00f3n de placa 1 y 2<\/li>\n<p>&#13;<\/p>\n<li>Taxis podr\u00e1n circular de 5:00 a 10:00 horas del d\u00eda si tienen restricci\u00f3n<\/li>\n<p>&#13;<\/p>\n<li>Veh\u00edculos urbanos destinados a prestar servicios de emergencia, salud, seguridad p\u00fablica, bomberos y de vigilancia ambiental entre otros que presten servicios b\u00e1sicos<\/li>\n<p>&#13;<\/p>\n<li>Veh\u00edculos de transporte escolar que cumplan con especificaciones vehiculares vigentes<\/li>\n<p>&#13;<\/p>\n<li>Veh\u00edculos destinados a cortejos f\u00fanebres<\/li>\n<p>&#13;<\/p>\n<li>Veh\u00edculos para personas con discapacidad\u00a0<\/li>\n<p>&#13;<\/p>\n<li>Veh\u00edculos que transporten mercanc\u00edas o productos perecederos en unidades de sistemas de refrigeraci\u00f3n<\/li>\n<p>&#13;\n<\/ul>\n<p><img loading=\"lazy\" decoding=\"async\" alt=\"\" height=\"511\" src=\"https:\/\/heraldodemexico.com.mx\/u\/fotografias\/m\/2023\/8\/23\/f768x1-788352_788479_5050.jpg\" width=\"768\"\/><\/p>\n<h2>As\u00ed aplica el Hoy No Circula tras levantamiento de contingencia ambiental<\/h2>\n<p>Ante la medida los veh\u00edculos con cambios tendr\u00e1n suspensi\u00f3n desde las 5:00 horas hasta las 22:00 horas del d\u00eda<\/p>\n<ul>&#13;<\/p>\n<li>Veh\u00edculos con engomado verde<\/li>\n<p>&#13;<\/p>\n<li>Veh\u00edculos cuya terminaci\u00f3n de placa sea 1 y 2<\/li>\n<p>&#13;<\/p>\n<li>Veh\u00edculos con holograma de verificaci\u00f3n 1 y 2<\/li>\n<p>&#13;\n<\/ul>\n<p>\u00a0<\/p>\n<\/p><\/div>\n<\/p><\/div>\n<p><script>\n    !function(f,b,e,v,n,t,s)\n    {if(f.fbq)return;n=f.fbq=function(){n.callMethod?\n    n.callMethod.apply(n,arguments):n.queue.push(arguments)};\n    if(!f._fbq)f._fbq=n;n.push=n;n.loaded=!0;n.version='2.0';\n    n.queue=[];t=b.createElement(e);t.async=!0;\n    t.src=v;s=b.getElementsByTagName(e)[0];\n    s.parentNode.insertBefore(t,s)}(window, document,'script',\n    'https:\/\/connect.facebook.net\/en_US\/fbevents.js');\n    fbq('init', '237927003583820');\n    fbq('track', 'PageView');\n  <\/script><script>\n    !function(f,b,e,v,n,t,s)\n    {if(f.fbq)return;n=f.fbq=function(){n.callMethod?\n    n.callMethod.apply(n,arguments):n.queue.push(arguments)};\n    if(!f._fbq)f._fbq=n;n.push=n;n.loaded=!0;n.version='2.0';\n    n.queue=[];t=b.createElement(e);t.async=!0;\n    t.src=v;s=b.getElementsByTagName(e)[0];\n    s.parentNode.insertBefore(t,s)}(window, document,'script',\n    'https:\/\/connect.facebook.net\/en_US\/fbevents.js');\n    fbq('init', '802372280934901');\n    fbq('track', 'PageView');\n    <\/script><br \/>\n<br \/><\/p>\n","protected":false},"excerpt":{"rendered":"<p>Este mi\u00e9rcoles 11 de marzo los gobiernos del Estado de M\u00e9xico y Ciudad de M\u00e9xico, as\u00ed como la Semarnat determinaron suspender la Fase I de Contingencia Ambiental que se activ\u00f3 por la mala calidad del aire que azot\u00f3 al Valle de M\u00e9xico desde el pasado martes. Un sistema anticicl\u00f3nico favoreci\u00f3 la concentraci\u00f3n de part\u00edculas de [&hellip;]<\/p>\n","protected":false},"author":2,"featured_media":3446,"comment_status":"","ping_status":"","sticky":false,"template":"","format":"standard","meta":{"footnotes":""},"categories":[2],"tags":[],"class_list":["post-3445","post","type-post","status-publish","format-standard","has-post-thumbnail","hentry","category-local"],"_links":{"self":[{"href":"https:\/\/conexion-mx.com\/index.php?rest_route=\/wp\/v2\/posts\/3445","targetHints":{"allow":["GET"]}}],"collection":[{"href":"https:\/\/conexion-mx.com\/index.php?rest_route=\/wp\/v2\/posts"}],"about":[{"href":"https:\/\/conexion-mx.com\/index.php?rest_route=\/wp\/v2\/types\/post"}],"author":[{"embeddable":true,"href":"https:\/\/conexion-mx.com\/index.php?rest_route=\/wp\/v2\/users\/2"}],"replies":[{"embeddable":true,"href":"https:\/\/conexion-mx.com\/index.php?rest_route=%2Fwp%2Fv2%2Fcomments&post=3445"}],"version-history":[{"count":0,"href":"https:\/\/conexion-mx.com\/index.php?rest_route=\/wp\/v2\/posts\/3445\/revisions"}],"wp:featuredmedia":[{"embeddable":true,"href":"https:\/\/conexion-mx.com\/index.php?rest_route=\/wp\/v2\/media\/3446"}],"wp:attachment":[{"href":"https:\/\/conexion-mx.com\/index.php?rest_route=%2Fwp%2Fv2%2Fmedia&parent=3445"}],"wp:term":[{"taxonomy":"category","embeddable":true,"href":"https:\/\/conexion-mx.com\/index.php?rest_route=%2Fwp%2Fv2%2Fcategories&post=3445"},{"taxonomy":"post_tag","embeddable":true,"href":"https:\/\/conexion-mx.com\/index.php?rest_route=%2Fwp%2Fv2%2Ftags&post=3445"}],"curies":[{"name":"wp","href":"https:\/\/api.w.org\/{rel}","templated":true}]}}