{"id":3449,"date":"2026-03-12T14:19:47","date_gmt":"2026-03-12T19:19:47","guid":{"rendered":"https:\/\/conexion-mx.com\/?p=3449"},"modified":"2026-03-12T14:19:47","modified_gmt":"2026-03-12T19:19:47","slug":"guia-ruta-quetzalcoatl-el-heraldo-de-mexico","status":"publish","type":"post","link":"https:\/\/conexion-mx.com\/?p=3449","title":{"rendered":"Gu\u00eda Ruta Quetzalc\u00f3atl &#8211; El Heraldo de M\u00e9xico"},"content":{"rendered":"<p> <br \/>\n<\/p>\n<div>\n<p>Trasladarse del corredor tur\u00edstico de <strong>Paseo de la Reforma al Aeropuerto Internacional de la Ciudad de M\u00e9xico<\/strong> en transporte p\u00fablico y en menos de una hora ya es posible con la nueva <strong>ruta Quetzalc\u00f3atl<\/strong>.\u00a0<\/p>\n<p>Esta ruta forma parte de la<strong> L\u00ednea 4 del Metrob\u00fas de la Ciudad de M\u00e9xico<\/strong> y fue inaugurada a finales de enero, con el objetivo de fortalecer la conexi\u00f3n entre la zona tur\u00edstica y el aeropuerto, al ofrecer una alternativa directa de traslado.<\/p>\n<aside class=\"htmlinline\"\/>\n<p><strong>Mar\u00eda del Rosario Castro<\/strong>,<strong> directora general del Sistema Metrob\u00fas<\/strong>, explic\u00f3 que el recorrido permite acercar tanto a visitantes y turistas como a habitantes de la ciudad que requieren desplazarse hacia las terminales a\u00e9reas de manera m\u00e1s eficiente.<\/p>\n<p>El recorrido inicia en la <strong>Glorieta de Amajac<\/strong>, ubicada en la esquina de <strong>Paseo de la Reforma y la calle Lafragua<\/strong>, en la alcald\u00eda <strong>Cuauht\u00e9moc<\/strong>. Tiene un trayecto aproximado de 29 kil\u00f3metros que cruza por 18 estaciones ubicadas en puntos estrat\u00e9gicos y tur\u00edsticos\u00a0 del <strong>Centro Hist\u00f3rico <\/strong>y en zonas de inter\u00e9s tur\u00edstico y cultural de la ciudad.<\/p>\n<div class=\"image-align-center\">\n<figure class=\"image\"><img loading=\"lazy\" decoding=\"async\" alt=\"\" height=\"638\" src=\"https:\/\/heraldodemexico.com.mx\/u\/fotografias\/m\/2026\/3\/12\/f768x1-1257809_1257936_5050.jpg\" width=\"768\"\/>&#13;<figcaption>Foto:\u00a0Karina Palacios<\/figcaption>&#13;<br \/>\n<\/figure>\n<\/div>\n<p>\u201cDurante el trayecto, los usuarios pueden conectar con espacios emblem\u00e1ticos del centro de la capital, museos y recintos culturales cercanos a Reforma, as\u00ed como con zonas de transporte clave que facilitan la movilidad hacia distintos puntos de la ciudad. Algo especial es que las unidades de Quetzalc\u00f3atl pasan por las Terminales 1 y 2, por lo que no es necesario transbordar ni utilizar un transporte adicional\u201d, precis\u00f3\u00a0<\/p>\n<p>La ruta opera con una flota de<strong> 19 autobuses el\u00e9ctricos<\/strong> de \u00faltima generaci\u00f3n, sistema de videovigilancia, bater\u00edas de alto rendimiento, rampa retr\u00e1ctil para facilitar el acceso a personas con movilidad reducida y espacios reservados para personas con discapacidad, mujeres y ni\u00f1as y ni\u00f1os menores de 12 a\u00f1os.<\/p>\n<p>Cada unidad est\u00e1 identificada con la imagen del dios prehisp\u00e1nico <strong>Quetzalc\u00f3atl <\/strong>y un bal\u00f3n de futbol en su exterior, elementos que distinguen visualmente a este servicio dentro del sistema.<\/p>\n<div class=\"image-align-center\">\n<figure class=\"image\"><img loading=\"lazy\" decoding=\"async\" alt=\"\" height=\"435\" src=\"https:\/\/heraldodemexico.com.mx\/u\/fotografias\/m\/2026\/3\/12\/f768x1-1257795_1257922_5050.jpg\" width=\"768\"\/>&#13;<figcaption>Foto:\u00a0Karina Palacios<\/figcaption>&#13;<br \/>\n<\/figure>\n<\/div>\n<p>Las unidades cuentan con diversas caracter\u00edsticas orientadas a mejorar la seguridad, accesibilidad y comodidad de los pasajeros, entre ellas se encuentra un espacio USB en los asientos para recargar cualquier aparato electr\u00f3nico.&#13;<br \/>\n&#13;\n<\/p>\n<p>Adem\u00e1s, al tratarse de veh\u00edculos completamente el\u00e9ctricos, contribuyen a reducir las emisiones contaminantes y forman parte de la estrategia de modernizaci\u00f3n y sustentabilidad del sistema de transporte p\u00fablico de la capital.&#13;<br \/>\n&#13;\n<\/p>\n<p>\u201cSon muy c\u00f3modas porque son 100 por ciento el\u00e9ctricas, no hacen nada de ruido.Estamos modernizando nuestra flota al incorporar estas nuevas unidades que no contaminan, que no sacan humo en beneficio de las y los ciudadanos y turistas\u201d, plante\u00f3 la funcionaria.&#13;<br \/>\n&#13;\n<\/p>\n<div class=\"image-align-center\">\n<figure class=\"image\"><img loading=\"lazy\" decoding=\"async\" alt=\"\" height=\"1024\" src=\"https:\/\/heraldodemexico.com.mx\/u\/fotografias\/m\/2026\/3\/12\/f768x1-1257804_1257931_5050.jpeg\" width=\"768\"\/>&#13;<figcaption>Foto:\u00a0Karina Palacios<\/figcaption>&#13;<br \/>\n<\/figure>\n<\/div>\n<p>Cada unidad tiene capacidad para transportar a<strong> 70 pasajeros <\/strong>por viaje y, en conjunto, el servicio podr\u00eda movilizar hasta tres mil personas diariamente, lo que permitir\u00e1 atender la demanda de usuarios que se trasladan entre el centro de la ciudad y el aeropuerto.&#13;<br \/>\n&#13;\n<\/p>\n<p>El costo del viaje es de<strong> 30 pesos <\/strong>y se mantiene la <strong>gratuidad <\/strong>para personas con discapacidad, conforme a las pol\u00edticas de accesibilidad del sistema.&#13;<br \/>\n&#13;\n<\/p>\n<p>Con esta nueva ruta, el <strong>Metrob\u00fas <\/strong>ampl\u00eda las opciones de transporte p\u00fablico hacia el aeropuerto y ofrece una alternativa r\u00e1pida, accesible y sustentable para quienes se desplazan de Reforma hacia las terminales a\u00e9reas de la capital.&#13;<br \/>\n&#13;<br \/>\n&#13;\n                                <\/p>\n<\/p><\/div>\n<p><script>\n    !function(f,b,e,v,n,t,s)\n    {if(f.fbq)return;n=f.fbq=function(){n.callMethod?\n    n.callMethod.apply(n,arguments):n.queue.push(arguments)};\n    if(!f._fbq)f._fbq=n;n.push=n;n.loaded=!0;n.version='2.0';\n    n.queue=[];t=b.createElement(e);t.async=!0;\n    t.src=v;s=b.getElementsByTagName(e)[0];\n    s.parentNode.insertBefore(t,s)}(window, document,'script',\n    'https:\/\/connect.facebook.net\/en_US\/fbevents.js');\n    fbq('init', '237927003583820');\n    fbq('track', 'PageView');\n  <\/script><script>\n    !function(f,b,e,v,n,t,s)\n    {if(f.fbq)return;n=f.fbq=function(){n.callMethod?\n    n.callMethod.apply(n,arguments):n.queue.push(arguments)};\n    if(!f._fbq)f._fbq=n;n.push=n;n.loaded=!0;n.version='2.0';\n    n.queue=[];t=b.createElement(e);t.async=!0;\n    t.src=v;s=b.getElementsByTagName(e)[0];\n    s.parentNode.insertBefore(t,s)}(window, document,'script',\n    'https:\/\/connect.facebook.net\/en_US\/fbevents.js');\n    fbq('init', '802372280934901');\n    fbq('track', 'PageView');\n    <\/script><br \/>\n<br \/><\/p>\n","protected":false},"excerpt":{"rendered":"<p>Trasladarse del corredor tur\u00edstico de Paseo de la Reforma al Aeropuerto Internacional de la Ciudad de M\u00e9xico en transporte p\u00fablico y en menos de una hora ya es posible con la nueva ruta Quetzalc\u00f3atl.\u00a0 Esta ruta forma parte de la L\u00ednea 4 del Metrob\u00fas de la Ciudad de M\u00e9xico y fue inaugurada a finales de [&hellip;]<\/p>\n","protected":false},"author":2,"featured_media":3450,"comment_status":"","ping_status":"","sticky":false,"template":"","format":"standard","meta":{"footnotes":""},"categories":[2],"tags":[],"class_list":["post-3449","post","type-post","status-publish","format-standard","has-post-thumbnail","hentry","category-local"],"_links":{"self":[{"href":"https:\/\/conexion-mx.com\/index.php?rest_route=\/wp\/v2\/posts\/3449","targetHints":{"allow":["GET"]}}],"collection":[{"href":"https:\/\/conexion-mx.com\/index.php?rest_route=\/wp\/v2\/posts"}],"about":[{"href":"https:\/\/conexion-mx.com\/index.php?rest_route=\/wp\/v2\/types\/post"}],"author":[{"embeddable":true,"href":"https:\/\/conexion-mx.com\/index.php?rest_route=\/wp\/v2\/users\/2"}],"replies":[{"embeddable":true,"href":"https:\/\/conexion-mx.com\/index.php?rest_route=%2Fwp%2Fv2%2Fcomments&post=3449"}],"version-history":[{"count":0,"href":"https:\/\/conexion-mx.com\/index.php?rest_route=\/wp\/v2\/posts\/3449\/revisions"}],"wp:featuredmedia":[{"embeddable":true,"href":"https:\/\/conexion-mx.com\/index.php?rest_route=\/wp\/v2\/media\/3450"}],"wp:attachment":[{"href":"https:\/\/conexion-mx.com\/index.php?rest_route=%2Fwp%2Fv2%2Fmedia&parent=3449"}],"wp:term":[{"taxonomy":"category","embeddable":true,"href":"https:\/\/conexion-mx.com\/index.php?rest_route=%2Fwp%2Fv2%2Fcategories&post=3449"},{"taxonomy":"post_tag","embeddable":true,"href":"https:\/\/conexion-mx.com\/index.php?rest_route=%2Fwp%2Fv2%2Ftags&post=3449"}],"curies":[{"name":"wp","href":"https:\/\/api.w.org\/{rel}","templated":true}]}}