{"id":3451,"date":"2026-03-12T21:15:31","date_gmt":"2026-03-13T02:15:31","guid":{"rendered":"https:\/\/conexion-mx.com\/?p=3451"},"modified":"2026-03-12T21:15:31","modified_gmt":"2026-03-13T02:15:31","slug":"joven-se-vuelve-viral-al-cantar-igual-que-ana-gabriel-y-sorprender-a-sus-amigos-en-el-karaoke","status":"publish","type":"post","link":"https:\/\/conexion-mx.com\/?p=3451","title":{"rendered":"Joven se vuelve viral al cantar igual que Ana Gabriel y sorprender a sus amigos en el karaoke"},"content":{"rendered":"<p> <br \/>\n<\/p>\n<div itemprop=\"articleBody\">\n<div class=\"txt_contenido\">\n<p>Una de las <strong>cantantes <\/strong>m\u00e1s importantes de la <strong>m\u00fasica mexicana<\/strong> es <strong>Ana Gabriel<\/strong>. La int\u00e9rprete destaca por su poderosa y caracter\u00edstica voz, la cual la ha llevado a consolidarse como una de las <strong>mujeres <\/strong>m\u00e1s influyentes del medio musical y a reunir millones de seguidores en todo el mundo que la consideran una gran inspiraci\u00f3n.<\/p>\n<p>Recientemente, un <strong>video<\/strong> compartido en redes sociales llam\u00f3 la atenci\u00f3n de miles de usuarios. A trav\u00e9s de la plataforma <strong>TikTok <\/strong>se difundi\u00f3 el divertido momento que viv\u00eda un grupo de amigos durante una noche de <strong>karaoke<\/strong>. Sin embargo, lo que comenz\u00f3 como una reuni\u00f3n casual termin\u00f3 convirti\u00e9ndose en una sorpresa para todos los presentes.<\/p>\n<aside class=\"htmlinline\"\/>\n<p>En la grabaci\u00f3n se observa a un joven prepar\u00e1ndose para interpretar el dueto de la canci\u00f3n \u201cCosas del amor\u201d, tema que originalmente cantan<strong> Ana Gabriel <\/strong>y Vikki Carr. La <strong>canci\u00f3n<\/strong>, lanzada en 1991, se convirti\u00f3 en un gran \u00e9xito dentro de la m\u00fasica latina y es popular hasta la fecha.<\/p>\n<aside class=\"relacionadas con-foto linea-1078\"><strong class=\"relacionadas-titulo-gral\">Noticias Relacionadas<\/strong><\/aside>\n<p>Cuando el joven comienza a cantar la primera estrofa, el lugar queda completamente sorprendido, pues su voz resulta pr\u00e1cticamente id\u00e9ntica a la de la<strong> famosa cantante<\/strong> sinaloense. El parecido vocal gener\u00f3 asombro entre quienes se encontraban en el lugar, quienes no pod\u00edan creer la potencia y similitud de su <strong>interpretaci\u00f3n<\/strong>.<\/p>\n<figure class=\"image\"><img loading=\"lazy\" decoding=\"async\" alt=\"\" height=\"424\" src=\"https:\/\/heraldodemexico.com.mx\/u\/fotografias\/m\/2026\/3\/12\/f768x1-1258036_1258163_5050.png\" width=\"768\"\/>&#13;<figcaption>El joven sorprendi\u00f3 hasta a sus amigos. Foto TikTok\/dylanml03<\/figcaption>&#13;<br \/>\n<\/figure>\n<h2>Reacci\u00f3n de los usuarios en redes sociales<\/h2>\n<p>Los comentarios en<strong> redes sociales <\/strong>no tardaron en aparecer. Muchos internautas destacaron el gran talento del joven, quien aparentemente ser\u00eda originario de Venezuela. Varios usuarios coincidieron en que su voz guarda un notable parecido con la de <strong>Ana Gabriel<\/strong>.<\/p>\n<p>Adem\u00e1s, algunos comentarios tambi\u00e9n resaltaron la reacci\u00f3n de los amigos que lo acompa\u00f1aban en el <strong>karaoke<\/strong>, quienes parec\u00edan desconocer el talento del joven hasta ese momento. A pesar del ruido de fondo y del ambiente t\u00edpico de un bar o <strong>karaoke<\/strong>, el cantante logr\u00f3 impresionar a todos con su capacidad para imitar las notas y el estilo vocal de la reconocida <strong>artista mexicana<\/strong>.<\/p>\n<h2>Los comentarios en Internet<\/h2>\n<blockquote><p>&#13;<\/p>\n<ul>&#13;<\/p>\n<li>El consejo de hombre aprueba tu talento y confirma que es as\u00ed como se canta, cuando empezaste a cantar casi apagan tu brillo tu aura en el momento que empezaron la risa pero usted lo hizo x todo nosotros lo que comentamos<\/li>\n<p>&#13;<\/p>\n<li>\u00c9l se prepar\u00f3 toda su vida para ese momento.<\/li>\n<p>&#13;<\/p>\n<li>Ese se crio con su mam\u00e1 escuchando esas m\u00fasicas porque si<\/li>\n<p>&#13;<\/p>\n<li>La amiga no soporto y qued\u00f3 en shock<\/li>\n<p>&#13;<\/p>\n<li>Todos somos ella! (la amiga) y lo peor es q le sali\u00f3 mejor que a Ana Gabriel<\/li>\n<p>&#13;\n<\/ul>\n<p>&#13;\n<\/p><\/blockquote><\/div>\n<\/p><\/div>\n<p><script>\n    !function(f,b,e,v,n,t,s)\n    {if(f.fbq)return;n=f.fbq=function(){n.callMethod?\n    n.callMethod.apply(n,arguments):n.queue.push(arguments)};\n    if(!f._fbq)f._fbq=n;n.push=n;n.loaded=!0;n.version='2.0';\n    n.queue=[];t=b.createElement(e);t.async=!0;\n    t.src=v;s=b.getElementsByTagName(e)[0];\n    s.parentNode.insertBefore(t,s)}(window, document,'script',\n    'https:\/\/connect.facebook.net\/en_US\/fbevents.js');\n    fbq('init', '237927003583820');\n    fbq('track', 'PageView');\n  <\/script><script>\n    !function(f,b,e,v,n,t,s)\n    {if(f.fbq)return;n=f.fbq=function(){n.callMethod?\n    n.callMethod.apply(n,arguments):n.queue.push(arguments)};\n    if(!f._fbq)f._fbq=n;n.push=n;n.loaded=!0;n.version='2.0';\n    n.queue=[];t=b.createElement(e);t.async=!0;\n    t.src=v;s=b.getElementsByTagName(e)[0];\n    s.parentNode.insertBefore(t,s)}(window, document,'script',\n    'https:\/\/connect.facebook.net\/en_US\/fbevents.js');\n    fbq('init', '775201487065840');\n    fbq('track', 'PageView');\n    <\/script><br \/>\n<br \/><\/p>\n","protected":false},"excerpt":{"rendered":"<p>Una de las cantantes m\u00e1s importantes de la m\u00fasica mexicana es Ana Gabriel. La int\u00e9rprete destaca por su poderosa y caracter\u00edstica voz, la cual la ha llevado a consolidarse como una de las mujeres m\u00e1s influyentes del medio musical y a reunir millones de seguidores en todo el mundo que la consideran una gran inspiraci\u00f3n. [&hellip;]<\/p>\n","protected":false},"author":3,"featured_media":3452,"comment_status":"","ping_status":"","sticky":false,"template":"","format":"standard","meta":{"footnotes":""},"categories":[35],"tags":[],"class_list":["post-3451","post","type-post","status-publish","format-standard","has-post-thumbnail","hentry","category-espectaculos"],"_links":{"self":[{"href":"https:\/\/conexion-mx.com\/index.php?rest_route=\/wp\/v2\/posts\/3451","targetHints":{"allow":["GET"]}}],"collection":[{"href":"https:\/\/conexion-mx.com\/index.php?rest_route=\/wp\/v2\/posts"}],"about":[{"href":"https:\/\/conexion-mx.com\/index.php?rest_route=\/wp\/v2\/types\/post"}],"author":[{"embeddable":true,"href":"https:\/\/conexion-mx.com\/index.php?rest_route=\/wp\/v2\/users\/3"}],"replies":[{"embeddable":true,"href":"https:\/\/conexion-mx.com\/index.php?rest_route=%2Fwp%2Fv2%2Fcomments&post=3451"}],"version-history":[{"count":0,"href":"https:\/\/conexion-mx.com\/index.php?rest_route=\/wp\/v2\/posts\/3451\/revisions"}],"wp:featuredmedia":[{"embeddable":true,"href":"https:\/\/conexion-mx.com\/index.php?rest_route=\/wp\/v2\/media\/3452"}],"wp:attachment":[{"href":"https:\/\/conexion-mx.com\/index.php?rest_route=%2Fwp%2Fv2%2Fmedia&parent=3451"}],"wp:term":[{"taxonomy":"category","embeddable":true,"href":"https:\/\/conexion-mx.com\/index.php?rest_route=%2Fwp%2Fv2%2Fcategories&post=3451"},{"taxonomy":"post_tag","embeddable":true,"href":"https:\/\/conexion-mx.com\/index.php?rest_route=%2Fwp%2Fv2%2Ftags&post=3451"}],"curies":[{"name":"wp","href":"https:\/\/api.w.org\/{rel}","templated":true}]}}