{"id":3453,"date":"2026-03-12T23:05:40","date_gmt":"2026-03-13T04:05:40","guid":{"rendered":"https:\/\/conexion-mx.com\/?p=3453"},"modified":"2026-03-12T23:05:40","modified_gmt":"2026-03-13T04:05:40","slug":"asalto-en-plaza-comercial-de-san-pedro-los-pinos-rompen-vitrinas-y-se-roban-celulares-video","status":"publish","type":"post","link":"https:\/\/conexion-mx.com\/?p=3453","title":{"rendered":"Asalto en plaza comercial de San Pedro los Pinos; rompen vitrinas y se roban celulares | VIDEO"},"content":{"rendered":"<p> <br \/>\n<\/p>\n<div itemprop=\"articleBody\">\n<div class=\"txt_contenido\">\n<p>La tarde de este jueves 12 de marzo se registr\u00f3 una intensa movilizaci\u00f3n de elementos de la <strong>Secretar\u00eda de Seguridad Ciudadana (SSC) <\/strong>tras un robo dentro de una plaza comercial ubicada en la <strong>alcald\u00eda Benito Ju\u00e1rez<\/strong>, al sur de la Ciudad de M\u00e9xico sin que se tengan informes de personas detenidas.\u00a0<\/p>\n<p>En el lugar, los <strong>uniformados capitalinos<\/strong> se entrevistaron con el gerente quien indic\u00f3 que tres sujetos ingresaron, rompieron los cristales de la vitrina donde se exhib\u00edan aparatos electr\u00f3nicos, tomaron varios tel\u00e9fonos celulares y emprendieron la huida a bordo de dos <strong>motocicletas<\/strong>.\u00a0<\/p>\n<aside class=\"htmlinline\"\/>\n<p>Por lo anterior, los polic\u00edas orientaron al gerente a<strong> presentar su denuncia formal ante las autoridades<\/strong> ministeriales; en tanto, ya se realiza el an\u00e1lisis de las c\u00e1maras de videovigilancia de la zona, para identificar a los posibles responsables.<\/p>\n<p>\u00a0<\/p>\n<p>\u00a0<\/p>\n<\/p><\/div>\n<\/p><\/div>\n<p><script>\n    !function(f,b,e,v,n,t,s)\n    {if(f.fbq)return;n=f.fbq=function(){n.callMethod?\n    n.callMethod.apply(n,arguments):n.queue.push(arguments)};\n    if(!f._fbq)f._fbq=n;n.push=n;n.loaded=!0;n.version='2.0';\n    n.queue=[];t=b.createElement(e);t.async=!0;\n    t.src=v;s=b.getElementsByTagName(e)[0];\n    s.parentNode.insertBefore(t,s)}(window, document,'script',\n    'https:\/\/connect.facebook.net\/en_US\/fbevents.js');\n    fbq('init', '237927003583820');\n    fbq('track', 'PageView');\n  <\/script><script>\n    !function(f,b,e,v,n,t,s)\n    {if(f.fbq)return;n=f.fbq=function(){n.callMethod?\n    n.callMethod.apply(n,arguments):n.queue.push(arguments)};\n    if(!f._fbq)f._fbq=n;n.push=n;n.loaded=!0;n.version='2.0';\n    n.queue=[];t=b.createElement(e);t.async=!0;\n    t.src=v;s=b.getElementsByTagName(e)[0];\n    s.parentNode.insertBefore(t,s)}(window, document,'script',\n    'https:\/\/connect.facebook.net\/en_US\/fbevents.js');\n    fbq('init', '802372280934901');\n    fbq('track', 'PageView');\n    <\/script><br \/>\n<br \/><\/p>\n","protected":false},"excerpt":{"rendered":"<p>La tarde de este jueves 12 de marzo se registr\u00f3 una intensa movilizaci\u00f3n de elementos de la Secretar\u00eda de Seguridad Ciudadana (SSC) tras un robo dentro de una plaza comercial ubicada en la alcald\u00eda Benito Ju\u00e1rez, al sur de la Ciudad de M\u00e9xico sin que se tengan informes de personas detenidas.\u00a0 En el lugar, los [&hellip;]<\/p>\n","protected":false},"author":2,"featured_media":3454,"comment_status":"","ping_status":"","sticky":false,"template":"","format":"standard","meta":{"footnotes":""},"categories":[2],"tags":[],"class_list":["post-3453","post","type-post","status-publish","format-standard","has-post-thumbnail","hentry","category-local"],"_links":{"self":[{"href":"https:\/\/conexion-mx.com\/index.php?rest_route=\/wp\/v2\/posts\/3453","targetHints":{"allow":["GET"]}}],"collection":[{"href":"https:\/\/conexion-mx.com\/index.php?rest_route=\/wp\/v2\/posts"}],"about":[{"href":"https:\/\/conexion-mx.com\/index.php?rest_route=\/wp\/v2\/types\/post"}],"author":[{"embeddable":true,"href":"https:\/\/conexion-mx.com\/index.php?rest_route=\/wp\/v2\/users\/2"}],"replies":[{"embeddable":true,"href":"https:\/\/conexion-mx.com\/index.php?rest_route=%2Fwp%2Fv2%2Fcomments&post=3453"}],"version-history":[{"count":0,"href":"https:\/\/conexion-mx.com\/index.php?rest_route=\/wp\/v2\/posts\/3453\/revisions"}],"wp:featuredmedia":[{"embeddable":true,"href":"https:\/\/conexion-mx.com\/index.php?rest_route=\/wp\/v2\/media\/3454"}],"wp:attachment":[{"href":"https:\/\/conexion-mx.com\/index.php?rest_route=%2Fwp%2Fv2%2Fmedia&parent=3453"}],"wp:term":[{"taxonomy":"category","embeddable":true,"href":"https:\/\/conexion-mx.com\/index.php?rest_route=%2Fwp%2Fv2%2Fcategories&post=3453"},{"taxonomy":"post_tag","embeddable":true,"href":"https:\/\/conexion-mx.com\/index.php?rest_route=%2Fwp%2Fv2%2Ftags&post=3453"}],"curies":[{"name":"wp","href":"https:\/\/api.w.org\/{rel}","templated":true}]}}