{"id":3457,"date":"2026-03-13T07:10:18","date_gmt":"2026-03-13T12:10:18","guid":{"rendered":"https:\/\/conexion-mx.com\/?p=3457"},"modified":"2026-03-13T07:10:18","modified_gmt":"2026-03-13T12:10:18","slug":"estos-son-los-dias-de-descanso-en-semana-santa-2026-para-estudiantes-de-baja-california","status":"publish","type":"post","link":"https:\/\/conexion-mx.com\/?p=3457","title":{"rendered":"Estos son los d\u00edas de DESCANSO en Semana Santa 2026 para estudiantes de Baja California"},"content":{"rendered":"<p> <br \/>\n<\/p>\n<div itemprop=\"articleBody\">\n<div class=\"txt_contenido\">\n<p>La <strong>Secretar\u00eda de Educaci\u00f3n P\u00fablica<\/strong> (SEP) public\u00f3 su <strong>calendario oficial<\/strong> para dar a conocer las <strong>fechas exactas<\/strong> en las que los estudiantes deber\u00e1n asistir a clases, as\u00ed como los <strong>d\u00edas de descanso oficiales<\/strong>. Uno de los <strong>periodos vacacionales<\/strong>\u00a0m\u00e1s esperados por los alumnos es la <strong>Semana Santa<\/strong>, d\u00edas en los cuales <strong>mexicanos creyentes<\/strong> aprovechan la oportunidad para celebrar sus <strong>fiestas religiosas<\/strong>.<\/p>\n<p>Sin embargo, este periodo se extender\u00e1 debido a la sesi\u00f3n del <strong>Consejo T\u00e9cnico Escolar<\/strong>, por lo que los estudiantes recibir\u00e1n 3 d\u00edas adicionales para integrar a sus planes de vacaciones que inician a partir\u00a0del viernes 27 de <strong>marzo<\/strong>. Adem\u00e1s, estas fechas son populares entre familias mexicanas, quienes organizan viajes para disfrutar al m\u00e1ximo sus descanso antes de que los estudiantes regresen a las aulas.<\/p>\n<aside class=\"htmlinline\"\/>\n<p>Cabe recordar que las vacaciones de <strong>Semana Santa<\/strong> no caen en las mismas <strong>fechas<\/strong> cada a\u00f1o, dado que se celebran a partir del primer domingo despu\u00e9s de la <strong>primera luna llena de primavera<\/strong> en el hemisferio norte, de modo que var\u00eda en base al equinoccio astron\u00f3mico.<\/p>\n<figure class=\"image\"><img loading=\"lazy\" decoding=\"async\" alt=\"\" height=\"647\" src=\"https:\/\/heraldodemexico.com.mx\/u\/fotografias\/m\/2026\/3\/12\/f768x1-1257891_1258018_5050.jpg\" width=\"768\"\/>&#13;<figcaption>Estos son los d\u00edas de vacaciones oficiales para Semana Santa de 2026\u00a0<br \/>&#13;<br \/>\nFOTO: SEP<\/figcaption>&#13;<br \/>\n<\/figure>\n<h2>\u00bfQu\u00e9 d\u00edas de vacaciones tendr\u00e1n estudiantes de Baja California para Semana Santa 2026<\/h2>\n<ol>&#13;<\/p>\n<li>Domingo 29 de marzo<\/li>\n<p>&#13;<\/p>\n<li>Lunes 30 de marzo<\/li>\n<p>&#13;<\/p>\n<li>Martes 31 de marzo<\/li>\n<p>&#13;<\/p>\n<li>Mi\u00e9rcoles 1 de abril<\/li>\n<p>&#13;<\/p>\n<li>Jueves 2 de abril<\/li>\n<p>&#13;<\/p>\n<li>Viernes 3 de abril<\/li>\n<p>&#13;<\/p>\n<li>S\u00e1bado 4 de abril<\/li>\n<p>&#13;<\/p>\n<li>Domingo 5 de abril<\/li>\n<p>&#13;\n<\/ol>\n<h2>\u00bfQu\u00e9 estudiantes deben seguir este calendario?<\/h2>\n<p>De acuerdo con el Calendario de la <strong>SEP<\/strong> para el periodo 2025 &#8211; 2026, los estudiantes que cursen su a\u00f1o en escuelas p\u00fablicas o particulares incorporadas al Sistema Educativo Nacional en M\u00e9xico deber\u00e1n acatar los <strong>20 d\u00edas aprobados<\/strong> como vacaciones para este <strong>a\u00f1o<\/strong>. Sin embargo, durante inicios de enero ya se tomaron 3 d\u00edas como parte de su periodo vacacional\u00a0por lo que para el resto del a\u00f1o quedan oficialmente 10 d\u00edas (sin tomar en cuenta los d\u00eda inh\u00e1biles).\u00a0<\/p>\n<figure class=\"image\"><img decoding=\"async\" alt=\"\" src=\"https:\/\/heraldodemexico.com.mx\/u\/fotografias\/m\/2026\/3\/12\/f768x1-1257849_1257976_5050.jpg\"\/>&#13;<figcaption>FOTO: Secretar\u00eda de Educaci\u00f3n P\u00fablica<\/figcaption>&#13;<br \/>\n<\/figure>\n<p>Aunado a los d\u00edas de vacaciones oficiales,\u00a0<strong>padres de familia<\/strong> necesitar\u00e1n tomar en cuenta otro tipo de descanso que supondr\u00e1 mayor tiempo para pasar junto a sus hijos:\u00a0\u00a0suspensi\u00f3n de labores docentes,\u00a0<strong>fechas<\/strong> de las cuales \u00fanicamente restan 3 d\u00edas para este ciclo escolar, el viernes 1, martes 5\u00a0y viernes 15 de <strong>mayo<\/strong>.<\/p>\n<p>EDG<\/p>\n<\/p><\/div>\n<\/p><\/div>\n<p><script>\n    !function(f,b,e,v,n,t,s)\n    {if(f.fbq)return;n=f.fbq=function(){n.callMethod?\n    n.callMethod.apply(n,arguments):n.queue.push(arguments)};\n    if(!f._fbq)f._fbq=n;n.push=n;n.loaded=!0;n.version='2.0';\n    n.queue=[];t=b.createElement(e);t.async=!0;\n    t.src=v;s=b.getElementsByTagName(e)[0];\n    s.parentNode.insertBefore(t,s)}(window, document,'script',\n    'https:\/\/connect.facebook.net\/en_US\/fbevents.js');\n    fbq('init', '237927003583820');\n    fbq('track', 'PageView');\n  <\/script><script>\n    !function(f,b,e,v,n,t,s)\n    {if(f.fbq)return;n=f.fbq=function(){n.callMethod?\n    n.callMethod.apply(n,arguments):n.queue.push(arguments)};\n    if(!f._fbq)f._fbq=n;n.push=n;n.loaded=!0;n.version='2.0';\n    n.queue=[];t=b.createElement(e);t.async=!0;\n    t.src=v;s=b.getElementsByTagName(e)[0];\n    s.parentNode.insertBefore(t,s)}(window, document,'script',\n    'https:\/\/connect.facebook.net\/en_US\/fbevents.js');\n    fbq('init', '802372280934901');\n    fbq('track', 'PageView');\n    <\/script><br \/>\n<br \/><\/p>\n","protected":false},"excerpt":{"rendered":"<p>La Secretar\u00eda de Educaci\u00f3n P\u00fablica (SEP) public\u00f3 su calendario oficial para dar a conocer las fechas exactas en las que los estudiantes deber\u00e1n asistir a clases, as\u00ed como los d\u00edas de descanso oficiales. Uno de los periodos vacacionales\u00a0m\u00e1s esperados por los alumnos es la Semana Santa, d\u00edas en los cuales mexicanos creyentes aprovechan la oportunidad [&hellip;]<\/p>\n","protected":false},"author":2,"featured_media":3458,"comment_status":"","ping_status":"","sticky":false,"template":"","format":"standard","meta":{"footnotes":""},"categories":[2],"tags":[],"class_list":["post-3457","post","type-post","status-publish","format-standard","has-post-thumbnail","hentry","category-local"],"_links":{"self":[{"href":"https:\/\/conexion-mx.com\/index.php?rest_route=\/wp\/v2\/posts\/3457","targetHints":{"allow":["GET"]}}],"collection":[{"href":"https:\/\/conexion-mx.com\/index.php?rest_route=\/wp\/v2\/posts"}],"about":[{"href":"https:\/\/conexion-mx.com\/index.php?rest_route=\/wp\/v2\/types\/post"}],"author":[{"embeddable":true,"href":"https:\/\/conexion-mx.com\/index.php?rest_route=\/wp\/v2\/users\/2"}],"replies":[{"embeddable":true,"href":"https:\/\/conexion-mx.com\/index.php?rest_route=%2Fwp%2Fv2%2Fcomments&post=3457"}],"version-history":[{"count":0,"href":"https:\/\/conexion-mx.com\/index.php?rest_route=\/wp\/v2\/posts\/3457\/revisions"}],"wp:featuredmedia":[{"embeddable":true,"href":"https:\/\/conexion-mx.com\/index.php?rest_route=\/wp\/v2\/media\/3458"}],"wp:attachment":[{"href":"https:\/\/conexion-mx.com\/index.php?rest_route=%2Fwp%2Fv2%2Fmedia&parent=3457"}],"wp:term":[{"taxonomy":"category","embeddable":true,"href":"https:\/\/conexion-mx.com\/index.php?rest_route=%2Fwp%2Fv2%2Fcategories&post=3457"},{"taxonomy":"post_tag","embeddable":true,"href":"https:\/\/conexion-mx.com\/index.php?rest_route=%2Fwp%2Fv2%2Ftags&post=3457"}],"curies":[{"name":"wp","href":"https:\/\/api.w.org\/{rel}","templated":true}]}}