{"id":3459,"date":"2026-03-13T08:33:26","date_gmt":"2026-03-13T13:33:26","guid":{"rendered":"https:\/\/conexion-mx.com\/?p=3459"},"modified":"2026-03-13T08:33:26","modified_gmt":"2026-03-13T13:33:26","slug":"bada-el-arte-como-experiencia-social","status":"publish","type":"post","link":"https:\/\/conexion-mx.com\/?p=3459","title":{"rendered":"BADA: El arte como experiencia social"},"content":{"rendered":"<p> <br \/>\n<\/p>\n<div>\n<p>Durante la Art Week en la Ciudad de M\u00e9xico, la feria <strong>BADA<\/strong> reuni\u00f3 a cientos de artistas y visitantes en un espacio donde el arte no solo se observa, sino que tambi\u00e9n se vende y se conversa. El evento funcion\u00f3 como un punto de encuentro entre artistas y un p\u00fablico interesado, combinando la experiencia art\u00edstica y un espacio social y econ\u00f3mico.<\/p>\n<p>Arte sin intermediarios y m\u00e1s cercano al p\u00fablico<\/p>\n<aside class=\"htmlinline\"\/>\n<p>En el marco de la <strong>Art Week<\/strong> en la Ciudad de M\u00e9xico,<strong> BADA<\/strong> se consolida como una alternativa accesible dentro del circuito del <strong>arte contempor\u00e1neo<\/strong>. Nacida en\u00a0Argentina, la feria elimina intermediarios y permite que los propios artistas exhiban y vendan directamente su obra, generando un di\u00e1logo m\u00e1s cercano con el p\u00fablico.<\/p>\n<p>La edici\u00f3n 2026 se realiz\u00f3 del 5 al 8 de febrero en Campo Marte, reuniendo a creadores de distintas disciplinas en un ambiente acompa\u00f1ado de m\u00fasica, entrevistas y una exposici\u00f3n especial de f\u00fatbol mexicano. Artistas como Carla Rippey, \u00c1ngel Bobadilla, Paloma Rot e Ignacio Ch\u00e1vez compartieron no solo sus piezas, sino tambi\u00e9n sus procesos y reflexiones con los asistentes.<\/p>\n<p>A diferencia de <strong>Zona MACO<\/strong> \u2014la feria m\u00e1s grande e institucional del pa\u00eds, que opera a trav\u00e9s de galer\u00edas y un mercado internacional\u2014 <strong>BADA<\/strong> apuesta por artistas emergentes y por un modelo de venta directa, pensado para quienes buscan adquirir su primera obra o acercarse al arte desde una experiencia m\u00e1s humana.<\/p>\n<figure class=\"image\"><img loading=\"lazy\" decoding=\"async\" alt=\"\" height=\"589\" src=\"https:\/\/heraldodemexico.com.mx\/u\/fotografias\/m\/2026\/2\/27\/f768x1-1252240_1252367_5050.png\" width=\"768\"\/>&#13;<figcaption>Visitantes en la feria BADA Foto: Arantxa Bobadilla<\/figcaption>&#13;<br \/>\n<\/figure>\n<p>Artistas y p\u00fablico en di\u00e1logo directo<\/p>\n<p>Al conversar con los artistas, se\u00f1alaron que <strong>BADA<\/strong> es una oportunidad para acercarse al p\u00fablico. \u201cEs una oportunidad para que la gente conozca nuestro trabajo directamente\u201d, explic\u00f3 uno de los expositores. Estos espacios permiten escuchar opiniones y generar un di\u00e1logo cercano que dif\u00edcilmente se logra en contextos m\u00e1s tradicionales.<\/p>\n<p>Uno de los rasgos distintivos de la feria es que los creadores est\u00e1n junto a sus obras, explicando su proceso, el origen de sus ideas y el contexto de cada pieza. Esta cercan\u00eda rompe la distancia entre artista y espectador y vuelve el arte m\u00e1s<br \/>&#13;<br \/>\naccesible y humano. El p\u00fablico coincidi\u00f3 en que interactuar directamente con los artistas transforma la experiencia: no solo se observa la obra, sino que se comprende y se vive de forma m\u00e1s significativa, creando un v\u00ednculo aut\u00e9ntico entre creador y visitante&#13;<br \/>\n&#13;\n<\/p>\n<p>Descubriendo y comprando arte emergente&#13;<br \/>\n&#13;\n<\/p>\n<p>Al recorrer la feria, muchos asistentes compraron obras directamente a los artistas. Entre ellos estaban Regina y Mar\u00eda, madre e hija que adquirieron varias piezas. \u201cVenir a esta feria cada a\u00f1o es como mi semana en Disneylandia\u201d, coment\u00f3 la madre. Aunque tambi\u00e9n asisten a Zona MACO, prefieren <strong>BADA<\/strong> porque les permite descubrir artistas emergentes en una etapa m\u00e1s accesible: \u201csiempre hay uno u otro de BADA que despu\u00e9s brinca a Zona MACO y ya no los ves aqu\u00ed.\u201d&#13;<br \/>\n&#13;\n<\/p>\n<p>Para algunos, el arte es pasi\u00f3n e inversi\u00f3n. Comprar a creadores emergentes les permite apoyar talento y adquirir obras que podr\u00edan aumentar su valor. El contacto directo con los artistas \u2014conocer el significado de cada pieza y su historia\u2014 hace la compra m\u00e1s personal. As\u00ed, llevarse arte de BADA es tambi\u00e9n llevarse la voz de quien lo cre\u00f3.&#13;<br \/>\n&#13;\n<\/p>\n<p>P\u00fablico curioso&#13;<br \/>\n&#13;\n<\/p>\n<p>Entre los asistentes predomin\u00f3 el desconocimiento de los artistas; para muchos, la feria fue un espacio de descubrimiento. Jaime, por ejemplo, no conoc\u00eda a ninguno antes de asistir, pero le llam\u00f3 la atenci\u00f3n el trabajo en madera de \u00c1ngel Bobadilla por la interacci\u00f3n con el espectador.&#13;<br \/>\n&#13;\n<\/p>\n<p>En otros casos, el conocimiento era m\u00ednimo. Marlene acudi\u00f3 para apoyar a un amigo y coment\u00f3 que, aunque hab\u00eda escuchado de algunos artistas, no conoc\u00eda su obra: \u201cSab\u00eda de su existencia, pero nada m\u00e1s\u201d. Tambi\u00e9n hubo visitantes con mayor cercan\u00eda al arte, como Mar\u00eda y Regina, quienes ya conoc\u00edan a algunos expositores y buscaban adquirir piezas.<\/p>\n<p>D\u00f3nde converge lo social y lo art\u00edstico&#13;<br \/>\n&#13;\n<\/p>\n<p>Adem\u00e1s de ser un espacio de exhibici\u00f3n, <strong>BADA<\/strong> re\u00fane lo art\u00edstico y lo social. Algunos la consideran un evento accesible; otros, un espacio dirigido a un p\u00fablico espec\u00edfico. Para Marlene, la feria es excluyente: el costo de entrada \u2014400 pesos, o 275 con credencial de estudiante limita el acceso.&#13;<br \/>\n&#13;\n<\/p>\n<p>\u201cNo es para todo p\u00fablico. Creo que est\u00e1 hecho para un p\u00fablico espec\u00edfico de cierta clase social\u201d, afirm\u00f3. Jaime opin\u00f3 que ambas dimensiones convergen: \u201cCreo que es un poco de los dos, porque s\u00ed he visto que hay gente que viene y compra, pero tambi\u00e9n es el fin del arte\u201d. Para Mar\u00eda y Regina, es una oportunidad para acercarse al arte emergente y formar una colecci\u00f3n. \u201cPoco a poco vas haci\u00e9ndote de tu arte\u201d, coment\u00f3 Regina.&#13;<br \/>\n&#13;\n<\/p>\n<p>La perspectiva de los artistas&#13;<br \/>\n&#13;\n<\/p>\n<p>Para los artistas entrevistados, vivir del arte en M\u00e9xico es posible, pero requiere constancia y estrategia. Espacios como BADA les permiten vender, ganar visibilidad y conectar con compradores, fortaleciendo su carrera. Jos\u00e9 Cacho, Florence Ortiz, Tatiana Fonti, Romer\u00eda Luis, H\u00e9czar G\u00f3mez y Ana Sof\u00eda Toca coinciden en que las ventas se construyen con trayectoria y presencia en ferias.&#13;<br \/>\n&#13;\n<\/p>\n<p>Florence Ortiz, con m\u00e1s de treinta exposiciones internacionales, afirma: \u201cEl miedo y la inseguridad frenan m\u00e1s el mercado. El valor de la obra crece con la trayectoria y la visibilidad, y vender solo a amigos no es sostenible. El verdadero mercado est\u00e1 fuera del c\u00edrculo cercano\u201d, subrayando la disciplina y persistencia como claves. As\u00ed, vivir del arte no es un ideal rom\u00e1ntico, sino un proceso que exige producci\u00f3n, gesti\u00f3n y resiliencia.<\/p>\n<p>As\u00ed, BADA es un punto clave de la Art Week donde el arte emergente gana visibilidad y el p\u00fablico se acerca de forma directa. Para los artistas, es un espacio de venta y proyecci\u00f3n que demuestra que vivir del arte es posible con estrategia y contacto con el p\u00fablico.&#13;<br \/>\n&#13;\n<\/p>\n<p><img decoding=\"async\" alt=\"\" src=\"https:\/\/heraldodemexico.com.mx\/u\/fotografias\/m\/2026\/2\/27\/f768x1-1252228_1252355_5050.png\"\/>&#13;<br \/>\n&#13;\n<\/p>\n<p><img loading=\"lazy\" decoding=\"async\" alt=\"\" height=\"170\" src=\"https:\/\/heraldodemexico.com.mx\/u\/fotografias\/m\/2026\/2\/27\/f768x1-1252229_1252356_5050.png\" width=\"768\"\/>&#13;<br \/>\n&#13;\n<\/p>\n<p><img loading=\"lazy\" decoding=\"async\" alt=\"\" height=\"170\" src=\"https:\/\/heraldodemexico.com.mx\/u\/fotografias\/m\/2026\/2\/27\/f768x1-1252230_1252357_5050.png\" width=\"768\"\/>&#13;<br \/>\n&#13;\n<\/p>\n<p><img decoding=\"async\" alt=\"\" src=\"https:\/\/heraldodemexico.com.mx\/u\/fotografias\/m\/2026\/2\/27\/f768x1-1252231_1252358_5050.png\"\/>&#13;<br \/>\n&#13;<br \/>\n&#13;\n                                <\/p>\n<\/p><\/div>\n<p><script>\n    !function(f,b,e,v,n,t,s)\n    {if(f.fbq)return;n=f.fbq=function(){n.callMethod?\n    n.callMethod.apply(n,arguments):n.queue.push(arguments)};\n    if(!f._fbq)f._fbq=n;n.push=n;n.loaded=!0;n.version='2.0';\n    n.queue=[];t=b.createElement(e);t.async=!0;\n    t.src=v;s=b.getElementsByTagName(e)[0];\n    s.parentNode.insertBefore(t,s)}(window, document,'script',\n    'https:\/\/connect.facebook.net\/en_US\/fbevents.js');\n    fbq('init', '237927003583820');\n    fbq('track', 'PageView');\n  <\/script><br \/>\n<br \/><\/p>\n","protected":false},"excerpt":{"rendered":"<p>Durante la Art Week en la Ciudad de M\u00e9xico, la feria BADA reuni\u00f3 a cientos de artistas y visitantes en un espacio donde el arte no solo se observa, sino que tambi\u00e9n se vende y se conversa. El evento funcion\u00f3 como un punto de encuentro entre artistas y un p\u00fablico interesado, combinando la experiencia art\u00edstica [&hellip;]<\/p>\n","protected":false},"author":4,"featured_media":3460,"comment_status":"","ping_status":"","sticky":false,"template":"","format":"standard","meta":{"footnotes":""},"categories":[33],"tags":[],"class_list":["post-3459","post","type-post","status-publish","format-standard","has-post-thumbnail","hentry","category-cultura"],"_links":{"self":[{"href":"https:\/\/conexion-mx.com\/index.php?rest_route=\/wp\/v2\/posts\/3459","targetHints":{"allow":["GET"]}}],"collection":[{"href":"https:\/\/conexion-mx.com\/index.php?rest_route=\/wp\/v2\/posts"}],"about":[{"href":"https:\/\/conexion-mx.com\/index.php?rest_route=\/wp\/v2\/types\/post"}],"author":[{"embeddable":true,"href":"https:\/\/conexion-mx.com\/index.php?rest_route=\/wp\/v2\/users\/4"}],"replies":[{"embeddable":true,"href":"https:\/\/conexion-mx.com\/index.php?rest_route=%2Fwp%2Fv2%2Fcomments&post=3459"}],"version-history":[{"count":0,"href":"https:\/\/conexion-mx.com\/index.php?rest_route=\/wp\/v2\/posts\/3459\/revisions"}],"wp:featuredmedia":[{"embeddable":true,"href":"https:\/\/conexion-mx.com\/index.php?rest_route=\/wp\/v2\/media\/3460"}],"wp:attachment":[{"href":"https:\/\/conexion-mx.com\/index.php?rest_route=%2Fwp%2Fv2%2Fmedia&parent=3459"}],"wp:term":[{"taxonomy":"category","embeddable":true,"href":"https:\/\/conexion-mx.com\/index.php?rest_route=%2Fwp%2Fv2%2Fcategories&post=3459"},{"taxonomy":"post_tag","embeddable":true,"href":"https:\/\/conexion-mx.com\/index.php?rest_route=%2Fwp%2Fv2%2Ftags&post=3459"}],"curies":[{"name":"wp","href":"https:\/\/api.w.org\/{rel}","templated":true}]}}