{"id":3465,"date":"2026-03-13T23:21:33","date_gmt":"2026-03-14T04:21:33","guid":{"rendered":"https:\/\/conexion-mx.com\/?p=3465"},"modified":"2026-03-13T23:21:33","modified_gmt":"2026-03-14T04:21:33","slug":"margarita-maza-sera-embajadora-historica-csp","status":"publish","type":"post","link":"https:\/\/conexion-mx.com\/?p=3465","title":{"rendered":"Margarita Maza, ser\u00e1 embajadora hist\u00f3rica: CSP"},"content":{"rendered":"<p> <br \/>\n<\/p>\n<div>\n<p>Al inaugurar el <strong>Centro LIBRE<\/strong> para Mujeres, la presidenta <strong>Claudia Sheinbaum Pardo<\/strong> anunci\u00f3 que el 21 de marzo se nombrar\u00e1 a <strong>Margarita Maza<\/strong> como embajadora hist\u00f3rica de M\u00e9xico.<\/p>\n<p>Afirm\u00f3 que <strong>Margarita Maza<\/strong>, esposa de Benito Ju\u00e1rez, represent\u00f3 a M\u00e9xico en <strong>Estados Unidos<\/strong> en condiciones adversas.<\/p>\n<aside class=\"htmlinline\"\/>\n<blockquote><p>&#13;<\/p>\n<p>\u201cF\u00edjense, por ejemplo, una Margarita Massa, esposa de Ju\u00e1rez, que la conocemos por ser esposa de Ju\u00e1rez, pero ahora el 21 de marzo le vamos a dar la categor\u00eda de la primera diplom\u00e1tica hist\u00f3rica, embajadora hist\u00f3rica. \u00bfSaben por qu\u00e9? Porque cuando ella estuvo en Estados Unidos y Ju\u00e1rez regresa a M\u00e9xico, ella representa M\u00e9xico frente al gobierno de los Estados Unidos. Una mujer extraordinaria. Sufrieron much\u00edsimo, mucha pobreza\u201d, afirm\u00f3.<\/p>\n<aside class=\"relacionadas con-foto linea-1078\"><strong class=\"relacionadas-titulo-gral\">Noticias Relacionadas<\/strong><\/aside>\n<p>&#13;\n<\/p><\/blockquote>\n<p>La presidenta Sheinbaum Pardo resalt\u00f3 que<strong> Margarita Maza <\/strong>ten\u00eda un pensamiento liberal por lo que ayud\u00f3 a Ju\u00e1rez en toda la lucha de la reforma y al mismo tiempo contra la invasi\u00f3n francesa.<\/p>\n<p>Sobre el <strong>Centro LIBRE<\/strong>, la titular del <strong>Ejecutivo Federal <\/strong>se\u00f1al\u00f3 que las mujeres reciben atenci\u00f3n integral por lo que se cumplir\u00e1 la meta de contar con uno en cada municipio del pa\u00eds.<\/p>\n<blockquote><p>&#13;<\/p>\n<p>\u201cPara que aqu\u00ed una mujer pueda venir libremente a decir, tengo un problema de violencia, o sencillamente tengo un problema, \u00bfen qu\u00e9 te ayudamos?\u201d, se\u00f1al\u00f3.<\/p>\n<p>&#13;\n<\/p><\/blockquote>\n<p>\u201cO sencillamente quiero estar con otras mujeres vecinas haciendo un taller, o sencillamente hacer un club de lectura y que todas leamos un libro, o sencillamente juntar. Por eso los centros libres son una gran transformaci\u00f3n en el pa\u00eds, y queremos que haya un Centro OBTE por cada municipio del pa\u00eds, para que sea un espacio de abrazo a todas las mujeres mexicanas\u201d, manifest\u00f3.<\/p>\n<p>Acompa\u00f1aron a la presidenta, la gobernadora, <strong>Indira Vizca\u00edno<\/strong>; Citlalli Hern\u00e1ndez Mora, secretaria de las Mujeres; Carlos Gast\u00f3n Torres Rosas, secretario t\u00e9cnico del <strong>Gabinete de la Presidencia<\/strong> y coordinador general de Programas para el Bienestar, entre otros.&#13;<br \/>\n&#13;\n<\/p>\n<p>El 21 de marzo, la presidenta <strong>Sheinbaum Pardo<\/strong> encabezar\u00e1 la conmemoraci\u00f3n del natalicio de Benito Ju\u00e1rez, en el municipio de Guelatao, Oaxaca.&#13;<br \/>\n&#13;\n<\/p>\n<p>Este s\u00e1bado y domingo la presidenta tiene actividades en <strong>Nayarit<\/strong>.&#13;<br \/>\n&#13;\n<\/p>\n<h2>Te puede interesar:<\/h2>\n<p>\u00a0&#13;<br \/>\n&#13;<br \/>\n&#13;\n                                <\/p>\n<\/p><\/div>\n<p><script>\n    !function(f,b,e,v,n,t,s)\n    {if(f.fbq)return;n=f.fbq=function(){n.callMethod?\n    n.callMethod.apply(n,arguments):n.queue.push(arguments)};\n    if(!f._fbq)f._fbq=n;n.push=n;n.loaded=!0;n.version='2.0';\n    n.queue=[];t=b.createElement(e);t.async=!0;\n    t.src=v;s=b.getElementsByTagName(e)[0];\n    s.parentNode.insertBefore(t,s)}(window, document,'script',\n    'https:\/\/connect.facebook.net\/en_US\/fbevents.js');\n    fbq('init', '237927003583820');\n    fbq('track', 'PageView');\n  <\/script><script>\n    !function(f,b,e,v,n,t,s)\n    {if(f.fbq)return;n=f.fbq=function(){n.callMethod?\n    n.callMethod.apply(n,arguments):n.queue.push(arguments)};\n    if(!f._fbq)f._fbq=n;n.push=n;n.loaded=!0;n.version='2.0';\n    n.queue=[];t=b.createElement(e);t.async=!0;\n    t.src=v;s=b.getElementsByTagName(e)[0];\n    s.parentNode.insertBefore(t,s)}(window, document,'script',\n    'https:\/\/connect.facebook.net\/en_US\/fbevents.js');\n    fbq('init', '802372280934901');\n    fbq('track', 'PageView');\n    <\/script><br \/>\n<br \/><\/p>\n","protected":false},"excerpt":{"rendered":"<p>Al inaugurar el Centro LIBRE para Mujeres, la presidenta Claudia Sheinbaum Pardo anunci\u00f3 que el 21 de marzo se nombrar\u00e1 a Margarita Maza como embajadora hist\u00f3rica de M\u00e9xico. Afirm\u00f3 que Margarita Maza, esposa de Benito Ju\u00e1rez, represent\u00f3 a M\u00e9xico en Estados Unidos en condiciones adversas. &#13; \u201cF\u00edjense, por ejemplo, una Margarita Massa, esposa de Ju\u00e1rez, [&hellip;]<\/p>\n","protected":false},"author":2,"featured_media":3466,"comment_status":"","ping_status":"","sticky":false,"template":"","format":"standard","meta":{"footnotes":""},"categories":[2],"tags":[],"class_list":["post-3465","post","type-post","status-publish","format-standard","has-post-thumbnail","hentry","category-local"],"_links":{"self":[{"href":"https:\/\/conexion-mx.com\/index.php?rest_route=\/wp\/v2\/posts\/3465","targetHints":{"allow":["GET"]}}],"collection":[{"href":"https:\/\/conexion-mx.com\/index.php?rest_route=\/wp\/v2\/posts"}],"about":[{"href":"https:\/\/conexion-mx.com\/index.php?rest_route=\/wp\/v2\/types\/post"}],"author":[{"embeddable":true,"href":"https:\/\/conexion-mx.com\/index.php?rest_route=\/wp\/v2\/users\/2"}],"replies":[{"embeddable":true,"href":"https:\/\/conexion-mx.com\/index.php?rest_route=%2Fwp%2Fv2%2Fcomments&post=3465"}],"version-history":[{"count":0,"href":"https:\/\/conexion-mx.com\/index.php?rest_route=\/wp\/v2\/posts\/3465\/revisions"}],"wp:featuredmedia":[{"embeddable":true,"href":"https:\/\/conexion-mx.com\/index.php?rest_route=\/wp\/v2\/media\/3466"}],"wp:attachment":[{"href":"https:\/\/conexion-mx.com\/index.php?rest_route=%2Fwp%2Fv2%2Fmedia&parent=3465"}],"wp:term":[{"taxonomy":"category","embeddable":true,"href":"https:\/\/conexion-mx.com\/index.php?rest_route=%2Fwp%2Fv2%2Fcategories&post=3465"},{"taxonomy":"post_tag","embeddable":true,"href":"https:\/\/conexion-mx.com\/index.php?rest_route=%2Fwp%2Fv2%2Ftags&post=3465"}],"curies":[{"name":"wp","href":"https:\/\/api.w.org\/{rel}","templated":true}]}}