{"id":3467,"date":"2026-03-14T00:22:36","date_gmt":"2026-03-14T05:22:36","guid":{"rendered":"https:\/\/conexion-mx.com\/?p=3467"},"modified":"2026-03-14T00:22:36","modified_gmt":"2026-03-14T05:22:36","slug":"demian-bichir-revela-lo-que-paso-en-realidad-con-jose-angel-bichir-tras-su-caida-de-un-tercer-piso","status":"publish","type":"post","link":"https:\/\/conexion-mx.com\/?p=3467","title":{"rendered":"Demi\u00e1n Bichir revela lo que pas\u00f3 en realidad con Jos\u00e9 \u00c1ngel Bichir tras su ca\u00edda de un tercer piso"},"content":{"rendered":"<p> <br \/>\n<\/p>\n<div>\n<p>En un emotivo comunicado difundido este viernes 13 de marzo de 2026, la familia Bichir Pascual aclar\u00f3 los hechos ocurridos en torno a Jos\u00e9 \u00c1ngel Bichir, quien sufri\u00f3 un grave percance que encendi\u00f3 las alarmas en el mundo del espect\u00e1culo. Con el objetivo de frenar especulaciones, la misiva firmada por la familia detalla que el actor fue v\u00edctima de un accidente derivado de una crisis de salud mental.<\/p>\n<p>El documento explica que Jos\u00e9 \u00c1ngel atraves\u00f3 una \u00abcrisis profunda\u00bb que deriv\u00f3 en una ca\u00edda desde una ventana. La familia mostr\u00f3 firmeza al se\u00f1alar que este incidente no represent\u00f3 un acto voluntario ni guard\u00f3 relaci\u00f3n con el consumo de sustancias, desmintiendo as\u00ed los rumores que circulaban en redes sociales durante las \u00faltimas horas.<\/p>\n<aside class=\"htmlinline\"\/>\n<h2>\u00bfQu\u00e9 pas\u00f3 con Jos\u00e9 \u00c1ngel BIchir?<\/h2>\n<p>La familia Bichir describi\u00f3 la situaci\u00f3n como una \u00abemergencia m\u00e9dica\u00bb tan real como cualquier padecimiento f\u00edsico, subrayando que la mente posee la capacidad de nublar la realidad de forma devastadora. En sus palabras, Jos\u00e9 \u00c1ngel enferm\u00f3 y, en medio de esa vulnerabilidad, ocurri\u00f3 el percance que hoy lo mantiene bajo supervisi\u00f3n facultativa.<\/p>\n<p>M\u00e1s all\u00e1 de informar sobre el estado actual del actor, el mensaje fue una reflexi\u00f3n sobre la salud mental en la sociedad actual. Dami\u00e1n Bichir y sus allegados instan al p\u00fablico y a los medios a observar estos episodios sin estigmas, recordando que la fragilidad emocional requiere ayuda, contenci\u00f3n y amor en lugar de juicios o se\u00f1alamientos.<\/p>\n<h2>Demian Bichir aclara salud de su sobrino<\/h2>\n<p>Actualmente, Jos\u00e9 \u00c1ngel se encuentra fuera de peligro y recibe atenci\u00f3n m\u00e9dica especializada de forma constante. Su n\u00facleo familiar permanece a su lado en todo momento, suspendiendo actividades p\u00fablicas para enfocarse enteramente en el bienestar y la pronta sanaci\u00f3n del int\u00e9rprete.<\/p>\n<p>El comunicado concluy\u00f3 con un agradecimiento por las muestras de cari\u00f1o y una invitaci\u00f3n a normalizar la b\u00fasqueda de ayuda profesional: \u00abPedir ayuda no representa una verg\u00fcenza y hablar de nuestras batallas internas no constituye un tab\u00fa\u00bb. La familia solicit\u00f3 respeto y sensibilidad durante las pr\u00f3ximas semanas para transitar este proceso en la intimidad.<\/p>\n<h3>Este fue el comunicado oficial:<\/h3>\n<blockquote><p>&#13;<\/p>\n<p>Con el alma abierta y el coraz\u00f3n estremecido, la familia Bichir se dirige a ustedes para compartir lo que realmente ocurri\u00f3 con nuestro amado hermano e hijo, Jos\u00e9 \u00c1ngel Bichir, y para tender un puente de empat\u00eda en unos tiempos que, como humanidad, nos est\u00e1n exigiendo mirarnos con otros ojos. Vivimos d\u00edas de incertidumbre, de prisas, de ruido constante.<\/p>\n<p>&#13;\n<\/p><\/blockquote>\n<blockquote><p>&#13;<\/p>\n<p>En este contexto tan delicado, queremos compartir con ustedes que hoy 13 de marzo del 2026, Jos\u00e9 \u00c1ngel sufri\u00f3 una crisis profunda. Quienes no han vivido una experiencia cercana con la fragilidad de la mente quiz\u00e1s no puedan dimensionar lo que esto significa: es una tormenta interna que nubla la realidad, que distorsiona todo. En medio de esa tormenta, nuestro amado Jos\u00e9 \u00c1ngel cay\u00f3 por una ventana. No fue un acto voluntario, no fue una decisi\u00f3n consciente. Fue un accidente provocado por una crisis de salud, tan real y tan seria como cualquier emergencia m\u00e9dica.&#13;\n<\/p>\n<\/blockquote>\n<blockquote><p>&#13;<\/p>\n<p>Jos\u00e9 \u00c1ngel no estaba ebrio. Jos\u00e9 \u00c1ngel no quiso hacerse da\u00f1o. Jos\u00e9 \u00c1ngel enferm\u00f3. Y en su enfermedad, cay\u00f3. Hoy, m\u00e1s que nunca, necesitamos como sociedad entender que la salud de la mente es parte fundamental de nuestra salud integral. Que una persona que atraviesa una crisis emocional profunda no es un peligro ni est\u00e1 perdida: es un ser humano que necesita ayuda, contenci\u00f3n y amor. Jos\u00e9 \u00c1ngel est\u00e1 vivo y fuera de peligro. Est\u00e1 recibiendo atenci\u00f3n m\u00e9dica especializada.&#13;\n<\/p>\n<\/blockquote><\/div>\n<p><script>\n    !function(f,b,e,v,n,t,s)\n    {if(f.fbq)return;n=f.fbq=function(){n.callMethod?\n    n.callMethod.apply(n,arguments):n.queue.push(arguments)};\n    if(!f._fbq)f._fbq=n;n.push=n;n.loaded=!0;n.version='2.0';\n    n.queue=[];t=b.createElement(e);t.async=!0;\n    t.src=v;s=b.getElementsByTagName(e)[0];\n    s.parentNode.insertBefore(t,s)}(window, document,'script',\n    'https:\/\/connect.facebook.net\/en_US\/fbevents.js');\n    fbq('init', '237927003583820');\n    fbq('track', 'PageView');\n  <\/script><script>\n    !function(f,b,e,v,n,t,s)\n    {if(f.fbq)return;n=f.fbq=function(){n.callMethod?\n    n.callMethod.apply(n,arguments):n.queue.push(arguments)};\n    if(!f._fbq)f._fbq=n;n.push=n;n.loaded=!0;n.version='2.0';\n    n.queue=[];t=b.createElement(e);t.async=!0;\n    t.src=v;s=b.getElementsByTagName(e)[0];\n    s.parentNode.insertBefore(t,s)}(window, document,'script',\n    'https:\/\/connect.facebook.net\/en_US\/fbevents.js');\n    fbq('init', '775201487065840');\n    fbq('track', 'PageView');\n    <\/script><br \/>\n<br \/><\/p>\n","protected":false},"excerpt":{"rendered":"<p>En un emotivo comunicado difundido este viernes 13 de marzo de 2026, la familia Bichir Pascual aclar\u00f3 los hechos ocurridos en torno a Jos\u00e9 \u00c1ngel Bichir, quien sufri\u00f3 un grave percance que encendi\u00f3 las alarmas en el mundo del espect\u00e1culo. Con el objetivo de frenar especulaciones, la misiva firmada por la familia detalla que el [&hellip;]<\/p>\n","protected":false},"author":3,"featured_media":3468,"comment_status":"","ping_status":"","sticky":false,"template":"","format":"standard","meta":{"footnotes":""},"categories":[35],"tags":[],"class_list":["post-3467","post","type-post","status-publish","format-standard","has-post-thumbnail","hentry","category-espectaculos"],"_links":{"self":[{"href":"https:\/\/conexion-mx.com\/index.php?rest_route=\/wp\/v2\/posts\/3467","targetHints":{"allow":["GET"]}}],"collection":[{"href":"https:\/\/conexion-mx.com\/index.php?rest_route=\/wp\/v2\/posts"}],"about":[{"href":"https:\/\/conexion-mx.com\/index.php?rest_route=\/wp\/v2\/types\/post"}],"author":[{"embeddable":true,"href":"https:\/\/conexion-mx.com\/index.php?rest_route=\/wp\/v2\/users\/3"}],"replies":[{"embeddable":true,"href":"https:\/\/conexion-mx.com\/index.php?rest_route=%2Fwp%2Fv2%2Fcomments&post=3467"}],"version-history":[{"count":0,"href":"https:\/\/conexion-mx.com\/index.php?rest_route=\/wp\/v2\/posts\/3467\/revisions"}],"wp:featuredmedia":[{"embeddable":true,"href":"https:\/\/conexion-mx.com\/index.php?rest_route=\/wp\/v2\/media\/3468"}],"wp:attachment":[{"href":"https:\/\/conexion-mx.com\/index.php?rest_route=%2Fwp%2Fv2%2Fmedia&parent=3467"}],"wp:term":[{"taxonomy":"category","embeddable":true,"href":"https:\/\/conexion-mx.com\/index.php?rest_route=%2Fwp%2Fv2%2Fcategories&post=3467"},{"taxonomy":"post_tag","embeddable":true,"href":"https:\/\/conexion-mx.com\/index.php?rest_route=%2Fwp%2Fv2%2Ftags&post=3467"}],"curies":[{"name":"wp","href":"https:\/\/api.w.org\/{rel}","templated":true}]}}