{"id":3473,"date":"2026-03-14T22:03:35","date_gmt":"2026-03-15T03:03:35","guid":{"rendered":"https:\/\/conexion-mx.com\/?p=3473"},"modified":"2026-03-14T22:03:35","modified_gmt":"2026-03-15T03:03:35","slug":"arte-musica-y-teatro-se-reunen-en-una-nueva-edicion-del-festival-internacional-cervantino","status":"publish","type":"post","link":"https:\/\/conexion-mx.com\/?p=3473","title":{"rendered":"Arte, m\u00fasica y teatro se re\u00fanen en una nueva edici\u00f3n del Festival Internacional Cervantino"},"content":{"rendered":"<p> <br \/>\n<\/p>\n<div itemprop=\"articleBody\">\n<div class=\"txt_contenido\">\n<p><strong>El\u00a0Festival Internacional Cervantino<\/strong>\u00a0conmemora\u00a0<strong>su edici\u00f3n n\u00famero 50,<\/strong> consolidado como <strong>uno de los encuentros culturales<\/strong> m\u00e1s importantes de <strong>Am\u00e9rica Latina <\/strong>y una de las celebraciones art\u00edsticas <strong>m\u00e1s relevantes del mundo.<\/strong><\/p>\n<p>En esta edici\u00f3n participan m\u00e1s de<strong>\u00a02,500 artistas provenientes de 33 pa\u00edses, <\/strong>quienes integran una programaci\u00f3n compuesta por\u00a0<strong>159 funciones de artes esc\u00e9nicas<\/strong>\u00a0y\u00a0<strong>90 actividades de artes visuales, cine, literatura y un mercado de artistas<\/strong>. Durante\u00a019 d\u00edas, el festival ofrece una intensa agenda cultural con propuestas para todos tipo de p\u00fablico.<\/p>\n<aside class=\"htmlinline\"\/>\n<p class=\"image-align-center\"><img loading=\"lazy\" decoding=\"async\" alt=\"\" height=\"400\" src=\"https:\/\/heraldodemexico.com.mx\/u\/fotografias\/m\/2025\/10\/14\/f768x400-1196457_1240360_5050.png\" width=\"768\"\/><\/p>\n<h2>\u00bfD\u00f3nde se llevar\u00e1 a cabo el Cervantino?\u00a0<\/h2>\n<h2>\u00a0<\/h2>\n<p>La sede principal del encuentro es la<strong> <\/strong>ciudad<strong> <\/strong>de<strong>\u00a0Guanajuato,<\/strong> reconocida por su riqueza hist\u00f3rica y arquitect\u00f3nica, y declarada\u00a0Patrimonio de la Humanidad por la\u00a0<strong>UNESCO<\/strong>. Sus calles, teatros y plazas se convierten en escenarios que reciben a creadores y espectadores de distintas partes del mundo.<\/p>\n<p class=\"image-align-center\"><img loading=\"lazy\" decoding=\"async\" alt=\"\" height=\"400\" src=\"https:\/\/heraldodemexico.com.mx\/u\/fotografias\/m\/2026\/2\/22\/f768x400-1249842_1293745_5050.jpeg\" width=\"768\"\/><\/p>\n<h2>Cultura que llega a m\u00e1s comunidades<\/h2>\n<p>A trav\u00e9s de\u00a0<strong>FIC Social,<\/strong> se desarrollan distintos programas que llevan las <strong>actividades del Cervantino <\/strong>a otras regiones del pa\u00eds.<\/p>\n<p>Entre ellos se encuentra\u00a0<strong>M\u00e1s All\u00e1 de Guanajuato,<\/strong> iniciativa que transmite espect\u00e1culos del festival en diferentes localidades para acercar su programaci\u00f3n a nuevos p\u00fablicos. Asimismo, el\u00a0<strong>Proyecto Ruelas<\/strong>\u00a0trabaja desde hace ocho a\u00f1os con comunidades vulnerables del <strong>estado de Guanajuato,<\/strong> utilizando el teatro como herramienta para <strong>fortalecer la convivencia y el tejido social.<\/strong><\/p>\n<p>A estas acciones se suma\u00a0<strong>Circuito Cervantino, <\/strong>un programa que permite que artistas participantes del festival se presenten en distintas ciudades de la <strong>Rep\u00fablica<\/strong>, ampliando el alcance cultural del encuentro y <strong>fortaleciendo su presencia a nivel nacional.<\/strong>&#13;<br \/>\n&#13;<br \/>\n&#13;\n                                <\/p>\n<\/p><\/div>\n<\/p><\/div>\n<p><script>\n    !function(f,b,e,v,n,t,s)\n    {if(f.fbq)return;n=f.fbq=function(){n.callMethod?\n    n.callMethod.apply(n,arguments):n.queue.push(arguments)};\n    if(!f._fbq)f._fbq=n;n.push=n;n.loaded=!0;n.version='2.0';\n    n.queue=[];t=b.createElement(e);t.async=!0;\n    t.src=v;s=b.getElementsByTagName(e)[0];\n    s.parentNode.insertBefore(t,s)}(window, document,'script',\n    'https:\/\/connect.facebook.net\/en_US\/fbevents.js');\n    fbq('init', '237927003583820');\n    fbq('track', 'PageView');\n  <\/script><br \/>\n<br \/><\/p>\n","protected":false},"excerpt":{"rendered":"<p>El\u00a0Festival Internacional Cervantino\u00a0conmemora\u00a0su edici\u00f3n n\u00famero 50, consolidado como uno de los encuentros culturales m\u00e1s importantes de Am\u00e9rica Latina y una de las celebraciones art\u00edsticas m\u00e1s relevantes del mundo. En esta edici\u00f3n participan m\u00e1s de\u00a02,500 artistas provenientes de 33 pa\u00edses, quienes integran una programaci\u00f3n compuesta por\u00a0159 funciones de artes esc\u00e9nicas\u00a0y\u00a090 actividades de artes visuales, cine, literatura [&hellip;]<\/p>\n","protected":false},"author":4,"featured_media":3474,"comment_status":"","ping_status":"","sticky":false,"template":"","format":"standard","meta":{"footnotes":""},"categories":[33],"tags":[],"class_list":["post-3473","post","type-post","status-publish","format-standard","has-post-thumbnail","hentry","category-cultura"],"_links":{"self":[{"href":"https:\/\/conexion-mx.com\/index.php?rest_route=\/wp\/v2\/posts\/3473","targetHints":{"allow":["GET"]}}],"collection":[{"href":"https:\/\/conexion-mx.com\/index.php?rest_route=\/wp\/v2\/posts"}],"about":[{"href":"https:\/\/conexion-mx.com\/index.php?rest_route=\/wp\/v2\/types\/post"}],"author":[{"embeddable":true,"href":"https:\/\/conexion-mx.com\/index.php?rest_route=\/wp\/v2\/users\/4"}],"replies":[{"embeddable":true,"href":"https:\/\/conexion-mx.com\/index.php?rest_route=%2Fwp%2Fv2%2Fcomments&post=3473"}],"version-history":[{"count":0,"href":"https:\/\/conexion-mx.com\/index.php?rest_route=\/wp\/v2\/posts\/3473\/revisions"}],"wp:featuredmedia":[{"embeddable":true,"href":"https:\/\/conexion-mx.com\/index.php?rest_route=\/wp\/v2\/media\/3474"}],"wp:attachment":[{"href":"https:\/\/conexion-mx.com\/index.php?rest_route=%2Fwp%2Fv2%2Fmedia&parent=3473"}],"wp:term":[{"taxonomy":"category","embeddable":true,"href":"https:\/\/conexion-mx.com\/index.php?rest_route=%2Fwp%2Fv2%2Fcategories&post=3473"},{"taxonomy":"post_tag","embeddable":true,"href":"https:\/\/conexion-mx.com\/index.php?rest_route=%2Fwp%2Fv2%2Ftags&post=3473"}],"curies":[{"name":"wp","href":"https:\/\/api.w.org\/{rel}","templated":true}]}}