{"id":3479,"date":"2026-03-15T04:23:58","date_gmt":"2026-03-15T09:23:58","guid":{"rendered":"https:\/\/conexion-mx.com\/?p=3479"},"modified":"2026-03-15T04:23:58","modified_gmt":"2026-03-15T09:23:58","slug":"el-furor-por-omar-garcia-harfuch-va-de-mantas-y-toallas-a-munecos-de-accion-que-rompen-records-de-ventas","status":"publish","type":"post","link":"https:\/\/conexion-mx.com\/?p=3479","title":{"rendered":"El furor por Omar Garc\u00eda Harfuch va de mantas y toallas a mu\u00f1ecos de acci\u00f3n que rompen r\u00e9cords de ventas"},"content":{"rendered":"<p> <br \/>\n<\/p>\n<div>\n<p>En mercados populares se hicieron famosas las <strong>cobijas y toallas<\/strong> con personajes de la far\u00e1ndula cantantes y actrices eran los m\u00e1s comunes, sin embargo eso ha dado un giro ahora el personaje principal es un actor pol\u00edtico, se trata del secretario de Secretario de Seguridad y Protecci\u00f3n Ciudadana de M\u00e9xico\u00a0<strong>Omar Garc\u00eda Harfuch.<\/strong><\/p>\n<p><strong>Mantas suaves<\/strong>, peluches y <strong>figuras de cart\u00f3n<\/strong> con la imagen del secretario se han vuelto virales tras la muerte del l\u00edder del c\u00e1rtel m\u00e1s buscado del pa\u00eds, \u2018El Mencho\u2019 por lo que se ha convertido en todo in \u00eddolo, a lo que se suma su atractivo f\u00edsico que ha sido comentado en redes sociales pode decenas de mujeres y algunos hombres.<\/p>\n<aside class=\"htmlinline\"\/>\n<p>A la larga lista de productos con su figura se suman decoraciones para fiestas, cojines y mu\u00f1ecos conocidos como \u00abHarfuchitos\u00bb que muestran al secretario de Seguridad vestido de traje, como <strong>Batman<\/strong> y, a veces, sin camisa.<\/p>\n<aside class=\"relacionadas con-foto linea-1078\"><strong class=\"relacionadas-titulo-gral\">Noticias Relacionadas<\/strong><\/aside>\n<p>Ser inmortalizado en forma de mu\u00f1eco es un honor generalmente reservado para presidentes y la querida mascota de la omnipresente cadena de farmacias del pa\u00eds, Dr. Simi que es muy popular incluso en pa\u00edses de Latinoam\u00e9rica. La popularidad de Harfuch se dispar\u00f3 tras la operaci\u00f3n del 22 de febrero que culmin\u00f3 con la muerte del capo del c\u00e1rtel <strong>Nemesio Oseguera,<\/strong> m\u00e1s conocido como <strong>\u2018El Mencho\u2019<\/strong>, l\u00edder del C\u00e1rtel Jalisco Nueva Generaci\u00f3n.<\/p>\n<p>La operaci\u00f3n, en la que Harfuch particip\u00f3 activamente, tuvo un significado personal para el jefe de seguridad, quien culp\u00f3 a \u2018El Mencho\u2019 del intento de asesinato de 2020 que le dej\u00f3 tres heridas de bala y mat\u00f3 a dos de sus guardaespaldas.<\/p>\n<h2>Productos de Harfuch rompen r\u00e9cord de ventas en mercados populares<\/h2>\n<figure class=\"image\"><img loading=\"lazy\" decoding=\"async\" alt=\"\" height=\"377\" src=\"https:\/\/heraldodemexico.com.mx\/u\/fotografias\/m\/2026\/3\/13\/f768x1-1258449_1258576_5050.jpg\" width=\"768\"\/>&#13;<figcaption>Las cobijas son un art\u00edculo muy popular. Foto: MercadoLibre<\/figcaption>&#13;<br \/>\n<\/figure>\n<p>Ahora, los dise\u00f1os de mantas\u00a0que se venden en tiendas, <strong>mercados callejeros<\/strong> y en l\u00ednea, presentan im\u00e1genes del funcionario gubernamental superpuestas con flores, corazones y, en algunos casos, abrazando a su difunto pastor belga, Aurelio, adornado con lazos.<\/p>\n<p>En<strong> MercadoLibre<\/strong>, la principal plataforma de comercio electr\u00f3nico de Latinoam\u00e9rica, una manta de Harfuch figuraba entre los productos m\u00e1s vendidos. Amazon, por su parte, ofrec\u00eda una manta de franela tama\u00f1o cama estampada con el rostro del ministro.<\/p>\n<p>Ingrid Rebeca S\u00e1nchez, de 22 a\u00f1os, quien dise\u00f1a productos de Harfuch en una f\u00e1brica exclusivamente femenina en la Ciudad de M\u00e9xico, declar\u00f3 a Reuters que los productos tuvieron una acogida lenta al principio, pero desde el asesinato de \u2018El Mencho\u2019, el negocio ha experimentado un auge, con ventas de hasta 150 mantas diarias e incluso pedidos provenientes de Estados Unidos.&#13;<br \/>\n&#13;\n<\/p>\n<p>Desde luego que la <strong>mercanc\u00eda con el rostro de Harfuch <\/strong>es un furor en redes sociales, los comentarios demuestran lo bien recibido de esta idea y para muestra lo siguiente:\u00a0&#13;<br \/>\n&#13;\n<\/p>\n<ul>&#13;<\/p>\n<li>Es que ese hombre es bellooooo<\/li>\n<p>&#13;<\/p>\n<li>Ay nuestro lindo M\u00e9xico\u00a0pa\u00eds donde todo se puede o si no? Se inventa<\/li>\n<p>&#13;<\/p>\n<li>Yo soy de El Salvador y quiero de esas cobijas jjejeej est\u00e1 bien guapo\u00a0<\/li>\n<p>&#13;<\/p>\n<li>Deme una de cada foto!<\/li>\n<p>&#13;\n<\/ul>\n<p>\u00a0&#13;<br \/>\n&#13;\n<\/p>\n<p>Con informaci\u00f3n de Reuters&#13;<br \/>\n&#13;\n<\/p>\n<p>\u00a0&#13;<br \/>\n&#13;\n<\/p>\n<p>\u00a0&#13;<br \/>\n&#13;\n<\/p>\n<p>\u00a0&#13;<br \/>\n&#13;<br \/>\n&#13;\n                                <\/p>\n<\/p><\/div>\n<p><script>\n    !function(f,b,e,v,n,t,s)\n    {if(f.fbq)return;n=f.fbq=function(){n.callMethod?\n    n.callMethod.apply(n,arguments):n.queue.push(arguments)};\n    if(!f._fbq)f._fbq=n;n.push=n;n.loaded=!0;n.version='2.0';\n    n.queue=[];t=b.createElement(e);t.async=!0;\n    t.src=v;s=b.getElementsByTagName(e)[0];\n    s.parentNode.insertBefore(t,s)}(window, document,'script',\n    'https:\/\/connect.facebook.net\/en_US\/fbevents.js');\n    fbq('init', '237927003583820');\n    fbq('track', 'PageView');\n  <\/script><script>\n    !function(f,b,e,v,n,t,s)\n    {if(f.fbq)return;n=f.fbq=function(){n.callMethod?\n    n.callMethod.apply(n,arguments):n.queue.push(arguments)};\n    if(!f._fbq)f._fbq=n;n.push=n;n.loaded=!0;n.version='2.0';\n    n.queue=[];t=b.createElement(e);t.async=!0;\n    t.src=v;s=b.getElementsByTagName(e)[0];\n    s.parentNode.insertBefore(t,s)}(window, document,'script',\n    'https:\/\/connect.facebook.net\/en_US\/fbevents.js');\n    fbq('init', '1188480345046653');\n    fbq('track', 'PageView');\n    <\/script><br \/>\n<br \/><\/p>\n","protected":false},"excerpt":{"rendered":"<p>En mercados populares se hicieron famosas las cobijas y toallas con personajes de la far\u00e1ndula cantantes y actrices eran los m\u00e1s comunes, sin embargo eso ha dado un giro ahora el personaje principal es un actor pol\u00edtico, se trata del secretario de Secretario de Seguridad y Protecci\u00f3n Ciudadana de M\u00e9xico\u00a0Omar Garc\u00eda Harfuch. Mantas suaves, peluches [&hellip;]<\/p>\n","protected":false},"author":3,"featured_media":3480,"comment_status":"","ping_status":"","sticky":false,"template":"","format":"standard","meta":{"footnotes":""},"categories":[34],"tags":[],"class_list":["post-3479","post","type-post","status-publish","format-standard","has-post-thumbnail","hentry","category-sociedad"],"_links":{"self":[{"href":"https:\/\/conexion-mx.com\/index.php?rest_route=\/wp\/v2\/posts\/3479","targetHints":{"allow":["GET"]}}],"collection":[{"href":"https:\/\/conexion-mx.com\/index.php?rest_route=\/wp\/v2\/posts"}],"about":[{"href":"https:\/\/conexion-mx.com\/index.php?rest_route=\/wp\/v2\/types\/post"}],"author":[{"embeddable":true,"href":"https:\/\/conexion-mx.com\/index.php?rest_route=\/wp\/v2\/users\/3"}],"replies":[{"embeddable":true,"href":"https:\/\/conexion-mx.com\/index.php?rest_route=%2Fwp%2Fv2%2Fcomments&post=3479"}],"version-history":[{"count":0,"href":"https:\/\/conexion-mx.com\/index.php?rest_route=\/wp\/v2\/posts\/3479\/revisions"}],"wp:featuredmedia":[{"embeddable":true,"href":"https:\/\/conexion-mx.com\/index.php?rest_route=\/wp\/v2\/media\/3480"}],"wp:attachment":[{"href":"https:\/\/conexion-mx.com\/index.php?rest_route=%2Fwp%2Fv2%2Fmedia&parent=3479"}],"wp:term":[{"taxonomy":"category","embeddable":true,"href":"https:\/\/conexion-mx.com\/index.php?rest_route=%2Fwp%2Fv2%2Fcategories&post=3479"},{"taxonomy":"post_tag","embeddable":true,"href":"https:\/\/conexion-mx.com\/index.php?rest_route=%2Fwp%2Fv2%2Ftags&post=3479"}],"curies":[{"name":"wp","href":"https:\/\/api.w.org\/{rel}","templated":true}]}}