{"id":3489,"date":"2026-03-16T07:36:52","date_gmt":"2026-03-16T12:36:52","guid":{"rendered":"https:\/\/conexion-mx.com\/?p=3489"},"modified":"2026-03-16T07:36:52","modified_gmt":"2026-03-16T12:36:52","slug":"eiza-gonzalez-deslumbra-elegante-vestido-plateado-en-la-fiesta-de-los-oscar-2026","status":"publish","type":"post","link":"https:\/\/conexion-mx.com\/?p=3489","title":{"rendered":"Eiza Gonz\u00e1lez deslumbra elegante vestido plateado en la fiesta de los Oscar 2026"},"content":{"rendered":"<p> <br \/>\n<\/p>\n<div>\n<p>La actriz mexicana<strong> Eiza Gonz\u00e1lez<\/strong>, de 36 a\u00f1os, volvi\u00f3 a acaparar miradas en uno de los eventos m\u00e1s exclusivos de <strong>Hollywood<\/strong>. Tras la ceremonia de los P<strong>remios \u00d3scar 2026<\/strong>, la estrella asisti\u00f3 a la tradicional fiesta organizada por Vanity Fair, un encuentro que cada a\u00f1o re\u00fane a algunas de las figuras m\u00e1s influyentes de la industria del entretenimiento. En esta ocasi\u00f3n, la mexicana destac\u00f3 con un elegante atuendo que r\u00e1pidamente comenz\u00f3 a circular en redes sociales y en medios especializados en moda.<\/p>\n<p>La artista, quien contin\u00faa consolidando su carrera internacional en cine y televisi\u00f3n, lleg\u00f3 a la famosa after party con un look que rob\u00f3 reflectores y confirm\u00f3 su lugar dentro de la industria de la <strong>moda <\/strong>y el <strong>entretenimiento<\/strong>. Como invitada especial de la celebraci\u00f3n posterior a la entrega de los premios otorgados por la<strong> Academia de Artes y Ciencias Cinematogr\u00e1ficas<\/strong>, <strong>Eiza Gonz\u00e1lez <\/strong>se mostr\u00f3 segura y sofisticada, reafirmando su presencia dentro del circuito de celebridades que suelen brillar en este tipo de eventos.<\/p>\n<aside class=\"htmlinline\"\/>\n<figure class=\"image\"><img loading=\"lazy\" decoding=\"async\" alt=\"\" height=\"1152\" src=\"https:\/\/heraldodemexico.com.mx\/u\/fotografias\/m\/2026\/3\/15\/f768x1-1258977_1259104_5050.jpeg\" width=\"768\"\/>&#13;<figcaption>El look de Eiza Gonz\u00e1lez. Foto AFP\u00a0<\/figcaption>&#13;<br \/>\n<\/figure>\n<h2>El look de Eiza Gonz\u00e1lez para el after Party<\/h2>\n<p>Para la ocasi\u00f3n, la <strong>actriz<\/strong> eligi\u00f3 un <strong>vestido <\/strong>en tonos gris claro y plata, un dise\u00f1o llamativo y sofisticado que resalt\u00f3 su figura. El atuendo destac\u00f3 por sus delicados detalles de incrustaciones, as\u00ed como por un escote en forma de coraz\u00f3n que aport\u00f3 un toque cl\u00e1sico y elegante. Adem\u00e1s, el vestido inclu\u00eda un tirante adornado con pedrer\u00eda que complementaba el dise\u00f1o y a\u00f1ad\u00eda un brillo especial al conjunto, logrando un equilibrio entre modernidad y glamour.<\/p>\n<aside class=\"relacionadas con-foto linea-1078\"><strong class=\"relacionadas-titulo-gral\">Noticias Relacionadas<\/strong><\/aside>\n<p>En cuanto al peinado, <strong>Eiza Gonz\u00e1lez<\/strong> opt\u00f3 por llevar el cabello de lado con ondas suaves, una elecci\u00f3n que aport\u00f3 frescura y sofisticaci\u00f3n a su imagen. Su maquillaje, por otro lado, se mantuvo en tonos neutros, una tendencia que busc\u00f3 resaltar su belleza natural y cada uno de sus rasgos. Expertos en moda y belleza se\u00f1alaron que esta combinaci\u00f3n permiti\u00f3 que el vestido y el estilo general de la actriz destacaran sin perder elegancia.<\/p>\n<p>Cabe recordar que <strong>Eiza Gonz\u00e1lez<\/strong> se ha convertido en una de las mexicanas que con frecuencia forma parte de los eventos relacionados con los <strong>Oscar<\/strong>, donde suele compartir con sus seguidores su paso por la alfombra roja y los atuendos que utiliza en las celebraciones posteriores.<\/p>\n<p>La fiesta de los<strong> Premios Oscar <\/strong>es tambi\u00e9n uno de los eventos m\u00e1s exclusivos de la industria. Para ese momento de la noche, muchas estrellas dejan de lado las joyas millonarias y los looks m\u00e1s formales que lucen en la alfombra roja, para optar por estilos m\u00e1s relajados, aunque igualmente sofisticados.<\/p>\n<figure class=\"image\"><img loading=\"lazy\" decoding=\"async\" alt=\"\" height=\"511\" src=\"https:\/\/heraldodemexico.com.mx\/u\/fotografias\/m\/2026\/3\/16\/f768x1-1258980_1259107_5050.jpeg\" width=\"768\"\/>&#13;<figcaption>Eiza Gonz\u00e1lez deslumbra en la after party. Foto AFP<\/figcaption>&#13;<br \/>\n<\/figure>\n<\/p><\/div>\n<p><script>\n    !function(f,b,e,v,n,t,s)\n    {if(f.fbq)return;n=f.fbq=function(){n.callMethod?\n    n.callMethod.apply(n,arguments):n.queue.push(arguments)};\n    if(!f._fbq)f._fbq=n;n.push=n;n.loaded=!0;n.version='2.0';\n    n.queue=[];t=b.createElement(e);t.async=!0;\n    t.src=v;s=b.getElementsByTagName(e)[0];\n    s.parentNode.insertBefore(t,s)}(window, document,'script',\n    'https:\/\/connect.facebook.net\/en_US\/fbevents.js');\n    fbq('init', '237927003583820');\n    fbq('track', 'PageView');\n  <\/script><script>\n    !function(f,b,e,v,n,t,s)\n    {if(f.fbq)return;n=f.fbq=function(){n.callMethod?\n    n.callMethod.apply(n,arguments):n.queue.push(arguments)};\n    if(!f._fbq)f._fbq=n;n.push=n;n.loaded=!0;n.version='2.0';\n    n.queue=[];t=b.createElement(e);t.async=!0;\n    t.src=v;s=b.getElementsByTagName(e)[0];\n    s.parentNode.insertBefore(t,s)}(window, document,'script',\n    'https:\/\/connect.facebook.net\/en_US\/fbevents.js');\n    fbq('init', '775201487065840');\n    fbq('track', 'PageView');\n    <\/script><br \/>\n<br \/><\/p>\n","protected":false},"excerpt":{"rendered":"<p>La actriz mexicana Eiza Gonz\u00e1lez, de 36 a\u00f1os, volvi\u00f3 a acaparar miradas en uno de los eventos m\u00e1s exclusivos de Hollywood. Tras la ceremonia de los Premios \u00d3scar 2026, la estrella asisti\u00f3 a la tradicional fiesta organizada por Vanity Fair, un encuentro que cada a\u00f1o re\u00fane a algunas de las figuras m\u00e1s influyentes de la [&hellip;]<\/p>\n","protected":false},"author":3,"featured_media":3490,"comment_status":"","ping_status":"","sticky":false,"template":"","format":"standard","meta":{"footnotes":""},"categories":[35],"tags":[],"class_list":["post-3489","post","type-post","status-publish","format-standard","has-post-thumbnail","hentry","category-espectaculos"],"_links":{"self":[{"href":"https:\/\/conexion-mx.com\/index.php?rest_route=\/wp\/v2\/posts\/3489","targetHints":{"allow":["GET"]}}],"collection":[{"href":"https:\/\/conexion-mx.com\/index.php?rest_route=\/wp\/v2\/posts"}],"about":[{"href":"https:\/\/conexion-mx.com\/index.php?rest_route=\/wp\/v2\/types\/post"}],"author":[{"embeddable":true,"href":"https:\/\/conexion-mx.com\/index.php?rest_route=\/wp\/v2\/users\/3"}],"replies":[{"embeddable":true,"href":"https:\/\/conexion-mx.com\/index.php?rest_route=%2Fwp%2Fv2%2Fcomments&post=3489"}],"version-history":[{"count":0,"href":"https:\/\/conexion-mx.com\/index.php?rest_route=\/wp\/v2\/posts\/3489\/revisions"}],"wp:featuredmedia":[{"embeddable":true,"href":"https:\/\/conexion-mx.com\/index.php?rest_route=\/wp\/v2\/media\/3490"}],"wp:attachment":[{"href":"https:\/\/conexion-mx.com\/index.php?rest_route=%2Fwp%2Fv2%2Fmedia&parent=3489"}],"wp:term":[{"taxonomy":"category","embeddable":true,"href":"https:\/\/conexion-mx.com\/index.php?rest_route=%2Fwp%2Fv2%2Fcategories&post=3489"},{"taxonomy":"post_tag","embeddable":true,"href":"https:\/\/conexion-mx.com\/index.php?rest_route=%2Fwp%2Fv2%2Ftags&post=3489"}],"curies":[{"name":"wp","href":"https:\/\/api.w.org\/{rel}","templated":true}]}}