{"id":3497,"date":"2026-03-16T18:55:35","date_gmt":"2026-03-16T23:55:35","guid":{"rendered":"https:\/\/conexion-mx.com\/?p=3497"},"modified":"2026-03-16T18:55:35","modified_gmt":"2026-03-16T23:55:35","slug":"clima-en-coahuila-que-tan-alta-sera-la-temperatura-este-17-de-marzo","status":"publish","type":"post","link":"https:\/\/conexion-mx.com\/?p=3497","title":{"rendered":"Clima en Coahuila: \u00bfqu\u00e9 tan alta ser\u00e1 la temperatura este 17 de marzo?"},"content":{"rendered":"<p> <br \/>\n<\/p>\n<div>\n<p>El <strong>clima<\/strong> previsto para el <strong>martes 17 de marzo<\/strong> en el estado de\u00a0<strong>Coahuila<\/strong>\u00a0se caracterizar\u00e1 por <strong>temperaturas<\/strong> <strong>frescas<\/strong> durante las primeras horas del <strong>d\u00eda<\/strong> y condiciones m\u00e1s <strong>templadas<\/strong> hacia la <strong>tarde, <\/strong>en gran parte del estado se espera <strong>cielo<\/strong> <strong>parcialmente nublado<\/strong>, lo que podr\u00eda generar una<strong> sensaci\u00f3n t\u00e9rmica<\/strong> un poco m\u00e1s <strong>baja<\/strong> por la ma\u00f1ana, estas condiciones son comunes durante el mes de marzo, cuando todav\u00eda pueden presentarse efectos de algunos frentes fr\u00edos en el norte del pa\u00eds.<\/p>\n<p>En ciudades importantes como\u00a0<strong>Saltillo<\/strong>, las <strong>temperaturas m\u00ednimas<\/strong> podr\u00edan situarse alrededor de los <strong>10\u00b0C a 12\u00b0C<\/strong> durante la <strong>madrugada<\/strong> y las primeras horas de la <strong>ma\u00f1ana; <\/strong>debido a la <strong>nubosidad<\/strong> y al posible <strong>viento ligero<\/strong>, la sensaci\u00f3n t\u00e9rmica podr\u00eda ser incluso menor, conforme avance el d\u00eda, la <strong>temperatura<\/strong> comenzar\u00e1 a aumentar gradualmente, alcanzando valores <strong>templados<\/strong> durante la tarde que podr\u00edan ubicarse entre los <strong>21\u00b0C y 23\u00b0C<\/strong>.<\/p>\n<aside class=\"htmlinline\"\/>\n<figure class=\"image\"><img loading=\"lazy\" decoding=\"async\" alt=\"\" height=\"435\" src=\"https:\/\/heraldodemexico.com.mx\/u\/fotografias\/m\/2026\/2\/12\/f768x1-1245691_1245818_5050.jpg\" width=\"768\"\/>&#13;<figcaption>Las ma\u00f1anas ser\u00e1n frescas y las noches templadas. Foto: Archivo<\/figcaption>&#13;<br \/>\n<\/figure>\n<p>A lo largo del d\u00eda tambi\u00e9n se prev\u00e9 la presencia de nubosidad variable en distintas regiones del estado. Aunque <strong>no se esperan lluvias<\/strong> intensas, existe la <strong>posibilidad<\/strong> de <strong>lloviznas<\/strong> <strong>aisladas<\/strong> o <strong>precipitaciones ligeras<\/strong> en algunos municipios, estas condiciones podr\u00edan generar un <strong>ambiente<\/strong> ligeramente <strong>h\u00famedo<\/strong>, especialmente en zonas monta\u00f1osas o en regiones con mayor altitud.<\/p>\n<aside class=\"relacionadas con-foto linea-1078\"><strong class=\"relacionadas-titulo-gral\">Noticias Relacionadas<\/strong><\/aside>\n<h2>Habr\u00e1 varios cambios de temperatura<\/h2>\n<p>El clima de marzo en\u00a0Coahuila\u00a0suele presentar cambios de temperatura entre el d\u00eda y la noche, esto significa que mientras las ma\u00f1anas y noches pueden sentirse fr\u00edas, las tardes suelen ser m\u00e1s agradables o templadas, esta variaci\u00f3n t\u00e9rmica es t\u00edpica en zonas con clima semi\u00e1rido, donde el calor del d\u00eda se disipa r\u00e1pidamente durante la noche.<\/p>\n<figure class=\"image\"><img loading=\"lazy\" decoding=\"async\" alt=\"\" height=\"435\" src=\"https:\/\/heraldodemexico.com.mx\/u\/fotografias\/m\/2026\/2\/21\/f768x1-1249289_1249416_5050.jpg\" width=\"768\"\/>&#13;<figcaption>Autoridades piden extremar precauciones. Foto: Especial<\/figcaption>&#13;<br \/>\n<\/figure>\n<p>En t\u00e9rminos generales, el pron\u00f3stico para el martes indica un d\u00eda relativamente estable desde el punto de vista meteorol\u00f3gico, sin fen\u00f3menos extremos, aun as\u00ed, las condiciones frescas por la ma\u00f1ana y los cambios de temperatura a lo largo del d\u00eda hacen recomendable tomar algunas medidas preventivas para cuidar la salud y evitar molestias ocasionadas por el clima.<\/p>\n<h2>Recomendaciones para protegerse del clima<\/h2>\n<ul>&#13;<\/p>\n<li>Utilizar ropa abrigadora durante la ma\u00f1ana y la noche, ya que las temperaturas pueden ser bajas<\/li>\n<p>&#13;<\/p>\n<li>Vestirse con varias capas de ropa para poder adaptarse f\u00e1cilmente a los cambios de temperatura durante el d\u00eda<\/li>\n<p>&#13;<\/p>\n<li>Mantenerse bien hidratado, incluso si el clima se percibe fresco<\/li>\n<p>&#13;<\/p>\n<li>Llevar paraguas o impermeable en caso de presentarse lluvias ligeras o lloviznas<\/li>\n<p>&#13;<\/p>\n<li>Evitar cambios bruscos de temperatura para prevenir resfriados o enfermedades respiratorias<\/li>\n<p>&#13;<\/p>\n<li>Proteger especialmente a ni\u00f1os, adultos mayores y personas con problemas de salud<\/li>\n<p>&#13;<\/p>\n<li>Si se va a conducir, hacerlo con precauci\u00f3n en caso de humedad en el pavimento<\/li>\n<p>&#13;<\/p>\n<li>Consultar actualizaciones del pron\u00f3stico del tiempo durante el d\u00eda para estar informado sobre posibles cambios<\/li>\n<p>&#13;\n<\/ul>\n<p>En conclusi\u00f3n, el martes 17 de marzo se espera un clima fresco por la ma\u00f1ana y templado durante la tarde en el estado de\u00a0Coahuila, tomar precauciones simples permitir\u00e1 a la poblaci\u00f3n realizar sus actividades cotidianas con mayor comodidad y seguridad frente a las condiciones meteorol\u00f3gicas.<\/p>\n<\/p><\/div>\n<p><script>\n    !function(f,b,e,v,n,t,s)\n    {if(f.fbq)return;n=f.fbq=function(){n.callMethod?\n    n.callMethod.apply(n,arguments):n.queue.push(arguments)};\n    if(!f._fbq)f._fbq=n;n.push=n;n.loaded=!0;n.version='2.0';\n    n.queue=[];t=b.createElement(e);t.async=!0;\n    t.src=v;s=b.getElementsByTagName(e)[0];\n    s.parentNode.insertBefore(t,s)}(window, document,'script',\n    'https:\/\/connect.facebook.net\/en_US\/fbevents.js');\n    fbq('init', '237927003583820');\n    fbq('track', 'PageView');\n  <\/script><script>\n    !function(f,b,e,v,n,t,s)\n    {if(f.fbq)return;n=f.fbq=function(){n.callMethod?\n    n.callMethod.apply(n,arguments):n.queue.push(arguments)};\n    if(!f._fbq)f._fbq=n;n.push=n;n.loaded=!0;n.version='2.0';\n    n.queue=[];t=b.createElement(e);t.async=!0;\n    t.src=v;s=b.getElementsByTagName(e)[0];\n    s.parentNode.insertBefore(t,s)}(window, document,'script',\n    'https:\/\/connect.facebook.net\/en_US\/fbevents.js');\n    fbq('init', '802372280934901');\n    fbq('track', 'PageView');\n    <\/script><br \/>\n<br \/><\/p>\n","protected":false},"excerpt":{"rendered":"<p>El clima previsto para el martes 17 de marzo en el estado de\u00a0Coahuila\u00a0se caracterizar\u00e1 por temperaturas frescas durante las primeras horas del d\u00eda y condiciones m\u00e1s templadas hacia la tarde, en gran parte del estado se espera cielo parcialmente nublado, lo que podr\u00eda generar una sensaci\u00f3n t\u00e9rmica un poco m\u00e1s baja por la ma\u00f1ana, estas [&hellip;]<\/p>\n","protected":false},"author":2,"featured_media":3498,"comment_status":"","ping_status":"","sticky":false,"template":"","format":"standard","meta":{"footnotes":""},"categories":[2],"tags":[],"class_list":["post-3497","post","type-post","status-publish","format-standard","has-post-thumbnail","hentry","category-local"],"_links":{"self":[{"href":"https:\/\/conexion-mx.com\/index.php?rest_route=\/wp\/v2\/posts\/3497","targetHints":{"allow":["GET"]}}],"collection":[{"href":"https:\/\/conexion-mx.com\/index.php?rest_route=\/wp\/v2\/posts"}],"about":[{"href":"https:\/\/conexion-mx.com\/index.php?rest_route=\/wp\/v2\/types\/post"}],"author":[{"embeddable":true,"href":"https:\/\/conexion-mx.com\/index.php?rest_route=\/wp\/v2\/users\/2"}],"replies":[{"embeddable":true,"href":"https:\/\/conexion-mx.com\/index.php?rest_route=%2Fwp%2Fv2%2Fcomments&post=3497"}],"version-history":[{"count":0,"href":"https:\/\/conexion-mx.com\/index.php?rest_route=\/wp\/v2\/posts\/3497\/revisions"}],"wp:featuredmedia":[{"embeddable":true,"href":"https:\/\/conexion-mx.com\/index.php?rest_route=\/wp\/v2\/media\/3498"}],"wp:attachment":[{"href":"https:\/\/conexion-mx.com\/index.php?rest_route=%2Fwp%2Fv2%2Fmedia&parent=3497"}],"wp:term":[{"taxonomy":"category","embeddable":true,"href":"https:\/\/conexion-mx.com\/index.php?rest_route=%2Fwp%2Fv2%2Fcategories&post=3497"},{"taxonomy":"post_tag","embeddable":true,"href":"https:\/\/conexion-mx.com\/index.php?rest_route=%2Fwp%2Fv2%2Ftags&post=3497"}],"curies":[{"name":"wp","href":"https:\/\/api.w.org\/{rel}","templated":true}]}}