{"id":3499,"date":"2026-03-17T03:07:03","date_gmt":"2026-03-17T08:07:03","guid":{"rendered":"https:\/\/conexion-mx.com\/?p=3499"},"modified":"2026-03-17T03:07:03","modified_gmt":"2026-03-17T08:07:03","slug":"detienen-a-tres-presuntos-secuestradores-en-tecoman","status":"publish","type":"post","link":"https:\/\/conexion-mx.com\/?p=3499","title":{"rendered":"Detienen a tres presuntos secuestradores en Tecom\u00e1n"},"content":{"rendered":"<p> <br \/>\n<\/p>\n<div itemprop=\"articleBody\">\n<div class=\"txt_contenido\">\n<p>La Fiscal\u00eda General del Estado inform\u00f3 que logr\u00f3 la liberaci\u00f3n de una persona menor de edad y la captura de quienes la mantuvieron privada de la libertad, en <strong>Tecom\u00e1n<\/strong>, <strong>Colima<\/strong>.\u00a0<\/p>\n<p>En un comunicado indic\u00f3 que en acciones a cargo del personal especializado de la instituci\u00f3n, permitieron que la v\u00edctima regresara sana y salva junto a su familia. Tras la denuncia presentada ante el <strong>Ministerio P\u00fablico<\/strong>, la FGE inici\u00f3 las investigaciones y el despliegue operativo que deriv\u00f3 en la detenci\u00f3n de Jos\u00e9 Severiano \u201cN\u201d, H\u00e9ctor Daniel \u201cN\u201d y una persona menor de edad.<\/p>\n<aside class=\"htmlinline\"\/>\n<p>El 12 de marzo, el juez de control resolvi\u00f3 la <strong>vinculaci\u00f3n a proceso<\/strong> de estas personas, imponiendo la medida cautelar de prisi\u00f3n preventiva oficiosa y concediendo un plazo de cinco meses para la investigaci\u00f3n complementaria.<\/p>\n<p>En paralelo a las acciones operativas y de investigaci\u00f3n, la <strong>v\u00edctima<\/strong> y sus familiares reciben acompa\u00f1amiento y atenci\u00f3n psicol\u00f3gica de parte del personal especializado de la Fiscal\u00eda.<\/p>\n<\/p><\/div>\n<\/p><\/div>\n<p><script>\n    !function(f,b,e,v,n,t,s)\n    {if(f.fbq)return;n=f.fbq=function(){n.callMethod?\n    n.callMethod.apply(n,arguments):n.queue.push(arguments)};\n    if(!f._fbq)f._fbq=n;n.push=n;n.loaded=!0;n.version='2.0';\n    n.queue=[];t=b.createElement(e);t.async=!0;\n    t.src=v;s=b.getElementsByTagName(e)[0];\n    s.parentNode.insertBefore(t,s)}(window, document,'script',\n    'https:\/\/connect.facebook.net\/en_US\/fbevents.js');\n    fbq('init', '237927003583820');\n    fbq('track', 'PageView');\n  <\/script><script>\n    !function(f,b,e,v,n,t,s)\n    {if(f.fbq)return;n=f.fbq=function(){n.callMethod?\n    n.callMethod.apply(n,arguments):n.queue.push(arguments)};\n    if(!f._fbq)f._fbq=n;n.push=n;n.loaded=!0;n.version='2.0';\n    n.queue=[];t=b.createElement(e);t.async=!0;\n    t.src=v;s=b.getElementsByTagName(e)[0];\n    s.parentNode.insertBefore(t,s)}(window, document,'script',\n    'https:\/\/connect.facebook.net\/en_US\/fbevents.js');\n    fbq('init', '802372280934901');\n    fbq('track', 'PageView');\n    <\/script><br \/>\n<br \/><\/p>\n","protected":false},"excerpt":{"rendered":"<p>La Fiscal\u00eda General del Estado inform\u00f3 que logr\u00f3 la liberaci\u00f3n de una persona menor de edad y la captura de quienes la mantuvieron privada de la libertad, en Tecom\u00e1n, Colima.\u00a0 En un comunicado indic\u00f3 que en acciones a cargo del personal especializado de la instituci\u00f3n, permitieron que la v\u00edctima regresara sana y salva junto a [&hellip;]<\/p>\n","protected":false},"author":2,"featured_media":3500,"comment_status":"","ping_status":"","sticky":false,"template":"","format":"standard","meta":{"footnotes":""},"categories":[2],"tags":[],"class_list":["post-3499","post","type-post","status-publish","format-standard","has-post-thumbnail","hentry","category-local"],"_links":{"self":[{"href":"https:\/\/conexion-mx.com\/index.php?rest_route=\/wp\/v2\/posts\/3499","targetHints":{"allow":["GET"]}}],"collection":[{"href":"https:\/\/conexion-mx.com\/index.php?rest_route=\/wp\/v2\/posts"}],"about":[{"href":"https:\/\/conexion-mx.com\/index.php?rest_route=\/wp\/v2\/types\/post"}],"author":[{"embeddable":true,"href":"https:\/\/conexion-mx.com\/index.php?rest_route=\/wp\/v2\/users\/2"}],"replies":[{"embeddable":true,"href":"https:\/\/conexion-mx.com\/index.php?rest_route=%2Fwp%2Fv2%2Fcomments&post=3499"}],"version-history":[{"count":0,"href":"https:\/\/conexion-mx.com\/index.php?rest_route=\/wp\/v2\/posts\/3499\/revisions"}],"wp:featuredmedia":[{"embeddable":true,"href":"https:\/\/conexion-mx.com\/index.php?rest_route=\/wp\/v2\/media\/3500"}],"wp:attachment":[{"href":"https:\/\/conexion-mx.com\/index.php?rest_route=%2Fwp%2Fv2%2Fmedia&parent=3499"}],"wp:term":[{"taxonomy":"category","embeddable":true,"href":"https:\/\/conexion-mx.com\/index.php?rest_route=%2Fwp%2Fv2%2Fcategories&post=3499"},{"taxonomy":"post_tag","embeddable":true,"href":"https:\/\/conexion-mx.com\/index.php?rest_route=%2Fwp%2Fv2%2Ftags&post=3499"}],"curies":[{"name":"wp","href":"https:\/\/api.w.org\/{rel}","templated":true}]}}