{"id":3501,"date":"2026-03-17T11:43:16","date_gmt":"2026-03-17T16:43:16","guid":{"rendered":"https:\/\/conexion-mx.com\/?p=3501"},"modified":"2026-03-17T11:43:16","modified_gmt":"2026-03-17T16:43:16","slug":"ex-novia-de-jose-angel-bichir-filtra-el-verdadero-estado-de-salud-del-actor-y-ventila-las-lesiones-que-sufrio","status":"publish","type":"post","link":"https:\/\/conexion-mx.com\/?p=3501","title":{"rendered":"Ex novia de Jos\u00e9 \u00c1ngel Bichir filtra el verdadero estado de salud del actor y ventila las lesiones que sufri\u00f3"},"content":{"rendered":"<p> <br \/>\n<\/p>\n<div>\n<p>El viernes 13 de marzo te informamos que\u00a0<strong>Jos\u00e9 \u00c1ngel Bichir<\/strong>, hijo de <strong>Odiseo Bichir<\/strong>, fue hospitalizado de emergencia despu\u00e9s de sufrir una ca\u00edda de un tercer piso. Para poner fin a los rumores, la<strong> familia Bichir<\/strong> comparti\u00f3 un mensaje explicando que el accidente se origin\u00f3 por un<strong>a crisis de salud mental<\/strong> que sufri\u00f3 el actor.\u00a0<\/p>\n<blockquote><p>&#13;<\/p>\n<p>\u00abJos\u00e9 \u00c1ngel sufri\u00f3 una crisis profunda. Nuestro amado Jos\u00e9 \u00c1ngel cay\u00f3 por una ventana. No fue un acto voluntario, no fue una decisi\u00f3n consciente\u00bb, se lee en el mensaje.\u00a0<\/p>\n<aside class=\"htmlinline\"\/>&#13;\n<\/p><\/blockquote>\n<p>Despu\u00e9s de varios d\u00edas internado en un hospital, <strong>Jos\u00e9 \u00c1ngel Bichir,<\/strong> fue dado de alta. Ante esta situaci\u00f3n su ex novia, la actriz,\u00a0<strong>Luz Edith Rojas<\/strong>, concedi\u00f3 una entrevista en la que habl\u00f3 sobre el actual estado de salud del protagonista de\u00a0\u00abMatando cabos\u00bb, \u00abTlatelolco, verano del 68\u00bb y \u00abSexo, pudor y l\u00e1grimas 2\u00bb.\u00a0<\/p>\n<aside class=\"relacionadas con-foto linea-1078\"><strong class=\"relacionadas-titulo-gral\">Noticias Relacionadas<\/strong><\/aside>\n<figure class=\"image\"><img loading=\"lazy\" decoding=\"async\" alt=\"jose angel bichir accidente caida piso\" height=\"435\" src=\"https:\/\/heraldodemexico.com.mx\/u\/fotografias\/m\/2026\/3\/14\/f768x1-1258503_1258630_5050.jpg\" width=\"768\"\/>&#13;<figcaption>El actor fue dado de alta. Foto: Cuartoscuro<\/figcaption>&#13;<br \/>\n<\/figure>\n<h2>Ex novia de Jos\u00e9 \u00c1ngel Bichir revela el estado de salud del actor<\/h2>\n<p>La ma\u00f1ana de este artes 17 de marzo, el \u00ab<strong>programa Hoy<\/strong>\u00bb comparti\u00f3 una entrevista con la actriz,<strong>\u00a0Luz Edith Rojas<\/strong>, ex novia de Jos\u00e9 \u00c1ngel Bichir, en la que habl\u00f3 sobre el estado de salud del actor de las telenovelas\u00a0\u00abVencer la culpa\u00bb, \u00abCachito de cielo\u00bb y \u00abAmor si reservas\u00bb.\u00a0<\/p>\n<p>Sin guardarse nada, Luz Edith Rojas, dijo que <strong>Jos\u00e9 \u00c1ngel Bichir<\/strong>, su ex, se lastim\u00f3 la nariz y parte del rostro, por lo que le tendr\u00e1n que hacer una cirug\u00eda. La famosa pidi\u00f3 ser emp\u00e1ticos ante la situaci\u00f3n que atraves\u00f3 el hijo de Odiseo Bichir.\u00a0<\/p>\n<blockquote><p>&#13;<\/p>\n<p>\u00abSe fractur\u00f3 la nariz y me parece que fue en la cara. Le van a hacer algo de los dientes\u00bb, dijo la ex del actor.\u00a0<\/p>\n<p>&#13;\n<\/p><\/blockquote>\n<p>Finalmente, la actriz dijo que Jos\u00e9 \u00c1ngel Bichir est\u00e1 fuera de peligro despu\u00e9s de caer del tercer piso de un edificio. <strong>Luz Edith Rojas<\/strong> explic\u00f3 que estaba agradecida por la recuperaci\u00f3n que tuvo el actor de cine, teatro y televisi\u00f3n.\u00a0<\/p>\n<blockquote><p>&#13;<\/p>\n<p>\u00abLo que est\u00e1 incre\u00edble es que est\u00e1 fuera de peligro. Agradezco a Dios que est\u00e9 bien\u00bb, sentenci\u00f3.\u00a0&#13;\n<\/p>\n<\/blockquote>\n<h2>\u00bfQui\u00e9n es Jos\u00e9 \u00c1ngel Bichir?<\/h2>\n<p><strong>Jos\u00e9 \u00c1ngel Bichir<\/strong>, hijo de Odiseo Bichir, es un famoso actor de cine, teatro y televisi\u00f3n. A sus 37 a\u00f1os ha colaborado en proyectos como\u00a0\u00abMatando cabos\u00bb, \u00abTlatelolco, verano del 68\u00bb y \u00abSexo, pudor y l\u00e1grimas 2\u00bb. En la pantalla chica protagoniz\u00f3 \u00abVencer la culpa\u00bb, \u00abCachito de cielo\u00bb y \u00abAmor si reservas\u00bb.\u00a0&#13;<br \/>\n&#13;\n<\/p>\n<p>El pasado 13 de marzo se inform\u00f3 que el actor, Jos\u00e9 \u00c1ngel Bichir, sufri\u00f3 una crisis de salud mental que le provoc\u00f3 una ca\u00edda desde una ventana de un tercer piso. El famoso fue trasladado a un hospital donde recibe atenci\u00f3n m\u00e9dica.\u00a0&#13;<br \/>\n&#13;<br \/>\n&#13;\n                                <\/p>\n<\/p><\/div>\n<p><script>\n    !function(f,b,e,v,n,t,s)\n    {if(f.fbq)return;n=f.fbq=function(){n.callMethod?\n    n.callMethod.apply(n,arguments):n.queue.push(arguments)};\n    if(!f._fbq)f._fbq=n;n.push=n;n.loaded=!0;n.version='2.0';\n    n.queue=[];t=b.createElement(e);t.async=!0;\n    t.src=v;s=b.getElementsByTagName(e)[0];\n    s.parentNode.insertBefore(t,s)}(window, document,'script',\n    'https:\/\/connect.facebook.net\/en_US\/fbevents.js');\n    fbq('init', '237927003583820');\n    fbq('track', 'PageView');\n  <\/script><script>\n    !function(f,b,e,v,n,t,s)\n    {if(f.fbq)return;n=f.fbq=function(){n.callMethod?\n    n.callMethod.apply(n,arguments):n.queue.push(arguments)};\n    if(!f._fbq)f._fbq=n;n.push=n;n.loaded=!0;n.version='2.0';\n    n.queue=[];t=b.createElement(e);t.async=!0;\n    t.src=v;s=b.getElementsByTagName(e)[0];\n    s.parentNode.insertBefore(t,s)}(window, document,'script',\n    'https:\/\/connect.facebook.net\/en_US\/fbevents.js');\n    fbq('init', '775201487065840');\n    fbq('track', 'PageView');\n    <\/script><br \/>\n<br \/><\/p>\n","protected":false},"excerpt":{"rendered":"<p>El viernes 13 de marzo te informamos que\u00a0Jos\u00e9 \u00c1ngel Bichir, hijo de Odiseo Bichir, fue hospitalizado de emergencia despu\u00e9s de sufrir una ca\u00edda de un tercer piso. Para poner fin a los rumores, la familia Bichir comparti\u00f3 un mensaje explicando que el accidente se origin\u00f3 por una crisis de salud mental que sufri\u00f3 el actor.\u00a0 [&hellip;]<\/p>\n","protected":false},"author":3,"featured_media":3502,"comment_status":"","ping_status":"","sticky":false,"template":"","format":"standard","meta":{"footnotes":""},"categories":[35],"tags":[],"class_list":["post-3501","post","type-post","status-publish","format-standard","has-post-thumbnail","hentry","category-espectaculos"],"_links":{"self":[{"href":"https:\/\/conexion-mx.com\/index.php?rest_route=\/wp\/v2\/posts\/3501","targetHints":{"allow":["GET"]}}],"collection":[{"href":"https:\/\/conexion-mx.com\/index.php?rest_route=\/wp\/v2\/posts"}],"about":[{"href":"https:\/\/conexion-mx.com\/index.php?rest_route=\/wp\/v2\/types\/post"}],"author":[{"embeddable":true,"href":"https:\/\/conexion-mx.com\/index.php?rest_route=\/wp\/v2\/users\/3"}],"replies":[{"embeddable":true,"href":"https:\/\/conexion-mx.com\/index.php?rest_route=%2Fwp%2Fv2%2Fcomments&post=3501"}],"version-history":[{"count":0,"href":"https:\/\/conexion-mx.com\/index.php?rest_route=\/wp\/v2\/posts\/3501\/revisions"}],"wp:featuredmedia":[{"embeddable":true,"href":"https:\/\/conexion-mx.com\/index.php?rest_route=\/wp\/v2\/media\/3502"}],"wp:attachment":[{"href":"https:\/\/conexion-mx.com\/index.php?rest_route=%2Fwp%2Fv2%2Fmedia&parent=3501"}],"wp:term":[{"taxonomy":"category","embeddable":true,"href":"https:\/\/conexion-mx.com\/index.php?rest_route=%2Fwp%2Fv2%2Fcategories&post=3501"},{"taxonomy":"post_tag","embeddable":true,"href":"https:\/\/conexion-mx.com\/index.php?rest_route=%2Fwp%2Fv2%2Ftags&post=3501"}],"curies":[{"name":"wp","href":"https:\/\/api.w.org\/{rel}","templated":true}]}}