{"id":3503,"date":"2026-03-17T13:50:34","date_gmt":"2026-03-17T18:50:34","guid":{"rendered":"https:\/\/conexion-mx.com\/?p=3503"},"modified":"2026-03-17T13:50:34","modified_gmt":"2026-03-17T18:50:34","slug":"hombres-armados-asesinan-a-padre-de-familia-dentro-de-un-kinder-en-juchitan-oaxaca","status":"publish","type":"post","link":"https:\/\/conexion-mx.com\/?p=3503","title":{"rendered":"Hombres armados asesinan a padre de familia dentro de un k\u00ednder en Juchit\u00e1n, Oaxaca"},"content":{"rendered":"<p> <br \/>\n<\/p>\n<div itemprop=\"articleBody\">\n<div class=\"txt_contenido\">\n<p>Un <strong>padre de familia<\/strong> fue ejecutado a balazos la ma\u00f1ana de este martes al interior de un preescolar ubicado en la Segunda Secci\u00f3n de esta ciudad, hecho que gener\u00f3 p\u00e1nico y alarma entre padres, <strong>alumnos y vecinos<\/strong> de la zona.\u00a0De acuerdo con los primeros reportes, sujetos armados irrumpieron en el preescolar \u201cLuz Mar\u00eda Serradel\u201d, situado sobre las <strong>calles Mariano Abasolo y Guie\u2019chachi<\/strong>, donde atacaron de manera directa a la v\u00edctima mientras se encontraba en el p\u00f3rtico del <strong>plantel educativo<\/strong>.<\/p>\n<p>El hombre, cuya identidad no ha sido revelada oficialmente, perdi\u00f3 la vida en el lugar debido a la gravedad de las heridas provocadas por <strong>impactos de arma de fuego<\/strong>. Hasta el momento, no se reportan personas <strong>detenidas por este hecho violento<\/strong>. Trascendi\u00f3 que la agresi\u00f3n ocurri\u00f3 durante un evento escolar que se llevaba a cabo en ese momento, en el que se encontraban presentes alumnos, docentes y padres de familia. Las <strong>detonaciones de<\/strong> <strong>arma de fuego<\/strong> provocaron momentos de caos, obligando a los asistentes a resguardarse ante el temor de resultar <strong>heridos<\/strong>.<\/p>\n<aside class=\"htmlinline\"\/>\n<h2>Investigan asesinato del padre de familia en preescolar\u00a0<\/h2>\n<figure class=\"image\"><img loading=\"lazy\" decoding=\"async\" alt=\"\" height=\"450\" src=\"https:\/\/heraldodemexico.com.mx\/u\/fotografias\/m\/2026\/3\/17\/f768x1-1259591_1259718_5050.jpeg\" width=\"768\"\/>&#13;<figcaption>El padre de familia se encontraa en el port\u00f3n en el momento del ataque<br \/>&#13;<br \/>\nFOTO: Jos\u00e9 Luis L\u00f3pez<\/figcaption>&#13;<br \/>\n<\/figure>\n<p>Elementos de distintas <strong>corporaciones de seguridad<\/strong> arribaron al sitio para acordonar el \u00e1rea y garantizar la <strong>seguridad<\/strong>, mientras se iniciaban las diligencias correspondientes. Se espera la intervenci\u00f3n de <strong>autoridades ministeriales<\/strong> para llevar a cabo el levantamiento del cuerpo e iniciar las investigaciones que permitan esclarecer el crimen.<\/p>\n<aside class=\"relacionadas con-foto linea-1078\"><strong class=\"relacionadas-titulo-gral\">Noticias Relacionadas<\/strong><\/aside>\n<h2>Ola de violencia en Juchit\u00e1n<\/h2>\n<p>Este ataque se suma a la ola de violencia que enfrenta <strong>Juchit\u00e1n<\/strong>, donde, en lo que va del mes de marzo, se contabilizan al menos ocho personas ejecutadas, sin que hasta ahora se tenga reporte de <strong>detenciones <\/strong>relacionadas con estos <strong>homicidios<\/strong>, lo que ha <strong>incrementado la preocupaci\u00f3n entre la poblaci\u00f3n<\/strong>.<\/p>\n<p>Estas ejecuciones ocurren a pesar de los operativos de seguridad que se llevan a cabo en la regi\u00f3n del Istmo de Tehuantepec, donde participan elementos de la Guardia Nacional, la Secretar\u00eda de Marina, la Polic\u00eda del Estado y la polic\u00eda municipal.<\/p>\n<\/p><\/div>\n<\/p><\/div>\n<p><script>\n    !function(f,b,e,v,n,t,s)\n    {if(f.fbq)return;n=f.fbq=function(){n.callMethod?\n    n.callMethod.apply(n,arguments):n.queue.push(arguments)};\n    if(!f._fbq)f._fbq=n;n.push=n;n.loaded=!0;n.version='2.0';\n    n.queue=[];t=b.createElement(e);t.async=!0;\n    t.src=v;s=b.getElementsByTagName(e)[0];\n    s.parentNode.insertBefore(t,s)}(window, document,'script',\n    'https:\/\/connect.facebook.net\/en_US\/fbevents.js');\n    fbq('init', '237927003583820');\n    fbq('track', 'PageView');\n  <\/script><script>\n    !function(f,b,e,v,n,t,s)\n    {if(f.fbq)return;n=f.fbq=function(){n.callMethod?\n    n.callMethod.apply(n,arguments):n.queue.push(arguments)};\n    if(!f._fbq)f._fbq=n;n.push=n;n.loaded=!0;n.version='2.0';\n    n.queue=[];t=b.createElement(e);t.async=!0;\n    t.src=v;s=b.getElementsByTagName(e)[0];\n    s.parentNode.insertBefore(t,s)}(window, document,'script',\n    'https:\/\/connect.facebook.net\/en_US\/fbevents.js');\n    fbq('init', '802372280934901');\n    fbq('track', 'PageView');\n    <\/script><br \/>\n<br \/><\/p>\n","protected":false},"excerpt":{"rendered":"<p>Un padre de familia fue ejecutado a balazos la ma\u00f1ana de este martes al interior de un preescolar ubicado en la Segunda Secci\u00f3n de esta ciudad, hecho que gener\u00f3 p\u00e1nico y alarma entre padres, alumnos y vecinos de la zona.\u00a0De acuerdo con los primeros reportes, sujetos armados irrumpieron en el preescolar \u201cLuz Mar\u00eda Serradel\u201d, situado [&hellip;]<\/p>\n","protected":false},"author":2,"featured_media":3504,"comment_status":"","ping_status":"","sticky":false,"template":"","format":"standard","meta":{"footnotes":""},"categories":[2],"tags":[],"class_list":["post-3503","post","type-post","status-publish","format-standard","has-post-thumbnail","hentry","category-local"],"_links":{"self":[{"href":"https:\/\/conexion-mx.com\/index.php?rest_route=\/wp\/v2\/posts\/3503","targetHints":{"allow":["GET"]}}],"collection":[{"href":"https:\/\/conexion-mx.com\/index.php?rest_route=\/wp\/v2\/posts"}],"about":[{"href":"https:\/\/conexion-mx.com\/index.php?rest_route=\/wp\/v2\/types\/post"}],"author":[{"embeddable":true,"href":"https:\/\/conexion-mx.com\/index.php?rest_route=\/wp\/v2\/users\/2"}],"replies":[{"embeddable":true,"href":"https:\/\/conexion-mx.com\/index.php?rest_route=%2Fwp%2Fv2%2Fcomments&post=3503"}],"version-history":[{"count":0,"href":"https:\/\/conexion-mx.com\/index.php?rest_route=\/wp\/v2\/posts\/3503\/revisions"}],"wp:featuredmedia":[{"embeddable":true,"href":"https:\/\/conexion-mx.com\/index.php?rest_route=\/wp\/v2\/media\/3504"}],"wp:attachment":[{"href":"https:\/\/conexion-mx.com\/index.php?rest_route=%2Fwp%2Fv2%2Fmedia&parent=3503"}],"wp:term":[{"taxonomy":"category","embeddable":true,"href":"https:\/\/conexion-mx.com\/index.php?rest_route=%2Fwp%2Fv2%2Fcategories&post=3503"},{"taxonomy":"post_tag","embeddable":true,"href":"https:\/\/conexion-mx.com\/index.php?rest_route=%2Fwp%2Fv2%2Ftags&post=3503"}],"curies":[{"name":"wp","href":"https:\/\/api.w.org\/{rel}","templated":true}]}}