{"id":3507,"date":"2026-03-18T01:12:18","date_gmt":"2026-03-18T06:12:18","guid":{"rendered":"https:\/\/conexion-mx.com\/?p=3507"},"modified":"2026-03-18T01:12:18","modified_gmt":"2026-03-18T06:12:18","slug":"fonca-que-es-el-fondo-nacional-para-la-cultura-y-las-artes-convocatorias-y-apoyos-en-mexico","status":"publish","type":"post","link":"https:\/\/conexion-mx.com\/?p=3507","title":{"rendered":"FONCA: \u00bfqu\u00e9 es el Fondo Nacional para la Cultura y las Artes, convocatorias y apoyos en M\u00e9xico?"},"content":{"rendered":"<p> <br \/>\n<\/p>\n<div>\n<p><strong>El Fondo Nacional para la Cultura y las Artes &#8211;<\/strong> <strong>FONCA<\/strong> es una iniciativa que re\u00fane esfuerzos del <strong>Gobierno de M\u00e9xico<\/strong>, la sociedad y la comunidad art\u00edstica para <strong>apoyar y fortalecer la creaci\u00f3n cultural del pa\u00eds.<\/strong><\/p>\n<p>Su prop\u00f3sito principal es <strong>impulsar proyectos art\u00edsticos de calidad, brindando est\u00edmulos y recursos<\/strong> que permitan a las y los creadores desarrollar su trabajo con libertad.\u00a0<\/p>\n<aside class=\"htmlinline\"\/>\n<h2>Origen y prop\u00f3sito del FONCA<\/h2>\n<p>Surgi\u00f3 el <strong>2 de marzo de 1989\u00a0como una respuesta del Gobierno Federal <\/strong>a la necesidad de crear mecanismos de apoyo para artistas, basados en la colaboraci\u00f3n, la transparencia y el reconocimiento del valor de la cultura.<\/p>\n<p><strong>Desde entonces, sus principales tareas han sido:<\/strong><\/p>\n<ul>&#13;<\/p>\n<li><strong>apoyar la creaci\u00f3n y producci\u00f3n art\u00edstica<\/strong><\/li>\n<p>&#13;<\/p>\n<li><strong>promover y difundir la cultura<\/strong><\/li>\n<p>&#13;<\/p>\n<li><strong>enriquecer el patrimonio cultural<\/strong><\/li>\n<p>&#13;<\/p>\n<li><strong>contribuir a su preservaci\u00f3n<\/strong><\/li>\n<p>&#13;\n<\/ul>\n<p class=\"image-align-center\"><img loading=\"lazy\" decoding=\"async\" alt=\"\" height=\"400\" src=\"https:\/\/heraldodemexico.com.mx\/u\/fotografias\/m\/2026\/3\/17\/f768x400-1259729_1303632_5050.jpg\" width=\"768\"\/><\/p>\n<h2>Apoyo directo a la comunidad art\u00edstica<\/h2>\n<p>El Fondo invierte en proyectos culturales que surgen en la comunidad art\u00edstica<strong>; ofrece recursos para que las y los art\u00edsticas puedan trabajar sin limitaciones, fortaleciendo la libertad de expresi\u00f3n y de creaci\u00f3n.\u00a0<\/strong><\/p>\n<p>Para ello se convoca\u00a0\u00a0a los artistas y creadores para que participen en sus\u00a0 programas, mediante la <strong>presentaci\u00f3n<\/strong> de <strong>propuestas<\/strong> que son evaluadas por <strong>Comisiones de Dictaminaci\u00f3n\u00a0 y Selecci\u00f3n.\u00a0<\/strong><\/p>\n<p>Se han adaptado programas y procesos para responder a nuevos retos, ampliando sus criterios de apoyo y reconociendo la <strong>diversidad cultural que tiene M\u00e9xico.\u00a0<\/strong>&#13;<br \/>\n&#13;\n<\/p>\n<p>Esto ha permitido incluir <strong>diversas disciplinas, enfoques y expresiones art\u00edsticas, <\/strong>atendiendo a las necesidades de una comunidad cada vez m\u00e1s amplia y diversa.\u00a0&#13;<br \/>\n&#13;\n<\/p>\n<h2>Misi\u00f3n, Visi\u00f3n y objetivos\u00a0<\/h2>\n<p><strong>Misi\u00f3n:\u00a0<\/strong>&#13;<br \/>\n&#13;\n<\/p>\n<p><strong>Apoyar la creaci\u00f3n y la producci\u00f3n art\u00edstica y cultural de calidad<\/strong>, que operen bajo las premisas de participaci\u00f3n democr\u00e1tica, <strong>equidad de oportunidades y juicios de paridad en la selecci\u00f3n de proyectos.\u00a0<\/strong>&#13;<br \/>\n&#13;\n<\/p>\n<p><strong>Visi\u00f3n<\/strong>:&#13;<br \/>\n&#13;\n<\/p>\n<p>Propiciar una <strong>pol\u00edtica incluyente, que respete y aliente la multiplicidad de las culturas,<\/strong> y la libertad de las personas para <strong>crear y expresarse.<\/strong>&#13;<br \/>\n&#13;\n<\/p>\n<p><strong>Objetivos<\/strong>:\u00a0&#13;<br \/>\n&#13;\n<\/p>\n<p>Conjuntar los<strong> esfuerzos y recursos<\/strong> del <strong>Estado, la sociedad civil y la comunidad art\u00edstica <\/strong>en torno a la generaci\u00f3n de est\u00edmulos, para la creaci\u00f3n art\u00edstica y cultural de calidad.&#13;<br \/>\n&#13;\n<\/p>\n<p>En pocas palabras <strong>El Fondo Nacional para la Cultura <\/strong>funciona como un puente entre el talento art\u00edstico y las oportunidades para\u00a0desarrollarlo, <strong>apostando por una cultura viva, diversa y en constante evoluci\u00f3n.<\/strong>&#13;<br \/>\n&#13;<br \/>\n&#13;\n                                <\/p>\n<\/p><\/div>\n<p><script>\n    !function(f,b,e,v,n,t,s)\n    {if(f.fbq)return;n=f.fbq=function(){n.callMethod?\n    n.callMethod.apply(n,arguments):n.queue.push(arguments)};\n    if(!f._fbq)f._fbq=n;n.push=n;n.loaded=!0;n.version='2.0';\n    n.queue=[];t=b.createElement(e);t.async=!0;\n    t.src=v;s=b.getElementsByTagName(e)[0];\n    s.parentNode.insertBefore(t,s)}(window, document,'script',\n    'https:\/\/connect.facebook.net\/en_US\/fbevents.js');\n    fbq('init', '237927003583820');\n    fbq('track', 'PageView');\n  <\/script><br \/>\n<br \/><\/p>\n","protected":false},"excerpt":{"rendered":"<p>El Fondo Nacional para la Cultura y las Artes &#8211; FONCA es una iniciativa que re\u00fane esfuerzos del Gobierno de M\u00e9xico, la sociedad y la comunidad art\u00edstica para apoyar y fortalecer la creaci\u00f3n cultural del pa\u00eds. Su prop\u00f3sito principal es impulsar proyectos art\u00edsticos de calidad, brindando est\u00edmulos y recursos que permitan a las y los [&hellip;]<\/p>\n","protected":false},"author":4,"featured_media":3508,"comment_status":"","ping_status":"","sticky":false,"template":"","format":"standard","meta":{"footnotes":""},"categories":[33],"tags":[],"class_list":["post-3507","post","type-post","status-publish","format-standard","has-post-thumbnail","hentry","category-cultura"],"_links":{"self":[{"href":"https:\/\/conexion-mx.com\/index.php?rest_route=\/wp\/v2\/posts\/3507","targetHints":{"allow":["GET"]}}],"collection":[{"href":"https:\/\/conexion-mx.com\/index.php?rest_route=\/wp\/v2\/posts"}],"about":[{"href":"https:\/\/conexion-mx.com\/index.php?rest_route=\/wp\/v2\/types\/post"}],"author":[{"embeddable":true,"href":"https:\/\/conexion-mx.com\/index.php?rest_route=\/wp\/v2\/users\/4"}],"replies":[{"embeddable":true,"href":"https:\/\/conexion-mx.com\/index.php?rest_route=%2Fwp%2Fv2%2Fcomments&post=3507"}],"version-history":[{"count":0,"href":"https:\/\/conexion-mx.com\/index.php?rest_route=\/wp\/v2\/posts\/3507\/revisions"}],"wp:featuredmedia":[{"embeddable":true,"href":"https:\/\/conexion-mx.com\/index.php?rest_route=\/wp\/v2\/media\/3508"}],"wp:attachment":[{"href":"https:\/\/conexion-mx.com\/index.php?rest_route=%2Fwp%2Fv2%2Fmedia&parent=3507"}],"wp:term":[{"taxonomy":"category","embeddable":true,"href":"https:\/\/conexion-mx.com\/index.php?rest_route=%2Fwp%2Fv2%2Fcategories&post=3507"},{"taxonomy":"post_tag","embeddable":true,"href":"https:\/\/conexion-mx.com\/index.php?rest_route=%2Fwp%2Fv2%2Ftags&post=3507"}],"curies":[{"name":"wp","href":"https:\/\/api.w.org\/{rel}","templated":true}]}}