{"id":3519,"date":"2026-03-19T07:05:49","date_gmt":"2026-03-19T12:05:49","guid":{"rendered":"https:\/\/conexion-mx.com\/?p=3519"},"modified":"2026-03-19T07:05:49","modified_gmt":"2026-03-19T12:05:49","slug":"ley-casco-gobierno-de-puebla-entregara-gratis-estos-distintivos-seran-obligatorios-para-circular","status":"publish","type":"post","link":"https:\/\/conexion-mx.com\/?p=3519","title":{"rendered":"\u00abLey Casco\u00bb: Gobierno de Puebla entregar\u00e1 gratis estos distintivos, ser\u00e1n obligatorios para circular"},"content":{"rendered":"<p> <br \/>\n<\/p>\n<div>\n<p>El <strong>Congreso de Puebla<\/strong> aprob\u00f3 el a\u00f1o pasado la llamada<strong> \u00abLey Casco\u00bb,<\/strong> que buscaba obligar a los <strong>motociclistas <\/strong>que transitan por las vialidades del estado a que utilicen un <strong>n\u00famero de identificaci\u00f3n<\/strong> en el <strong>casco <\/strong>y que deber\u00e1 ser legible en los arcos de seguridad que se encuentran conectados al <strong>C5 <\/strong>de la <strong>Secretar\u00eda de Seguridad P\u00fablica (SSP).<\/strong><\/p>\n<p>Desde el pasado 17 de marzo se cumpli\u00f3 la fecha l\u00edmite de implementaci\u00f3n, por lo que todos los motociclistas deber\u00edan cumplir con lo estipulado por las autoridades a partir de entonces. <strong>Silvia Tan\u00fas<\/strong>, secretaria de <strong>Movilidad y Transporte (SMT)<\/strong>, revel\u00f3 durante una conferencia de prensa reciente que se deb\u00eda hacer un padr\u00f3n con los datos de estos <strong>conductores <\/strong>y ponerlo a disposici\u00f3n de la SSP.<\/p>\n<aside class=\"htmlinline\"\/>\n<p>Mientras que lo anterior no se cumpla, la funcionaria enfatiz\u00f3 que no se realizar\u00edan operativos para vigilar la <strong>portaci\u00f3n <\/strong>de los distintivos. Adem\u00e1s, reiter\u00f3 que esta estampa no es lo \u00fanico que se necesita para el funcionamiento de la ley, pues tambi\u00e9n se debi\u00f3 buscar el dispositivo que sirviera para que los arcos de seguirdad p\u00fablica pudiera identificarlas. \u00abNo es una <strong>cuesti\u00f3n sencilla<\/strong>\u00ab, a\u00f1adi\u00f3.<\/p>\n<aside class=\"relacionadas con-foto linea-1078\"><strong class=\"relacionadas-titulo-gral\">Noticias Relacionadas<\/strong><\/aside>\n<h2>Distintivos ser\u00e1n gratuitos<\/h2>\n<div class=\"image-align-center\">\n<figure class=\"image\"><img loading=\"lazy\" decoding=\"async\" alt=\"\" height=\"400\" src=\"https:\/\/heraldodemexico.com.mx\/u\/fotografias\/m\/2026\/3\/18\/f768x400-1260599_1304502_5050.jpg\" width=\"768\"\/>&#13;<figcaption>Los operativos no iniciar\u00e1n de manera inmediata | Freepik<\/figcaption>&#13;<br \/>\n<\/figure>\n<\/div>\n<p>Detall\u00f3 que los distintivos obligatorios no ser\u00edan pagados por los motociclistas de Puebla, por ende, ser\u00edan <strong>completamente gratuitos<\/strong>. Durante esta misma conferencia de prensa, Tan\u00fas resalt\u00f3 que su identificaci\u00f3n no es algo sencillo, ya que debe leerse a trav\u00e9s de un <strong>video <\/strong>y una <strong>fotograf\u00eda<\/strong>.<\/p>\n<p>La funcionaria hizo hincapi\u00e9 en que estos correr\u00edan a cargo del gobierno, ya que no es una cuesti\u00f3n recaudatoria. \u00abNo los van a pagar las gentes de las motocicletas\u00bb, dijo.<\/p>\n<p>\u00abNo es poner un <strong>c\u00f3digo QR<\/strong> y a ver qu\u00e9 cosa hacemos. Es un dispositivo de alta tecnolog\u00eda. Nosotros ya hicimos todo eso en coordinaci\u00f3n con <strong>C5 <\/strong>para que pudieramos tener lo que a ellos <strong>les sirve<\/strong> [&#8230;] El esp\u00edritu de esta modificaci\u00f3n constitucional fue el dar herramientas a <strong>Seguridad P\u00fablica<\/strong> para que pudieran detectar, en caso de un delito, quienes portan el casco\u00bb, declar\u00f3 la secretaria de la SMT.<\/p>\n<p>Adem\u00e1s de la obligatoreidad de llevar en el casco un distintivo, esta ley se\u00f1ala que el n\u00famero de personas que pueden ir a bordo de una motocicleta se debe especificar en la tarjeta de circulaci\u00f3n y prohibe modificar las unidades para transportar a m\u00e1s pasajeros de lo permitido.<\/p>\n<h2>Ley Casco en otros estados<\/h2>\n<div class=\"image-align-center\">\n<figure class=\"image\"><img loading=\"lazy\" decoding=\"async\" alt=\"\" height=\"400\" src=\"https:\/\/heraldodemexico.com.mx\/u\/fotografias\/m\/2026\/3\/18\/f768x400-1260600_1304503_5050.jpg\" width=\"768\"\/>&#13;<figcaption>Recientemente un diputado del PRI present\u00f3 una iniciativa para que los cascos de los motociclistas incluyan el n\u00famero de placa del veh\u00edculo | Freepik<\/figcaption>&#13;<br \/>\n<\/figure>\n<\/div>\n<p>Recientemente, el diputado del <strong>PRI<\/strong>, <strong>Carlos Eduardo Guti\u00e9rrez Mancilla<\/strong>, present\u00f3 una iniciativa con la cual reformar la <strong>Ley General de Movilidad y Seguridad Vial<\/strong> con el fin de que los <strong>motociclistas <\/strong>llevara una <strong>calcoman\u00eda <\/strong>con el n\u00famero de <strong>placa <\/strong>en el casco.&#13;<br \/>\n&#13;\n<\/p>\n<p>\u00abSubraya que la informaci\u00f3n contenida en la calcoman\u00eda ser\u00e1 emitida por la autoridad competente, con fines exclusivamente de seguridad p\u00fablica y tr\u00e1nsito, evitando la falsificaci\u00f3n y mal uso de los\u00a0datos personales\u00bb, se lee en el bolet\u00edn de la <strong>C\u00e1mara de Diputados.<\/strong>&#13;<br \/>\n&#13;\n<\/p>\n<p>\u00a0&#13;<br \/>\n&#13;<br \/>\n&#13;\n                                <\/p>\n<\/p><\/div>\n<p><script>\n    !function(f,b,e,v,n,t,s)\n    {if(f.fbq)return;n=f.fbq=function(){n.callMethod?\n    n.callMethod.apply(n,arguments):n.queue.push(arguments)};\n    if(!f._fbq)f._fbq=n;n.push=n;n.loaded=!0;n.version='2.0';\n    n.queue=[];t=b.createElement(e);t.async=!0;\n    t.src=v;s=b.getElementsByTagName(e)[0];\n    s.parentNode.insertBefore(t,s)}(window, document,'script',\n    'https:\/\/connect.facebook.net\/en_US\/fbevents.js');\n    fbq('init', '237927003583820');\n    fbq('track', 'PageView');\n  <\/script><script>\n    !function(f,b,e,v,n,t,s)\n    {if(f.fbq)return;n=f.fbq=function(){n.callMethod?\n    n.callMethod.apply(n,arguments):n.queue.push(arguments)};\n    if(!f._fbq)f._fbq=n;n.push=n;n.loaded=!0;n.version='2.0';\n    n.queue=[];t=b.createElement(e);t.async=!0;\n    t.src=v;s=b.getElementsByTagName(e)[0];\n    s.parentNode.insertBefore(t,s)}(window, document,'script',\n    'https:\/\/connect.facebook.net\/en_US\/fbevents.js');\n    fbq('init', '802372280934901');\n    fbq('track', 'PageView');\n    <\/script><br \/>\n<br \/><\/p>\n","protected":false},"excerpt":{"rendered":"<p>El Congreso de Puebla aprob\u00f3 el a\u00f1o pasado la llamada \u00abLey Casco\u00bb, que buscaba obligar a los motociclistas que transitan por las vialidades del estado a que utilicen un n\u00famero de identificaci\u00f3n en el casco y que deber\u00e1 ser legible en los arcos de seguridad que se encuentran conectados al C5 de la Secretar\u00eda de [&hellip;]<\/p>\n","protected":false},"author":2,"featured_media":3520,"comment_status":"","ping_status":"","sticky":false,"template":"","format":"standard","meta":{"footnotes":""},"categories":[2],"tags":[],"class_list":["post-3519","post","type-post","status-publish","format-standard","has-post-thumbnail","hentry","category-local"],"_links":{"self":[{"href":"https:\/\/conexion-mx.com\/index.php?rest_route=\/wp\/v2\/posts\/3519","targetHints":{"allow":["GET"]}}],"collection":[{"href":"https:\/\/conexion-mx.com\/index.php?rest_route=\/wp\/v2\/posts"}],"about":[{"href":"https:\/\/conexion-mx.com\/index.php?rest_route=\/wp\/v2\/types\/post"}],"author":[{"embeddable":true,"href":"https:\/\/conexion-mx.com\/index.php?rest_route=\/wp\/v2\/users\/2"}],"replies":[{"embeddable":true,"href":"https:\/\/conexion-mx.com\/index.php?rest_route=%2Fwp%2Fv2%2Fcomments&post=3519"}],"version-history":[{"count":0,"href":"https:\/\/conexion-mx.com\/index.php?rest_route=\/wp\/v2\/posts\/3519\/revisions"}],"wp:featuredmedia":[{"embeddable":true,"href":"https:\/\/conexion-mx.com\/index.php?rest_route=\/wp\/v2\/media\/3520"}],"wp:attachment":[{"href":"https:\/\/conexion-mx.com\/index.php?rest_route=%2Fwp%2Fv2%2Fmedia&parent=3519"}],"wp:term":[{"taxonomy":"category","embeddable":true,"href":"https:\/\/conexion-mx.com\/index.php?rest_route=%2Fwp%2Fv2%2Fcategories&post=3519"},{"taxonomy":"post_tag","embeddable":true,"href":"https:\/\/conexion-mx.com\/index.php?rest_route=%2Fwp%2Fv2%2Ftags&post=3519"}],"curies":[{"name":"wp","href":"https:\/\/api.w.org\/{rel}","templated":true}]}}