{"id":3527,"date":"2026-03-19T18:18:33","date_gmt":"2026-03-19T23:18:33","guid":{"rendered":"https:\/\/conexion-mx.com\/?p=3527"},"modified":"2026-03-19T18:18:33","modified_gmt":"2026-03-19T23:18:33","slug":"maria-elena-saldana-la-guereja-aclara-si-se-desmayo-y-habla-de-su-estado-de-salud","status":"publish","type":"post","link":"https:\/\/conexion-mx.com\/?p=3527","title":{"rendered":"Mar\u00eda Elena Salda\u00f1a, &#8216;La G\u00fcereja&#8217;, aclara si se desmay\u00f3 y habla de su estado de salud"},"content":{"rendered":"<p> <br \/>\n<\/p>\n<div itemprop=\"articleBody\">\n<div class=\"txt_contenido\">\n<p><strong>Mar\u00eda Elena Salda\u00f1a<\/strong> encendi\u00f3 las alertas entre sus fan\u00e1ticos luego de que se diera a conocer que habr\u00eda sufrido un <strong>desmay\u00f3<\/strong> durante la presentaci\u00f3n del tema \u201cCulpable o inocente\u201d de Alicia Villarreal con Luc\u00eda M\u00e9ndez. La actriz neg\u00f3 haberse desvanecido y aclar\u00f3 que se trat\u00f3 de un <strong>tropiezo,\u00a0<\/strong>aunque admiti\u00f3 que sufri\u00f3\u00a0un <strong>mareo<\/strong> producto de la ca\u00edda tambi\u00e9n habl\u00f3 sobre su <strong>estado de salud.\u00a0<\/strong><\/p>\n<p><strong>\u2018La G\u00fcereja<\/strong>\u2019, como tambi\u00e9n se conoce a la actriz, ha generado preocupaci\u00f3n entre sus seguidores debido a las ca\u00eddas que tuvo en los \u00faltimos meses. La primera en octubre de 2025 por la que sufri\u00f3 un <strong>esguince cervical<\/strong> resultado de la ca\u00edda durante una sesi\u00f3n de fotos cuando <strong>Cecilia Galliano<\/strong> la empuj\u00f3 con la cadera. La segunda en noviembre de ese mismo a\u00f1o durante las grabaciones de una serie y por la que fue trasladada al <strong>hospital<\/strong> debido a que tuvo un fuerte <strong>golpe en la cabeza<\/strong>.\u00a0<\/p>\n<aside class=\"htmlinline\"\/>\n<h2>\u00bfCu\u00e1l es el estado de salud de Mar\u00eda Elena Salda\u00f1a?\u00a0<\/h2>\n<p>En un encuentro con los medios retomado por \u00abDe la Rosa TV\u00bb en YouTube, Mar\u00eda Elena Salda\u00f1a fue cuestionada sobre su estado de salud luego del supuesto\u00a0desmayo que sufri\u00f3 en un evento. La actriz aclar\u00f3 que se trat\u00f3 de una <strong>ca\u00edda<\/strong>\u00a0por la que sufri\u00f3 un ligero <strong>mareo<\/strong>, pese a ello puntualiz\u00f3 en que se recuper\u00f3 de inmediato y goza de\u00a0buena\u00a0<strong>salud<\/strong>.\u00a0<\/p>\n<aside class=\"relacionadas con-foto linea-1078\"><strong class=\"relacionadas-titulo-gral\">Noticias Relacionadas<\/strong><\/aside>\n<figure class=\"image\"><img loading=\"lazy\" decoding=\"async\" alt=\"\" height=\"1151\" src=\"https:\/\/heraldodemexico.com.mx\/u\/fotografias\/m\/2026\/3\/19\/f768x1-1260940_1261067_5050.jpg\" width=\"768\"\/>&#13;<figcaption>Mar\u00eda Elena Salda\u00f1a aclara desmayo en p\u00fablico. Foto: Cuartoscuro<\/figcaption>&#13;<br \/>\n<\/figure>\n<blockquote><p>&#13;<\/p>\n<p>\u201c\u201cNo me desmay\u00e9. Estaba sentada en una banquita giratoria y entonces me paro, pero ten\u00eda escaloncito el sill\u00f3n, no lo vi, me tropiezo, me agarro para detenerme y la madre esa se daba la vuelta. A la hora que me detuve se me fue y a la hora que se me fue me fui para atr\u00e1s. Como me dio el jal\u00f3n s\u00ed sent\u00ed que me mare\u00e9, pero luego luego me levant\u00e9\u201d, dijo la actriz.\u00a0<\/p>\n<p>&#13;\n<\/p><\/blockquote>\n<h2>\u00bfMar\u00eda Elena Salda\u00f1a prepar\u00f3 su testamento?\u00a0<\/h2>\n<p>La actriz se\u00f1al\u00f3 que desde hace varios a\u00f1os prepar\u00f3 su <strong>testamento<\/strong>, aunque no motivada por una crisis de salud sino por la experiencia que su familia tuvo tras la muerte de su padre. Salda\u00f1a reflexion\u00f3 al respecto y revel\u00f3 detalles se\u00f1alando que design\u00f3 a uno de sus familiares para el cuidado de sus <strong>hijos<\/strong> en caso de ser necesario.\u00a0<\/p>\n<blockquote><p>&#13;<\/p>\n<p>\u201cTodos deber\u00edamos de hacer eso (testamento), pero se nos van las cabras. Vamos dejando pasar siempre papeles, digo nosotros lo vivimos cuando falleci\u00f3 mi pap\u00e1 que tuvo 12 a\u00f1os enfermo y muri\u00f3 sin testamento. Entonces, de ah\u00ed todo mundo aprendi\u00f3 (\u2026) Es necesario, hay tant\u00edsima cantidad de tr\u00e1mites que se nos van de las manos, pero todo bien\u201d, a\u00f1adi\u00f3.\u00a0<\/p>\n<p>&#13;\n<\/p><\/blockquote>\n<p>\u00a0<\/p>\n<\/p><\/div>\n<\/p><\/div>\n<p><script>\n    !function(f,b,e,v,n,t,s)\n    {if(f.fbq)return;n=f.fbq=function(){n.callMethod?\n    n.callMethod.apply(n,arguments):n.queue.push(arguments)};\n    if(!f._fbq)f._fbq=n;n.push=n;n.loaded=!0;n.version='2.0';\n    n.queue=[];t=b.createElement(e);t.async=!0;\n    t.src=v;s=b.getElementsByTagName(e)[0];\n    s.parentNode.insertBefore(t,s)}(window, document,'script',\n    'https:\/\/connect.facebook.net\/en_US\/fbevents.js');\n    fbq('init', '237927003583820');\n    fbq('track', 'PageView');\n  <\/script><script>\n    !function(f,b,e,v,n,t,s)\n    {if(f.fbq)return;n=f.fbq=function(){n.callMethod?\n    n.callMethod.apply(n,arguments):n.queue.push(arguments)};\n    if(!f._fbq)f._fbq=n;n.push=n;n.loaded=!0;n.version='2.0';\n    n.queue=[];t=b.createElement(e);t.async=!0;\n    t.src=v;s=b.getElementsByTagName(e)[0];\n    s.parentNode.insertBefore(t,s)}(window, document,'script',\n    'https:\/\/connect.facebook.net\/en_US\/fbevents.js');\n    fbq('init', '775201487065840');\n    fbq('track', 'PageView');\n    <\/script><br \/>\n<br \/><\/p>\n","protected":false},"excerpt":{"rendered":"<p>Mar\u00eda Elena Salda\u00f1a encendi\u00f3 las alertas entre sus fan\u00e1ticos luego de que se diera a conocer que habr\u00eda sufrido un desmay\u00f3 durante la presentaci\u00f3n del tema \u201cCulpable o inocente\u201d de Alicia Villarreal con Luc\u00eda M\u00e9ndez. La actriz neg\u00f3 haberse desvanecido y aclar\u00f3 que se trat\u00f3 de un tropiezo,\u00a0aunque admiti\u00f3 que sufri\u00f3\u00a0un mareo producto de la [&hellip;]<\/p>\n","protected":false},"author":3,"featured_media":3528,"comment_status":"","ping_status":"","sticky":false,"template":"","format":"standard","meta":{"footnotes":""},"categories":[35],"tags":[],"class_list":["post-3527","post","type-post","status-publish","format-standard","has-post-thumbnail","hentry","category-espectaculos"],"_links":{"self":[{"href":"https:\/\/conexion-mx.com\/index.php?rest_route=\/wp\/v2\/posts\/3527","targetHints":{"allow":["GET"]}}],"collection":[{"href":"https:\/\/conexion-mx.com\/index.php?rest_route=\/wp\/v2\/posts"}],"about":[{"href":"https:\/\/conexion-mx.com\/index.php?rest_route=\/wp\/v2\/types\/post"}],"author":[{"embeddable":true,"href":"https:\/\/conexion-mx.com\/index.php?rest_route=\/wp\/v2\/users\/3"}],"replies":[{"embeddable":true,"href":"https:\/\/conexion-mx.com\/index.php?rest_route=%2Fwp%2Fv2%2Fcomments&post=3527"}],"version-history":[{"count":0,"href":"https:\/\/conexion-mx.com\/index.php?rest_route=\/wp\/v2\/posts\/3527\/revisions"}],"wp:featuredmedia":[{"embeddable":true,"href":"https:\/\/conexion-mx.com\/index.php?rest_route=\/wp\/v2\/media\/3528"}],"wp:attachment":[{"href":"https:\/\/conexion-mx.com\/index.php?rest_route=%2Fwp%2Fv2%2Fmedia&parent=3527"}],"wp:term":[{"taxonomy":"category","embeddable":true,"href":"https:\/\/conexion-mx.com\/index.php?rest_route=%2Fwp%2Fv2%2Fcategories&post=3527"},{"taxonomy":"post_tag","embeddable":true,"href":"https:\/\/conexion-mx.com\/index.php?rest_route=%2Fwp%2Fv2%2Ftags&post=3527"}],"curies":[{"name":"wp","href":"https:\/\/api.w.org\/{rel}","templated":true}]}}