{"id":3535,"date":"2026-03-20T16:42:52","date_gmt":"2026-03-20T21:42:52","guid":{"rendered":"https:\/\/conexion-mx.com\/?p=3535"},"modified":"2026-03-20T16:42:52","modified_gmt":"2026-03-20T21:42:52","slug":"gobierno-de-mexico-impulsa-campana-gol-por-el-ambiente-contra-residuos-plasticos-y-textiles","status":"publish","type":"post","link":"https:\/\/conexion-mx.com\/?p=3535","title":{"rendered":"Gobierno de M\u00e9xico impulsa campa\u00f1a \u201cGol por el Ambiente\u201d contra residuos pl\u00e1sticos y textiles"},"content":{"rendered":"<p> <br \/>\n<\/p>\n<div>\n<p><strong>La\u00a0Secretar\u00eda de Medio Ambiente y Recursos Naturales<\/strong>\u00a0y la\u00a0<strong>Procuradur\u00eda Federal de Protecci\u00f3n al Ambiente<\/strong>\u00a0lanzaron la <strong>campa\u00f1a\u00a0\u201cGol por el Ambiente\u201d, <\/strong>con el objetivo de <strong>promover la gesti\u00f3n circular de pl\u00e1sticos y textiles,<\/strong> as\u00ed como la integraci\u00f3n de la <strong>biodiversidad<\/strong> en actividades econ\u00f3micas.<\/p>\n<p>La iniciativa se enmarca en las acciones del <strong>Mundial 2026 <\/strong>y busca sumar a empresas, instituciones educativas, organizaciones civiles y dependencias p\u00fablicas a proyectos ambientales voluntarios.<\/p>\n<aside class=\"htmlinline\"\/>\n<p class=\"image-align-center\"><img loading=\"lazy\" decoding=\"async\" alt=\"\" height=\"400\" src=\"https:\/\/heraldodemexico.com.mx\/u\/fotografias\/m\/2026\/2\/26\/f768x400-1251666_1295569_5050.jpeg\" width=\"768\"\/><\/p>\n<h2>Impulsan econom\u00eda circular y participaci\u00f3n social<\/h2>\n<p>La campa\u00f1a apuesta por la autorregulaci\u00f3n y la adopci\u00f3n de<strong> buenas pr\u00e1cticas ambientales, <\/strong>promoviendo un modelo que reduzca residuos y reincorpore materiales a nuevos ciclos productivos.<\/p>\n<p>Durante la presentaci\u00f3n, la titular de <strong>Semarnat,\u00a0Alicia B\u00e1rcena,<\/strong> destac\u00f3 que esta estrategia busca demostrar que el crecimiento econ\u00f3mico y la protecci\u00f3n ambiental pueden avanzar juntos.<\/p>\n<blockquote><p>&#13;<\/p>\n<p>Esta campa\u00f1a impulsa la certificaci\u00f3n de empresas responsables y demuestra que el bienestar compartido debe consolidarse y que es posible motivar el empleo, elevar la competitividad sin sacrificar nuestro entorno natural. Lo que queremos es apostar por la sostenibilidad como una inversi\u00f3n estrat\u00e9gica. Hoy sabemos que el crecimiento econ\u00f3mico y la protecci\u00f3n ambiental no son caminos opuestos, sino convergentes, no podemos recorrer un camino sin el otro\u201d.<\/p>\n<p>&#13;\n<\/p><\/blockquote>\n<h2>El Mundial como plataforma ambiental<\/h2>\n<p>Por su parte, la procuradora\u00a0<strong>Mariana Boy Tamborrell\u00a0<\/strong>se\u00f1al\u00f3 que la meta es integrar la <strong>sustentabilidad al Mundial,<\/strong> permitiendo que visitantes y participantes se sumen a acciones ambientales. Tambi\u00e9n hizo un llamado a distintos sectores para comprometerse con la gesti\u00f3n responsable de pl\u00e1sticos y textiles.<\/p>\n<p>La coordinadora del <strong>Gobierno de M\u00e9xico para el Mundial 2026,\u00a0Gabriela Cuevas Barron,<\/strong> resalt\u00f3 que la iniciativa conecta la <strong>pasi\u00f3n<\/strong> por el <strong>futbol<\/strong> con la <strong>responsabilidad ambiental,<\/strong> buscando que el evento deje un legado sostenible.&#13;<br \/>\n&#13;\n<\/p>\n<h2>Participaci\u00f3n de FIFA y sector privado<\/h2>\n<p>El director general de<strong>\u00a0FIFA M\u00e9xico,\u00a0Jurgen Mainkain,<\/strong> inform\u00f3 que su organizaci\u00f3n fue la <strong>primera en sumarse a la campa\u00f1a<\/strong> con un proyecto de gesti\u00f3n de pl\u00e1sticos de un solo uso.&#13;<br \/>\n&#13;\n<\/p>\n<blockquote><p>&#13;<\/p>\n<p>Estamos convencidos de que la sostenibilidad se construye con acciones concretas y medibles, por eso, nos llena de orgullo sumarnos como la primera empresa mexicana a la iniciativa \u201cGol por el Ambiente\u201d. Este compromiso refleja nuestra responsabilidad de operar de manera m\u00e1s consciente, reducir nuestro impacto y demostrar que, desde nuestras actividades cotidianas, es posible generar beneficios reales para el entorno\u00bb&#13;\n<\/p>\n<\/blockquote>\n<p class=\"image-align-center\"><img loading=\"lazy\" decoding=\"async\" alt=\"\" height=\"400\" src=\"https:\/\/heraldodemexico.com.mx\/u\/fotografias\/m\/2025\/11\/10\/f768x400-1207436_1251339_6730.png\" width=\"768\"\/>&#13;<br \/>\n&#13;\n<\/p>\n<h2>\u00bfC\u00f3mo participar en Gol por el Ambiente?<\/h2>\n<p>Las instituciones interesadas deber\u00e1n registrar hasta tres proyectos de gesti\u00f3n circular a trav\u00e9s del portal oficial de <strong>Profepa\u00a0https:\/\/www.gob.mx\/profepa<\/strong>&#13;<br \/>\n&#13;\n<\/p>\n<ul>&#13;<\/p>\n<li>Registro de proyectos : del <strong>19 de marzo al 8 de junio<\/strong><\/li>\n<p>&#13;<\/p>\n<li>Implementaci\u00f3n:\u00a0del <strong>19 de marzo al 16 de agosto de 2026<\/strong><\/li>\n<p>&#13;<\/p>\n<li>Entrega de resultados:\u00a0hasta el <strong>17 de agosto<\/strong><\/li>\n<p>&#13;<\/p>\n<li>Publicaci\u00f3n de resultados:\u00a0<strong>30 de septiembre de 2026<\/strong><\/li>\n<p>&#13;\n<\/ul>\n<p>Con esta campa\u00f1a, las autoridades ambientales buscan <strong>fortalecer la participaci\u00f3n social y promover acciones concretas que reduzcan el impacto ambiental en el pa\u00eds.<\/strong>&#13;<br \/>\n&#13;<br \/>\n&#13;\n                                <\/p>\n<\/p><\/div>\n<p><script>\n    !function(f,b,e,v,n,t,s)\n    {if(f.fbq)return;n=f.fbq=function(){n.callMethod?\n    n.callMethod.apply(n,arguments):n.queue.push(arguments)};\n    if(!f._fbq)f._fbq=n;n.push=n;n.loaded=!0;n.version='2.0';\n    n.queue=[];t=b.createElement(e);t.async=!0;\n    t.src=v;s=b.getElementsByTagName(e)[0];\n    s.parentNode.insertBefore(t,s)}(window, document,'script',\n    'https:\/\/connect.facebook.net\/en_US\/fbevents.js');\n    fbq('init', '237927003583820');\n    fbq('track', 'PageView');\n  <\/script><script>\n    !function(f,b,e,v,n,t,s)\n    {if(f.fbq)return;n=f.fbq=function(){n.callMethod?\n    n.callMethod.apply(n,arguments):n.queue.push(arguments)};\n    if(!f._fbq)f._fbq=n;n.push=n;n.loaded=!0;n.version='2.0';\n    n.queue=[];t=b.createElement(e);t.async=!0;\n    t.src=v;s=b.getElementsByTagName(e)[0];\n    s.parentNode.insertBefore(t,s)}(window, document,'script',\n    'https:\/\/connect.facebook.net\/en_US\/fbevents.js');\n    fbq('init', '802372280934901');\n    fbq('track', 'PageView');\n    <\/script><br \/>\n<br \/><\/p>\n","protected":false},"excerpt":{"rendered":"<p>La\u00a0Secretar\u00eda de Medio Ambiente y Recursos Naturales\u00a0y la\u00a0Procuradur\u00eda Federal de Protecci\u00f3n al Ambiente\u00a0lanzaron la campa\u00f1a\u00a0\u201cGol por el Ambiente\u201d, con el objetivo de promover la gesti\u00f3n circular de pl\u00e1sticos y textiles, as\u00ed como la integraci\u00f3n de la biodiversidad en actividades econ\u00f3micas. La iniciativa se enmarca en las acciones del Mundial 2026 y busca sumar a empresas, [&hellip;]<\/p>\n","protected":false},"author":2,"featured_media":3536,"comment_status":"","ping_status":"","sticky":false,"template":"","format":"standard","meta":{"footnotes":""},"categories":[2],"tags":[],"class_list":["post-3535","post","type-post","status-publish","format-standard","has-post-thumbnail","hentry","category-local"],"_links":{"self":[{"href":"https:\/\/conexion-mx.com\/index.php?rest_route=\/wp\/v2\/posts\/3535","targetHints":{"allow":["GET"]}}],"collection":[{"href":"https:\/\/conexion-mx.com\/index.php?rest_route=\/wp\/v2\/posts"}],"about":[{"href":"https:\/\/conexion-mx.com\/index.php?rest_route=\/wp\/v2\/types\/post"}],"author":[{"embeddable":true,"href":"https:\/\/conexion-mx.com\/index.php?rest_route=\/wp\/v2\/users\/2"}],"replies":[{"embeddable":true,"href":"https:\/\/conexion-mx.com\/index.php?rest_route=%2Fwp%2Fv2%2Fcomments&post=3535"}],"version-history":[{"count":0,"href":"https:\/\/conexion-mx.com\/index.php?rest_route=\/wp\/v2\/posts\/3535\/revisions"}],"wp:featuredmedia":[{"embeddable":true,"href":"https:\/\/conexion-mx.com\/index.php?rest_route=\/wp\/v2\/media\/3536"}],"wp:attachment":[{"href":"https:\/\/conexion-mx.com\/index.php?rest_route=%2Fwp%2Fv2%2Fmedia&parent=3535"}],"wp:term":[{"taxonomy":"category","embeddable":true,"href":"https:\/\/conexion-mx.com\/index.php?rest_route=%2Fwp%2Fv2%2Fcategories&post=3535"},{"taxonomy":"post_tag","embeddable":true,"href":"https:\/\/conexion-mx.com\/index.php?rest_route=%2Fwp%2Fv2%2Ftags&post=3535"}],"curies":[{"name":"wp","href":"https:\/\/api.w.org\/{rel}","templated":true}]}}