{"id":3537,"date":"2026-03-20T21:59:58","date_gmt":"2026-03-21T02:59:58","guid":{"rendered":"https:\/\/conexion-mx.com\/?p=3537"},"modified":"2026-03-20T21:59:58","modified_gmt":"2026-03-21T02:59:58","slug":"zonas-arqueologicas-cerca-de-la-cdmx-para-recargar-la-energia-en-la-llegada-de-la-primavera","status":"publish","type":"post","link":"https:\/\/conexion-mx.com\/?p=3537","title":{"rendered":"Zonas arqueol\u00f3gicas cerca de la CDMX para recargar la energ\u00eda en la llegada de la Primavera"},"content":{"rendered":"<p> <br \/>\n<\/p>\n<div>\n<p>Lleg\u00f3 la primavera. En M\u00e9xico, esta nueva estaci\u00f3n del a\u00f1o entr\u00f3 este <strong>viernes 20 de marzo<\/strong> a las 08:46 horas\u00a0(tiempo del centro de M\u00e9xico), por lo que muchas personas se dieron citas en diversos lugares de la Rep\u00fablica donde existe la creencia de que puedes recargar energ\u00eda para el resto del a\u00f1o.\u00a0<\/p>\n<p>Estos lugares son, principalmente, <strong>ciudades prehisp\u00e1nicas<\/strong> donde hay templos dedicados a diversos dioses, pero tambi\u00e9n <strong>enormes<\/strong> <strong>pir\u00e1mides<\/strong> que todav\u00eda se pueden subir, aunque muchas de ellas ya se mantienen bajo <strong>protecci\u00f3n de las autoridades<\/strong>; a pesar de ello, la gente se re\u00fane para hacer toda clase de rituales a lo largo del fin de semana para\u00a0 purificarse.\u00a0<\/p>\n<aside class=\"htmlinline\"\/>\n<h2>Zonas arqueol\u00f3gicas cerca de la CDMX<\/h2>\n<p>La mayor\u00eda de estos lugares est\u00e1 muy cerca de la <strong>Ciudad de M\u00e9xico<\/strong>, por lo que no tendr\u00e1s viajes complicados en <strong>autom\u00f3vil<\/strong>, ni tampoco tardar\u00e1s tanto en llegar si lo que quieres es ir en <strong>autob\u00fas<\/strong>. Eso, s\u00ed, tienes que preparar tu viaje con anticipaci\u00f3n, en caso de que necesites planear casetas, entre otras cosas.<\/p>\n<aside class=\"relacionadas con-foto linea-1078\"><strong class=\"relacionadas-titulo-gral\">Noticias Relacionadas<\/strong><\/aside>\n<h3>Tula (Hidalgo)<\/h3>\n<p>La zona arqueol\u00f3gica de <strong>Tula<\/strong>, antigua capital de la <strong>cultura tolteca<\/strong>, destaca por su <strong>relevancia pol\u00edtica y militar<\/strong> en el centro de M\u00e9xico entre los <strong>a\u00f1os 900 y 1150 d. C.<\/strong> El elemento m\u00e1s emblem\u00e1tico del sitio son los <strong>Atlantes de Tula<\/strong>, enormes esculturas de basalto de m\u00e1s de cuatro metros de altura que representan a <strong>guerreros toltecas<\/strong> con indumentaria de combate. Estas figuras coronan la <strong>Pir\u00e1mide de Tlahuizcalpantecuhtli<\/strong> y originalmente sosten\u00edan el techo de un santuario dedicado a la <strong>advocaci\u00f3n de Quetzalc\u00f3atl<\/strong> como estrella de la ma\u00f1ana.<\/p>\n<figure class=\"image\"><img loading=\"lazy\" decoding=\"async\" alt=\"\" height=\"532\" src=\"https:\/\/heraldodemexico.com.mx\/u\/fotografias\/m\/2026\/3\/20\/f768x1-1261541_1261668_5050.png\" width=\"768\"\/>&#13;<figcaption>As\u00ed luce Tula, Hidalgo. Cr\u00e9dito: Google Maps<\/figcaption>&#13;<br \/>\n<\/figure>\n<h3>Teotihuac\u00e1n (Estado de M\u00e9xico)<\/h3>\n<p>Teotihuac\u00e1n, conocida como la \u00ab<strong>Ciudad de los Dioses<\/strong>\u00ab, representa uno de los centros urbanos m\u00e1s grandes y complejos del mundo antiguo, alcanzando su apogeo entre los siglos II y VI d. C. La traza de la ciudad se organiza a lo largo de la <strong>Calzada de los Muertos<\/strong>, un eje norte-sur que conecta la <strong>Ciudadela<\/strong> y el <strong>Templo de Quetzalc\u00f3atl<\/strong> con las imponentes <strong>Pir\u00e1mides del Sol y de la Luna<\/strong>. Este sitio es <strong>Patrimonio de la Humanidad<\/strong> y refleja un conocimiento avanzado en astronom\u00eda, ingenier\u00eda hidr\u00e1ulica y planificaci\u00f3n urbana.<\/p>\n<h3>Cacaxtla (Tlaxcala)<\/h3>\n<p><strong>Cacaxtla<\/strong> es famosa mundialmente por la conservaci\u00f3n excepcional de sus <strong>murales pol\u00edcromos<\/strong>, los cuales presentan una mezcla \u00fanica de <strong>estilos iconogr\u00e1ficos<\/strong> <strong>mayas<\/strong> y del <strong>Altiplano Central<\/strong>. El sitio fue la capital de los <strong>olmeca-xicalancas<\/strong> entre los a\u00f1os 650 y <strong>950 d. C. <\/strong>Sus pinturas, realizadas con pigmentos naturales como el <strong>azul maya y el rojo \u00f3xido<\/strong>, narran <strong>escenas de guerra, sacrificios y deidades<\/strong>, destacando el \u00ab<strong>Mural de la Batalla<\/strong>\u00ab, donde guerreros jaguar se enfrentan a guerreros ave con un realismo gr\u00e1fico impresionante.<\/p>\n<h3>Xochicalco (Morelos)<\/h3>\n<p><strong>Xochicalco<\/strong>, cuyo nombre significa \u00ab<strong>Lugar de la Casa de las Flores<\/strong>\u00ab, es un <strong>sitio arqueol\u00f3gico<\/strong> construido sobre <strong>cerros modificados<\/strong> artificialmente para funcionar como una <strong>ciudad fortaleza<\/strong> tras el colapso <strong>teotihuacano<\/strong>. Su estructura m\u00e1s ic\u00f3nica es el <strong>Templo de las Serpientes Emplumadas<\/strong>, que presenta relieves magistrales de serpientes que ondulan alrededor de figuras humanas, lo cual sugiere una <strong>reuni\u00f3n de astr\u00f3nomos<\/strong> para ajustar el <strong>calendario mesoamericano<\/strong>.\u00a0<\/p>\n<p>\u00a0&#13;<br \/>\n&#13;<br \/>\n&#13;\n                                <\/p>\n<\/p><\/div>\n<p><script>\n    !function(f,b,e,v,n,t,s)\n    {if(f.fbq)return;n=f.fbq=function(){n.callMethod?\n    n.callMethod.apply(n,arguments):n.queue.push(arguments)};\n    if(!f._fbq)f._fbq=n;n.push=n;n.loaded=!0;n.version='2.0';\n    n.queue=[];t=b.createElement(e);t.async=!0;\n    t.src=v;s=b.getElementsByTagName(e)[0];\n    s.parentNode.insertBefore(t,s)}(window, document,'script',\n    'https:\/\/connect.facebook.net\/en_US\/fbevents.js');\n    fbq('init', '237927003583820');\n    fbq('track', 'PageView');\n  <\/script><script>\n    !function(f,b,e,v,n,t,s)\n    {if(f.fbq)return;n=f.fbq=function(){n.callMethod?\n    n.callMethod.apply(n,arguments):n.queue.push(arguments)};\n    if(!f._fbq)f._fbq=n;n.push=n;n.loaded=!0;n.version='2.0';\n    n.queue=[];t=b.createElement(e);t.async=!0;\n    t.src=v;s=b.getElementsByTagName(e)[0];\n    s.parentNode.insertBefore(t,s)}(window, document,'script',\n    'https:\/\/connect.facebook.net\/en_US\/fbevents.js');\n    fbq('init', '775201487065840');\n    fbq('track', 'PageView');\n    <\/script><br \/>\n<br \/><\/p>\n","protected":false},"excerpt":{"rendered":"<p>Lleg\u00f3 la primavera. En M\u00e9xico, esta nueva estaci\u00f3n del a\u00f1o entr\u00f3 este viernes 20 de marzo a las 08:46 horas\u00a0(tiempo del centro de M\u00e9xico), por lo que muchas personas se dieron citas en diversos lugares de la Rep\u00fablica donde existe la creencia de que puedes recargar energ\u00eda para el resto del a\u00f1o.\u00a0 Estos lugares son, [&hellip;]<\/p>\n","protected":false},"author":3,"featured_media":3538,"comment_status":"","ping_status":"","sticky":false,"template":"","format":"standard","meta":{"footnotes":""},"categories":[35],"tags":[],"class_list":["post-3537","post","type-post","status-publish","format-standard","has-post-thumbnail","hentry","category-espectaculos"],"_links":{"self":[{"href":"https:\/\/conexion-mx.com\/index.php?rest_route=\/wp\/v2\/posts\/3537","targetHints":{"allow":["GET"]}}],"collection":[{"href":"https:\/\/conexion-mx.com\/index.php?rest_route=\/wp\/v2\/posts"}],"about":[{"href":"https:\/\/conexion-mx.com\/index.php?rest_route=\/wp\/v2\/types\/post"}],"author":[{"embeddable":true,"href":"https:\/\/conexion-mx.com\/index.php?rest_route=\/wp\/v2\/users\/3"}],"replies":[{"embeddable":true,"href":"https:\/\/conexion-mx.com\/index.php?rest_route=%2Fwp%2Fv2%2Fcomments&post=3537"}],"version-history":[{"count":0,"href":"https:\/\/conexion-mx.com\/index.php?rest_route=\/wp\/v2\/posts\/3537\/revisions"}],"wp:featuredmedia":[{"embeddable":true,"href":"https:\/\/conexion-mx.com\/index.php?rest_route=\/wp\/v2\/media\/3538"}],"wp:attachment":[{"href":"https:\/\/conexion-mx.com\/index.php?rest_route=%2Fwp%2Fv2%2Fmedia&parent=3537"}],"wp:term":[{"taxonomy":"category","embeddable":true,"href":"https:\/\/conexion-mx.com\/index.php?rest_route=%2Fwp%2Fv2%2Fcategories&post=3537"},{"taxonomy":"post_tag","embeddable":true,"href":"https:\/\/conexion-mx.com\/index.php?rest_route=%2Fwp%2Fv2%2Ftags&post=3537"}],"curies":[{"name":"wp","href":"https:\/\/api.w.org\/{rel}","templated":true}]}}