{"id":3539,"date":"2026-03-21T01:17:43","date_gmt":"2026-03-21T06:17:43","guid":{"rendered":"https:\/\/conexion-mx.com\/?p=3539"},"modified":"2026-03-21T01:17:43","modified_gmt":"2026-03-21T06:17:43","slug":"pension-personas-con-discapacidad-fechas-de-registro-en-marzo-y-lista-de-estados-participantes","status":"publish","type":"post","link":"https:\/\/conexion-mx.com\/?p=3539","title":{"rendered":"Pensi\u00f3n Personas con Discapacidad: FECHAS de registro en marzo y lista de estados participantes"},"content":{"rendered":"<p> <br \/>\n<\/p>\n<div itemprop=\"articleBody\">\n<div class=\"txt_contenido\">\n<p>La titular de la<strong> Secretar\u00eda del Bienestar<\/strong>\u00a0encabezada <strong>Ariadna Montiel Reyes<\/strong>\u00a0anunci\u00f3 que pr\u00f3ximamente habr\u00e1\u00a0<strong>nuevas fechas de registro <\/strong>para la<strong> <\/strong><strong>Pensi\u00f3n para el Bienestar de las Personas con Discapacidad<\/strong>.<\/p>\n<p>Ser\u00e1 del <strong>lunes 23 de marzo<\/strong> y hasta el <strong>domingo 29 de marzo<\/strong> cuando estar\u00e1n disponibles las inscripciones a este programa del Gobierno Federal que <strong>otorga un monto bimestral de $3,300 pesos en 2026<\/strong>.<\/p>\n<aside class=\"htmlinline\"\/>\n<p>Si te interesa ser beneficiario deber\u00e1s <strong>acudir al m\u00f3dulo de registro m\u00e1s cercano en un horario de 10:00 a las 16:00 horas<\/strong>, el cual puedes ubicar en el siguiente LINK. Los documentos que deber\u00e1s entregar son los siguientes:<\/p>\n<aside class=\"relacionadas con-foto linea-1078\"><strong class=\"relacionadas-titulo-gral\">Noticias Relacionadas<\/strong><\/aside>\n<ul>&#13;<\/p>\n<li>INE<\/li>\n<p>&#13;<\/p>\n<li>CURP<\/li>\n<p>&#13;<\/p>\n<li>Acta de nacimiento<\/li>\n<p>&#13;<\/p>\n<li>Comprobante de domicilio<\/li>\n<p>&#13;<\/p>\n<li>Certificado de discapacidad<\/li>\n<p>&#13;<\/p>\n<li>Tel\u00e9fono de celular y casa\u00a0<\/li>\n<p>&#13;\n<\/ul>\n<div class=\"image-align-center\">\n<figure class=\"image\"><img loading=\"lazy\" decoding=\"async\" alt=\"\" height=\"417\" src=\"https:\/\/heraldodemexico.com.mx\/u\/fotografias\/m\/2026\/3\/20\/f768x1-1261582_1261709_5050.png\" width=\"768\"\/>&#13;<figcaption>Documentos para registrarse a la Pensi\u00f3n Discapacidad \/ FOTO: Secretar\u00eda del Bienestar<\/figcaption>&#13;<br \/>\n<\/figure>\n<\/div>\n<h2>\u00bfQu\u00e9 estados pueden registrarse a la\u00a0Pensi\u00f3n\u00a0Discapacidad?<\/h2>\n<p>La secretaria del Bienestar inform\u00f3 que <strong>para<\/strong> <strong>todos los Pueblos Ind\u00edgenas<\/strong> que <strong>residen en nuestro pa\u00eds<\/strong> est\u00e1 <strong>disponible el Registro Universal de la Pensi\u00f3n para Personas con\u00a0Discapacidad\u00a0<\/strong>en los <strong>32 estados de la Rep\u00fablica Mexicana<\/strong>.<\/p>\n<p>A su vez, est\u00e1 <strong>disponible el registro para todas las personas de 0 a 64 a\u00f1os de edad<\/strong> que <strong>residen en los estados <\/strong>con los cuales se tiene <strong>convenio de universalidad<\/strong>, como son los siguientes:<\/p>\n<ul>&#13;<\/p>\n<li>Baja California<\/li>\n<p>&#13;<\/p>\n<li>Baja California Sur<\/li>\n<p>&#13;<\/p>\n<li>Campeche<\/li>\n<p>&#13;<\/p>\n<li>Chiapas<\/li>\n<p>&#13;<\/p>\n<li>Colima<\/li>\n<p>&#13;<\/p>\n<li>Ciudad de M\u00e9xico<\/li>\n<p>&#13;<\/p>\n<li>Guerrero<\/li>\n<p>&#13;<\/p>\n<li>Hidalgo<\/li>\n<p>&#13;<\/p>\n<li>Estado de M\u00e9xico<\/li>\n<p>&#13;<\/p>\n<li>Michoac\u00e1n<\/li>\n<p>&#13;<\/p>\n<li>Morelos<\/li>\n<p>&#13;<\/p>\n<li>Nayarit<\/li>\n<p>&#13;<\/p>\n<li>Oaxaca<\/li>\n<p>&#13;<\/p>\n<li>Puebla<\/li>\n<p>&#13;<\/p>\n<li>Quintana Roo<\/li>\n<p>&#13;<\/p>\n<li>San Luis Potos\u00ed<\/li>\n<p>&#13;<\/p>\n<li>Sinaloa<\/li>\n<p>&#13;<\/p>\n<li>Sonora<\/li>\n<p>&#13;<\/p>\n<li>Tabasco<\/li>\n<p>&#13;<\/p>\n<li>Tamaulioas<\/li>\n<p>&#13;<\/p>\n<li>Tlaxcala<\/li>\n<p>&#13;<\/p>\n<li>Veracri<\/li>\n<p>&#13;<\/p>\n<li>Yucat\u00e1n<\/li>\n<p>&#13;<\/p>\n<li>Zacatecas<\/li>\n<p>&#13;\n<\/ul>\n<p>Finalmente, en los estados de <strong>Aguascalientes, Coahuila, Chihuahua, Durango, Guanajuato, Jalisco, Nuevo Le\u00f3n y Quer\u00e9taro<\/strong>\u00a0el registro a la Pensi\u00f3n Bienestar para las Personas con Discapacidad <strong>solo est\u00e1 disponible\u00a0para personas<\/strong> <strong>de 0 a 29 a\u00f1os de edad<\/strong>.<\/p>\n<p>\u00a0<\/p>\n<\/p><\/div>\n<\/p><\/div>\n<p><script>\n    !function(f,b,e,v,n,t,s)\n    {if(f.fbq)return;n=f.fbq=function(){n.callMethod?\n    n.callMethod.apply(n,arguments):n.queue.push(arguments)};\n    if(!f._fbq)f._fbq=n;n.push=n;n.loaded=!0;n.version='2.0';\n    n.queue=[];t=b.createElement(e);t.async=!0;\n    t.src=v;s=b.getElementsByTagName(e)[0];\n    s.parentNode.insertBefore(t,s)}(window, document,'script',\n    'https:\/\/connect.facebook.net\/en_US\/fbevents.js');\n    fbq('init', '237927003583820');\n    fbq('track', 'PageView');\n  <\/script><script>\n    !function(f,b,e,v,n,t,s)\n    {if(f.fbq)return;n=f.fbq=function(){n.callMethod?\n    n.callMethod.apply(n,arguments):n.queue.push(arguments)};\n    if(!f._fbq)f._fbq=n;n.push=n;n.loaded=!0;n.version='2.0';\n    n.queue=[];t=b.createElement(e);t.async=!0;\n    t.src=v;s=b.getElementsByTagName(e)[0];\n    s.parentNode.insertBefore(t,s)}(window, document,'script',\n    'https:\/\/connect.facebook.net\/en_US\/fbevents.js');\n    fbq('init', '802372280934901');\n    fbq('track', 'PageView');\n    <\/script><br \/>\n<br \/><\/p>\n","protected":false},"excerpt":{"rendered":"<p>La titular de la Secretar\u00eda del Bienestar\u00a0encabezada Ariadna Montiel Reyes\u00a0anunci\u00f3 que pr\u00f3ximamente habr\u00e1\u00a0nuevas fechas de registro para la Pensi\u00f3n para el Bienestar de las Personas con Discapacidad. Ser\u00e1 del lunes 23 de marzo y hasta el domingo 29 de marzo cuando estar\u00e1n disponibles las inscripciones a este programa del Gobierno Federal que otorga un monto [&hellip;]<\/p>\n","protected":false},"author":2,"featured_media":3540,"comment_status":"","ping_status":"","sticky":false,"template":"","format":"standard","meta":{"footnotes":""},"categories":[2],"tags":[],"class_list":["post-3539","post","type-post","status-publish","format-standard","has-post-thumbnail","hentry","category-local"],"_links":{"self":[{"href":"https:\/\/conexion-mx.com\/index.php?rest_route=\/wp\/v2\/posts\/3539","targetHints":{"allow":["GET"]}}],"collection":[{"href":"https:\/\/conexion-mx.com\/index.php?rest_route=\/wp\/v2\/posts"}],"about":[{"href":"https:\/\/conexion-mx.com\/index.php?rest_route=\/wp\/v2\/types\/post"}],"author":[{"embeddable":true,"href":"https:\/\/conexion-mx.com\/index.php?rest_route=\/wp\/v2\/users\/2"}],"replies":[{"embeddable":true,"href":"https:\/\/conexion-mx.com\/index.php?rest_route=%2Fwp%2Fv2%2Fcomments&post=3539"}],"version-history":[{"count":0,"href":"https:\/\/conexion-mx.com\/index.php?rest_route=\/wp\/v2\/posts\/3539\/revisions"}],"wp:featuredmedia":[{"embeddable":true,"href":"https:\/\/conexion-mx.com\/index.php?rest_route=\/wp\/v2\/media\/3540"}],"wp:attachment":[{"href":"https:\/\/conexion-mx.com\/index.php?rest_route=%2Fwp%2Fv2%2Fmedia&parent=3539"}],"wp:term":[{"taxonomy":"category","embeddable":true,"href":"https:\/\/conexion-mx.com\/index.php?rest_route=%2Fwp%2Fv2%2Fcategories&post=3539"},{"taxonomy":"post_tag","embeddable":true,"href":"https:\/\/conexion-mx.com\/index.php?rest_route=%2Fwp%2Fv2%2Ftags&post=3539"}],"curies":[{"name":"wp","href":"https:\/\/api.w.org\/{rel}","templated":true}]}}