{"id":3549,"date":"2026-03-22T01:44:11","date_gmt":"2026-03-22T06:44:11","guid":{"rendered":"https:\/\/conexion-mx.com\/?p=3549"},"modified":"2026-03-22T01:44:11","modified_gmt":"2026-03-22T06:44:11","slug":"flagelantes-encruzados-y-animas-por-que-la-gente-de-taxco-se-golpea-y-castiga-en-las-calles-durante-santa-santa","status":"publish","type":"post","link":"https:\/\/conexion-mx.com\/?p=3549","title":{"rendered":"Flagelantes, encruzados y \u00e1nimas: \u00bfpor qu\u00e9 la gente de Taxco se golpea y castiga en las calles durante Santa Santa?"},"content":{"rendered":"<p> <br \/>\n<\/p>\n<div itemprop=\"articleBody\">\n<div class=\"txt_contenido\">\n<p>En el municipio de Taxco de Alarc\u00f3n, Guerrero, la conmemoraci\u00f3n de la <strong>Semana Santa<\/strong> se distingue por la presencia de procesiones donde participan hombres o mujeres bajo <strong>votos de silencio y sacrificio f\u00edsico<\/strong>. Las agrupaciones de penitentes, divididas en las categor\u00edas de <strong>flagelantes, encruzados y \u00e1nimas<\/strong>, recorren las calles empedradas como una manifestaci\u00f3n de fe, pero tambi\u00e9n de\u00a0arrepentimiento. Esta tradici\u00f3n surge en el siglo XVII y perdura como un legado del periodo virreinal, en el cual el castigo corporal se establece como un m\u00e9todo de purificaci\u00f3n de las culpas ante la deidad.<\/p>\n<p>Los <strong>encruzados<\/strong> cargan sobre sus hombros <strong>rollos de zarzas con espinas<\/strong>, cuyo peso alcanza los <strong>cincuenta kilogramos<\/strong>. Los hombres caminan descalzos y con el torso descubierto, sujetando el fardo con los brazos extendidos en forma de cruz. Por su parte, los <strong>flagelantes<\/strong> portan una <strong>cruz de madera<\/strong> y un <strong>l\u00e1tigo con puntas met\u00e1licas<\/strong> con el cual <strong>golpean su espalda<\/strong> durante el trayecto, provocando sangrado en la piel. Las \u00e1nimas, integradas por mujeres, avanzan <strong>encadenadas de los tobillos<\/strong> y <strong>cargan cruces o cirios<\/strong>, inclinando el cuerpo hacia adelante en <strong>se\u00f1al de humildad<\/strong>.<\/p>\n<aside class=\"htmlinline\"\/>\n<h2>\u00bfQu\u00e9 motiva\u00a0la autoflagelaci\u00f3n?<\/h2>\n<p>La raz\u00f3n principal del <strong>castigo<\/strong> radica en el cumplimiento de una <strong>manda o promesa<\/strong> realizada a una <strong>figura religiosa<\/strong>. Los participantes consideran que el <strong>dolor f\u00edsico<\/strong> funciona como una v\u00eda para <strong>obtener el perd\u00f3n de faltas cometidas<\/strong> o para solicitar la <strong>intervenci\u00f3n divina en problemas de salud y familiares<\/strong>. Cada integrante de las hermandades oculta su rostro con un capuz negro para preservar el anonimato, pues la doctrina dicta que el sacrificio debe carecer de vanidad, realizarse \u00fanicamente entre el individuo y su creencia.<\/p>\n<p>El ambiente en las calles de Taxco durante estas procesiones se caracteriza por el sonido de las <strong>cadenas que arrastran<\/strong> las mujeres y el <strong>golpe r\u00edtmico de los l\u00e1tigos<\/strong> contra el cuerpo de los varones. Los presentes observan el paso de las im\u00e1genes religiosas que escoltan a los penitentes en su camino hacia los <strong>templos de la ciudad<\/strong>. Los gu\u00edas locales mencionan que la preparaci\u00f3n para estos actos inicia <strong>meses antes<\/strong>, con <strong>ayunos u oraciones<\/strong> que fortalecen la voluntad de quienes deciden someterse a las pruebas de resistencia.<\/p>\n<h2>La tradici\u00f3n de Semana Santa en Taxco<\/h2>\n<p>A pesar de la intensidad de las im\u00e1genes, la pr\u00e1ctica cuenta con el <strong>respaldo de las autoridades eclesi\u00e1sticas y civiles<\/strong> como parte del <strong>patrimonio cultural del estado<\/strong>. La Semana Santa en Taxco atrae a personas de <strong>diversas regiones<\/strong> que buscan presenciar una de las celebraciones m\u00e1s estrictas del pa\u00eds. Los servicios de salud locales mantienen guardias durante los recorridos para atender a los participantes que presentan <strong>deshidrataci\u00f3n o heridas derivadas del esfuerzo f\u00edsico<\/strong>, garantizando la continuidad de los ritos sin incidentes que pongan en riesgo la vida.<\/p>\n<\/p><\/div>\n<\/p><\/div>\n<p><script>\n    !function(f,b,e,v,n,t,s)\n    {if(f.fbq)return;n=f.fbq=function(){n.callMethod?\n    n.callMethod.apply(n,arguments):n.queue.push(arguments)};\n    if(!f._fbq)f._fbq=n;n.push=n;n.loaded=!0;n.version='2.0';\n    n.queue=[];t=b.createElement(e);t.async=!0;\n    t.src=v;s=b.getElementsByTagName(e)[0];\n    s.parentNode.insertBefore(t,s)}(window, document,'script',\n    'https:\/\/connect.facebook.net\/en_US\/fbevents.js');\n    fbq('init', '237927003583820');\n    fbq('track', 'PageView');\n  <\/script><script>\n    !function(f,b,e,v,n,t,s)\n    {if(f.fbq)return;n=f.fbq=function(){n.callMethod?\n    n.callMethod.apply(n,arguments):n.queue.push(arguments)};\n    if(!f._fbq)f._fbq=n;n.push=n;n.loaded=!0;n.version='2.0';\n    n.queue=[];t=b.createElement(e);t.async=!0;\n    t.src=v;s=b.getElementsByTagName(e)[0];\n    s.parentNode.insertBefore(t,s)}(window, document,'script',\n    'https:\/\/connect.facebook.net\/en_US\/fbevents.js');\n    fbq('init', '775201487065840');\n    fbq('track', 'PageView');\n    <\/script><br \/>\n<br \/><\/p>\n","protected":false},"excerpt":{"rendered":"<p>En el municipio de Taxco de Alarc\u00f3n, Guerrero, la conmemoraci\u00f3n de la Semana Santa se distingue por la presencia de procesiones donde participan hombres o mujeres bajo votos de silencio y sacrificio f\u00edsico. Las agrupaciones de penitentes, divididas en las categor\u00edas de flagelantes, encruzados y \u00e1nimas, recorren las calles empedradas como una manifestaci\u00f3n de fe, [&hellip;]<\/p>\n","protected":false},"author":3,"featured_media":3550,"comment_status":"","ping_status":"","sticky":false,"template":"","format":"standard","meta":{"footnotes":""},"categories":[35],"tags":[],"class_list":["post-3549","post","type-post","status-publish","format-standard","has-post-thumbnail","hentry","category-espectaculos"],"_links":{"self":[{"href":"https:\/\/conexion-mx.com\/index.php?rest_route=\/wp\/v2\/posts\/3549","targetHints":{"allow":["GET"]}}],"collection":[{"href":"https:\/\/conexion-mx.com\/index.php?rest_route=\/wp\/v2\/posts"}],"about":[{"href":"https:\/\/conexion-mx.com\/index.php?rest_route=\/wp\/v2\/types\/post"}],"author":[{"embeddable":true,"href":"https:\/\/conexion-mx.com\/index.php?rest_route=\/wp\/v2\/users\/3"}],"replies":[{"embeddable":true,"href":"https:\/\/conexion-mx.com\/index.php?rest_route=%2Fwp%2Fv2%2Fcomments&post=3549"}],"version-history":[{"count":0,"href":"https:\/\/conexion-mx.com\/index.php?rest_route=\/wp\/v2\/posts\/3549\/revisions"}],"wp:featuredmedia":[{"embeddable":true,"href":"https:\/\/conexion-mx.com\/index.php?rest_route=\/wp\/v2\/media\/3550"}],"wp:attachment":[{"href":"https:\/\/conexion-mx.com\/index.php?rest_route=%2Fwp%2Fv2%2Fmedia&parent=3549"}],"wp:term":[{"taxonomy":"category","embeddable":true,"href":"https:\/\/conexion-mx.com\/index.php?rest_route=%2Fwp%2Fv2%2Fcategories&post=3549"},{"taxonomy":"post_tag","embeddable":true,"href":"https:\/\/conexion-mx.com\/index.php?rest_route=%2Fwp%2Fv2%2Ftags&post=3549"}],"curies":[{"name":"wp","href":"https:\/\/api.w.org\/{rel}","templated":true}]}}