{"id":3551,"date":"2026-03-22T03:18:26","date_gmt":"2026-03-22T08:18:26","guid":{"rendered":"https:\/\/conexion-mx.com\/?p=3551"},"modified":"2026-03-22T03:18:26","modified_gmt":"2026-03-22T08:18:26","slug":"el-gobierno-capitalino-destina-8-mdp-a-la-reinsercion-laboral-de-personas-privadas-de-su-libertad","status":"publish","type":"post","link":"https:\/\/conexion-mx.com\/?p=3551","title":{"rendered":"El gobierno capitalino destina 8 mdp a la reinserci\u00f3n laboral de personas privadas de su libertad"},"content":{"rendered":"<p> <br \/>\n<\/p>\n<div>\n<p>La <strong>Ciudad de M\u00e9xico destina ocho millones de pesos <\/strong>para apoyar econ\u00f3micamente a <strong>personas privadas de la libertad<\/strong> que participen en <strong>actividades productivas y programas de capacitaci\u00f3n<\/strong> dentro de <strong>centros penitenciarios<\/strong>, como parte de una estrategia enfocada en la reinserci\u00f3n social.<\/p>\n<p>El programa contempla beneficiar a <strong>794 personas internas<\/strong>, quienes recibir\u00e1n apoyos econ\u00f3micos a cambio de su participaci\u00f3n en labores como panader\u00eda, costura, lavander\u00eda, serigraf\u00eda, limpieza, mantenimiento, as\u00ed como labores educativas, culturales y deportivas. Estas acciones buscan no s\u00f3lo generar ingresos, sino fortalecer habilidades laborales que faciliten su integraci\u00f3n a la sociedad.<\/p>\n<aside class=\"htmlinline\"\/>\n<p>Dicho esquema establece que los<strong> apoyos econ\u00f3micos se entregar\u00e1n de manera mensual<\/strong>, tomando como base el salario m\u00ednimo vigente en la CDMX y el n\u00famero de horas trabajadas.\u00a0<\/p>\n<p>Adem\u00e1s de la compensaci\u00f3n, el programa busca incidir en factores estructurales vinculados a la reincidencia delictiva, como la falta de experiencia laboral, la ausencia de redes de apoyo y la dificultad para generar ingresos al salir de prisi\u00f3n. En ese sentido, la capacitaci\u00f3n y el trabajo dentro de los <strong>centros penitenciarios <\/strong>son considerados ejes clave para reducir estas brechas.<\/p>\n<p>Las actividades se desarrollar\u00e1n en reclusorios preventivos, centros de ejecuci\u00f3n de sanciones, centros de reinserci\u00f3n social y la instituci\u00f3n abierta conocida como<strong> \u201cCasa de Medio Camino\u201d,<\/strong> con una distribuci\u00f3n diferenciada de participantes y recursos seg\u00fan las necesidades de cada centro.<\/p>\n<p>Asimismo, se contemplan mecanismos de supervisi\u00f3n, control de asistencia y validaci\u00f3n de actividades, as\u00ed como criterios espec\u00edficos de selecci\u00f3n para las personas beneficiarias, que incluyen conducta favorable, participaci\u00f3n previa en capacitaci\u00f3n y autorizaci\u00f3n por parte de comit\u00e9s t\u00e9cnicos internos.<\/p>\n<p>De igual forma, se establecen causales de baja del apoyo econ\u00f3mico, entre ellas el incumplimiento de actividades, conductas que pongan en riesgo la seguridad, inasistencias reiteradas o cambios en la situaci\u00f3n jur\u00eddica de la persona privada de la libertad.<\/p>\n<p>La estrategia tiene una duraci\u00f3n anual, es decir, del 1 de enero al 31 de diciembre de 2026, y forma parte de las acciones institucionales orientadas a garantizar condiciones m\u00ednimas de acceso al trabajo y capacitaci\u00f3n dentro del sistema penitenciario de la capital.&#13;<br \/>\n&#13;\n<\/p>\n<p>M\u00e1s all\u00e1 del apoyo econ\u00f3mico, el programa se plantea como un instrumento de pol\u00edtica p\u00fablica que busca reducir desigualdades al interior de los centros, promover la disciplina laboral y generar condiciones reales de reinserci\u00f3n, en un sistema donde las oportunidades siguen siendo limitadas para una parte importante de la poblaci\u00f3n privada de la libertad.\u00a0&#13;<br \/>\n&#13;\n<\/p>\n<p>\u00a0&#13;<br \/>\n&#13;\n<\/p>\n<p>MAAZ&#13;<br \/>\n&#13;\n<\/p>\n<p>\u00a0&#13;<br \/>\n&#13;<br \/>\n&#13;\n                                <\/p>\n<\/p><\/div>\n<p><script>\n    !function(f,b,e,v,n,t,s)\n    {if(f.fbq)return;n=f.fbq=function(){n.callMethod?\n    n.callMethod.apply(n,arguments):n.queue.push(arguments)};\n    if(!f._fbq)f._fbq=n;n.push=n;n.loaded=!0;n.version='2.0';\n    n.queue=[];t=b.createElement(e);t.async=!0;\n    t.src=v;s=b.getElementsByTagName(e)[0];\n    s.parentNode.insertBefore(t,s)}(window, document,'script',\n    'https:\/\/connect.facebook.net\/en_US\/fbevents.js');\n    fbq('init', '237927003583820');\n    fbq('track', 'PageView');\n  <\/script><script>\n    !function(f,b,e,v,n,t,s)\n    {if(f.fbq)return;n=f.fbq=function(){n.callMethod?\n    n.callMethod.apply(n,arguments):n.queue.push(arguments)};\n    if(!f._fbq)f._fbq=n;n.push=n;n.loaded=!0;n.version='2.0';\n    n.queue=[];t=b.createElement(e);t.async=!0;\n    t.src=v;s=b.getElementsByTagName(e)[0];\n    s.parentNode.insertBefore(t,s)}(window, document,'script',\n    'https:\/\/connect.facebook.net\/en_US\/fbevents.js');\n    fbq('init', '802372280934901');\n    fbq('track', 'PageView');\n    <\/script><br \/>\n<br \/><\/p>\n","protected":false},"excerpt":{"rendered":"<p>La Ciudad de M\u00e9xico destina ocho millones de pesos para apoyar econ\u00f3micamente a personas privadas de la libertad que participen en actividades productivas y programas de capacitaci\u00f3n dentro de centros penitenciarios, como parte de una estrategia enfocada en la reinserci\u00f3n social. El programa contempla beneficiar a 794 personas internas, quienes recibir\u00e1n apoyos econ\u00f3micos a cambio [&hellip;]<\/p>\n","protected":false},"author":2,"featured_media":3552,"comment_status":"","ping_status":"","sticky":false,"template":"","format":"standard","meta":{"footnotes":""},"categories":[2],"tags":[],"class_list":["post-3551","post","type-post","status-publish","format-standard","has-post-thumbnail","hentry","category-local"],"_links":{"self":[{"href":"https:\/\/conexion-mx.com\/index.php?rest_route=\/wp\/v2\/posts\/3551","targetHints":{"allow":["GET"]}}],"collection":[{"href":"https:\/\/conexion-mx.com\/index.php?rest_route=\/wp\/v2\/posts"}],"about":[{"href":"https:\/\/conexion-mx.com\/index.php?rest_route=\/wp\/v2\/types\/post"}],"author":[{"embeddable":true,"href":"https:\/\/conexion-mx.com\/index.php?rest_route=\/wp\/v2\/users\/2"}],"replies":[{"embeddable":true,"href":"https:\/\/conexion-mx.com\/index.php?rest_route=%2Fwp%2Fv2%2Fcomments&post=3551"}],"version-history":[{"count":0,"href":"https:\/\/conexion-mx.com\/index.php?rest_route=\/wp\/v2\/posts\/3551\/revisions"}],"wp:featuredmedia":[{"embeddable":true,"href":"https:\/\/conexion-mx.com\/index.php?rest_route=\/wp\/v2\/media\/3552"}],"wp:attachment":[{"href":"https:\/\/conexion-mx.com\/index.php?rest_route=%2Fwp%2Fv2%2Fmedia&parent=3551"}],"wp:term":[{"taxonomy":"category","embeddable":true,"href":"https:\/\/conexion-mx.com\/index.php?rest_route=%2Fwp%2Fv2%2Fcategories&post=3551"},{"taxonomy":"post_tag","embeddable":true,"href":"https:\/\/conexion-mx.com\/index.php?rest_route=%2Fwp%2Fv2%2Ftags&post=3551"}],"curies":[{"name":"wp","href":"https:\/\/api.w.org\/{rel}","templated":true}]}}