{"id":3553,"date":"2026-03-22T11:38:31","date_gmt":"2026-03-22T16:38:31","guid":{"rendered":"https:\/\/conexion-mx.com\/?p=3553"},"modified":"2026-03-22T11:38:31","modified_gmt":"2026-03-22T16:38:31","slug":"tengo-miedo-por-mi-vida-sahara-rompe-el-silencio-tras-ser-atacada-con-machete-por-su-vecino-al-defender-a-perros","status":"publish","type":"post","link":"https:\/\/conexion-mx.com\/?p=3553","title":{"rendered":"\u00abTengo miedo por mi vida\u201d: Sahara rompe el silencio tras ser atacada con machete por su vecino al defender a perros"},"content":{"rendered":"<p> <br \/>\n<\/p>\n<div>\n<p>Luego de que una mujer, identificada como <strong>Sahara Emilia<\/strong>, resultara <strong>herida<\/strong> tras intentar evitar que un<strong> hombre atacara a varios perros en situaci\u00f3n de calle<\/strong>, se ha pedido apoyo de las autoridades ante el temor de nuevas agresiones.\u00a0El hecho se registr\u00f3 en la colonia Montes de Los Olivos, en la junta auxiliar de San Jer\u00f3nimo Caleras, <strong>Puebla<\/strong>.\u00a0<\/p>\n<p>De acuerdo con testimonios, el hombre <strong>portaba un machete<\/strong> y se encontraba alterado cuando comenz\u00f3 a <strong>amenazar a los animales<\/strong> que estaban en la v\u00eda p\u00fablica. Ante esta situaci\u00f3n, la mujer decidi\u00f3 intervenir, lo que deriv\u00f3 en un <strong>enfrentamiento<\/strong> directo que termin\u00f3 con la <strong>agresi\u00f3n<\/strong>.<\/p>\n<aside class=\"htmlinline\"\/>\n<p>El sujeto reaccion\u00f3 de forma violenta y la atac\u00f3, provoc\u00e1ndole <strong>lesiones<\/strong>, para despu\u00e9s retirarse del lugar. La escena fue captada por c\u00e1maras de seguridad, lo que permiti\u00f3 que el video comenzara a circular en redes sociales, donde r\u00e1pidamente gener\u00f3 atenci\u00f3n.<\/p>\n<p>Tras lo ocurrido, ciudadanos y colectivos dedicados a la defensa de <strong>animales<\/strong> acudieron a las instalaciones de la Fiscal\u00eda General del Estado de <strong>Puebla<\/strong> para exigir que el caso avance y se garantice la seguridad de la v\u00edctima.<\/p>\n<p>Adem\u00e1s, se convoc\u00f3 a una movilizaci\u00f3n en el centro de la ciudad para visibilizar lo sucedido y solicitar justicia, mientras que la propia afectada pidi\u00f3 que la <strong>carpeta de investigaci\u00f3n<\/strong> sea reclasificada como intento de homicidio, ya que actualmente se investiga como lesiones dolosas.<\/p>\n<h2>Sahara pide atenci\u00f3n y teme por su vida<\/h2>\n<figure class=\"image\"><img loading=\"lazy\" decoding=\"async\" alt=\"\" height=\"435\" src=\"https:\/\/heraldodemexico.com.mx\/u\/fotografias\/m\/2025\/3\/9\/f768x1-1096165_1096292_5050.jpg\" width=\"768\"\/>&#13;<figcaption>La mujer fue agredida mientras defend\u00eda a perritos en situaci\u00f3n de calle | Archivo<\/figcaption>&#13;<br \/>\n<\/figure>\n<p>Luego del ataque, <strong>Sahara Emilia<\/strong> ha manifestado preocupaci\u00f3n por su integridad y la de su familia, ya que el presunto <strong>agresor<\/strong> vive en la misma zona, lo que incrementa el temor ante posibles nuevos incidentes En declaraciones p\u00fablicas, la mujer explic\u00f3 que la situaci\u00f3n le ha generado un ambiente de inseguridad constante, ya que considera que no existen condiciones que garanticen su protecci\u00f3n.<\/p>\n<blockquote><p>&#13;<\/p>\n<p>\u201cTengo miedo por mi vida y por la de mi familia, me siento amenazada\u201d, expres\u00f3, al tiempo que reconoci\u00f3 el respaldo que ha recibido por parte de personas que han seguido su caso.<\/p>\n<p>&#13;\n<\/p><\/blockquote>\n<p>Tambi\u00e9n se\u00f1al\u00f3 que acudi\u00f3 a las autoridades para solicitar medidas de resguardo, pero hasta el momento no ha recibido una respuesta concreta que le permita sentirse segura.&#13;<br \/>\n&#13;\n<\/p>\n<p>De acuerdo con su testimonio, el hombre al que identifica como responsable ha tenido conductas conflictivas previamente, situaci\u00f3n que, seg\u00fan dijo, tambi\u00e9n ha sido se\u00f1alada por otras vecinas de la zona. Incluso, mencion\u00f3 que existe al menos otro reporte en el que el mismo sujeto habr\u00eda utilizado un <strong>machete<\/strong> para agredir a otra persona, lo que ya fue denunciado, aunque no se han informado resultados sobre ese caso.&#13;<br \/>\n&#13;\n<\/p>\n<h2>Investigaci\u00f3n en curso mientras crece presi\u00f3n ciudadana<\/h2>\n<figure class=\"image\"><img loading=\"lazy\" decoding=\"async\" alt=\"\" height=\"432\" src=\"https:\/\/heraldodemexico.com.mx\/u\/fotografias\/m\/2022\/1\/18\/f768x1-467461_467588_5050.jpg\" width=\"768\"\/>&#13;<figcaption>La mujer resulto herida en el ataque | Freepik<\/figcaption>&#13;<br \/>\n<\/figure>\n<p>El caso tom\u00f3 mayor relevancia luego de que se difundieran im\u00e1genes del momento de la <strong>agresi\u00f3n<\/strong>, lo que gener\u00f3 m\u00faltiples reacciones en redes sociales debido a la violencia del ataque y al contexto en el que ocurri\u00f3. A partir de ello, usuarios y colectivos han solicitado la localizaci\u00f3n del presunto responsable, mientras que organizaciones enfocadas en la <strong>protecci\u00f3n animal<\/strong> ofrecieron una recompensa de 20,000 pesos a quien proporcione informaci\u00f3n que permita identificarlo&#13;<br \/>\n&#13;\n<\/p>\n<p>Las autoridades informaron que ya se iniciaron las <strong>investigaciones<\/strong> correspondientes y que se trabaja para ubicar al agresor, aunque hasta ahora no se ha confirmado su detenci\u00f3n. En el pa\u00eds, el delito de lesiones contempla sanciones que dependen de la gravedad, pudiendo ir desde sanciones econ\u00f3micas hasta varios <strong>a\u00f1os de prisi\u00f3n<\/strong> en casos donde se pone en riesgo la vida de la v\u00edctima.&#13;<br \/>\n&#13;\n<\/p>\n<p>Por otro lado, el maltrato animal tambi\u00e9n est\u00e1 tipificado en diversas legislaciones estatales, con penas que pueden incluir <strong>c\u00e1rcel<\/strong> y multas, dependiendo de las circunstancias y el nivel de da\u00f1o causado.\u00a0&#13;<br \/>\n&#13;<br \/>\n&#13;\n                                <\/p>\n<\/p><\/div>\n<p><script>\n    !function(f,b,e,v,n,t,s)\n    {if(f.fbq)return;n=f.fbq=function(){n.callMethod?\n    n.callMethod.apply(n,arguments):n.queue.push(arguments)};\n    if(!f._fbq)f._fbq=n;n.push=n;n.loaded=!0;n.version='2.0';\n    n.queue=[];t=b.createElement(e);t.async=!0;\n    t.src=v;s=b.getElementsByTagName(e)[0];\n    s.parentNode.insertBefore(t,s)}(window, document,'script',\n    'https:\/\/connect.facebook.net\/en_US\/fbevents.js');\n    fbq('init', '237927003583820');\n    fbq('track', 'PageView');\n  <\/script><script>\n    !function(f,b,e,v,n,t,s)\n    {if(f.fbq)return;n=f.fbq=function(){n.callMethod?\n    n.callMethod.apply(n,arguments):n.queue.push(arguments)};\n    if(!f._fbq)f._fbq=n;n.push=n;n.loaded=!0;n.version='2.0';\n    n.queue=[];t=b.createElement(e);t.async=!0;\n    t.src=v;s=b.getElementsByTagName(e)[0];\n    s.parentNode.insertBefore(t,s)}(window, document,'script',\n    'https:\/\/connect.facebook.net\/en_US\/fbevents.js');\n    fbq('init', '802372280934901');\n    fbq('track', 'PageView');\n    <\/script><br \/>\n<br \/><\/p>\n","protected":false},"excerpt":{"rendered":"<p>Luego de que una mujer, identificada como Sahara Emilia, resultara herida tras intentar evitar que un hombre atacara a varios perros en situaci\u00f3n de calle, se ha pedido apoyo de las autoridades ante el temor de nuevas agresiones.\u00a0El hecho se registr\u00f3 en la colonia Montes de Los Olivos, en la junta auxiliar de San Jer\u00f3nimo [&hellip;]<\/p>\n","protected":false},"author":2,"featured_media":3554,"comment_status":"","ping_status":"","sticky":false,"template":"","format":"standard","meta":{"footnotes":""},"categories":[2],"tags":[],"class_list":["post-3553","post","type-post","status-publish","format-standard","has-post-thumbnail","hentry","category-local"],"_links":{"self":[{"href":"https:\/\/conexion-mx.com\/index.php?rest_route=\/wp\/v2\/posts\/3553","targetHints":{"allow":["GET"]}}],"collection":[{"href":"https:\/\/conexion-mx.com\/index.php?rest_route=\/wp\/v2\/posts"}],"about":[{"href":"https:\/\/conexion-mx.com\/index.php?rest_route=\/wp\/v2\/types\/post"}],"author":[{"embeddable":true,"href":"https:\/\/conexion-mx.com\/index.php?rest_route=\/wp\/v2\/users\/2"}],"replies":[{"embeddable":true,"href":"https:\/\/conexion-mx.com\/index.php?rest_route=%2Fwp%2Fv2%2Fcomments&post=3553"}],"version-history":[{"count":0,"href":"https:\/\/conexion-mx.com\/index.php?rest_route=\/wp\/v2\/posts\/3553\/revisions"}],"wp:featuredmedia":[{"embeddable":true,"href":"https:\/\/conexion-mx.com\/index.php?rest_route=\/wp\/v2\/media\/3554"}],"wp:attachment":[{"href":"https:\/\/conexion-mx.com\/index.php?rest_route=%2Fwp%2Fv2%2Fmedia&parent=3553"}],"wp:term":[{"taxonomy":"category","embeddable":true,"href":"https:\/\/conexion-mx.com\/index.php?rest_route=%2Fwp%2Fv2%2Fcategories&post=3553"},{"taxonomy":"post_tag","embeddable":true,"href":"https:\/\/conexion-mx.com\/index.php?rest_route=%2Fwp%2Fv2%2Ftags&post=3553"}],"curies":[{"name":"wp","href":"https:\/\/api.w.org\/{rel}","templated":true}]}}