{"id":3555,"date":"2026-03-22T18:30:43","date_gmt":"2026-03-22T23:30:43","guid":{"rendered":"https:\/\/conexion-mx.com\/?p=3555"},"modified":"2026-03-22T18:30:43","modified_gmt":"2026-03-22T23:30:43","slug":"el-ballet-de-kiev-danza-y-resistencia","status":"publish","type":"post","link":"https:\/\/conexion-mx.com\/?p=3555","title":{"rendered":"El Ballet de Kiev, danza y resistencia"},"content":{"rendered":"<p> <br \/>\n<\/p>\n<div>\n<p>Desde el inicio de la<strong> invasi\u00f3n rusa en Ucrania en 2022<\/strong>, el panorama para las<strong> artes esc\u00e9nicas ucranianas <\/strong>cambi\u00f3 radicalmente: teatros cerrados, artistas desplazados y un traslado masivo de talento han marcado el rumbo de compa\u00f1\u00edas como el <strong>Ballet de Kiev,<\/strong> que hoy encuentra en las giras internacionales una v\u00eda de <strong>supervivencia y visibilizaci\u00f3n.<\/strong><\/p>\n<p>En este contexto, el <strong>Ballet de Kiev recorre M\u00e9xico e<\/strong>n medio de uno de los periodos m\u00e1s dif\u00edciles que atraviesa su pa\u00eds.\u00a0<\/p>\n<aside class=\"htmlinline\"\/>\n<p>Tras su destacada presentaci\u00f3n en el <strong>Teatro Metrop\u00f3litan de la Ciudad de M\u00e9xico<\/strong> con\u00a0<strong>El lago de los cisnes,<\/strong> la compa\u00f1\u00eda, bajo la direcci\u00f3n de <strong>Viktor Ishchuk<\/strong>, ha impresionado al p\u00fablico por su virtuosismo t\u00e9cnico y expresivo, convirtiendo cada funci\u00f3n en una manifestaci\u00f3n de identidad frente a la guerra.<\/p>\n<blockquote><p>&#13;<\/p>\n<p>\u201cEs una pena muy grande lo que vive nuestro pa\u00eds. Pero tambi\u00e9n es una oportunidad para decirle al mundo que Ucrania existe, que vive y que seguimos trabajando\u201d, expresa.<\/p>\n<p>&#13;\n<\/p><\/blockquote>\n<p>As\u00ed, la compa\u00f1\u00eda transforma cada escenario en un espacio simb\u00f3lico donde la cultura resiste frente a la devastaci\u00f3n.<\/p>\n<p>\u201cDetr\u00e1s de la armon\u00eda del escenario, la realidad de los artistas es compleja\u201d, dice Ishchuk, quien comparte que muchos de los bailarines han tenido que abandonar Ucrania y establecerse en distintos pa\u00edses europeos, incluido \u00e9l, quien actualmente reside en Espa\u00f1a.\u00a0<\/p>\n<blockquote><p>&#13;<\/p>\n<p>\u201cHa cambiado todo. No podemos regresar a casa por ahora. La distancia, la incertidumbre y la preocupaci\u00f3n constante por nuestro pa\u00eds y nuestras familias forman parte de nuestro d\u00eda a d\u00eda. En este contexto, el arte adquiere una dimensi\u00f3n distinta\u201d, explica.<\/p>\n<p>&#13;\n<\/p><\/blockquote>\n<p>Y comparte, que m\u00e1s all\u00e1 del entretenimiento, en tiempos convulsos el arte se convierte en un lenguaje universal capaz de generar empat\u00eda y conciencia.&#13;<br \/>\n&#13;\n<\/p>\n<blockquote><p>&#13;<\/p>\n<p>\u201cEl ballet, la \u00f3pera, la m\u00fasica, la pintura, no necesitan traducci\u00f3n. Todo el mundo puede entenderlos\u201d, enfatiza.&#13;\n<\/p>\n<\/blockquote>\n<p>Tras su paso por la capital mexicana, la compa\u00f1\u00eda contin\u00faa su gira en Monterrey, Veracruz, M\u00e9rida y Canc\u00fan; adem\u00e1s el director explic\u00f3 que ya contemplan regresar a nuestro pa\u00eds el pr\u00f3ximo a\u00f1o con nuevas producciones, entre ellas\u00a0Don Quijote.\u00a0&#13;<br \/>\n&#13;\n<\/p>\n<blockquote><p>&#13;<\/p>\n<p>\u201cEstar en M\u00e9xico nos provoca mucha alegr\u00eda; el p\u00fablico ha respondido con teatros llenos. Es una fiesta cada funci\u00f3n\u201d, concluye Ishchuk.&#13;\n<\/p>\n<\/blockquote>\n<p>&#13;<br \/>\nFOTOS: CORTES\u00cdA&#13;<br \/>\n&#13;\n<\/p>\n<p>MAAZ&#13;<br \/>\n&#13;\n<\/p>\n<p>\u00a0&#13;<br \/>\n&#13;<br \/>\n&#13;\n                                <\/p>\n<\/p><\/div>\n<p><script>\n    !function(f,b,e,v,n,t,s)\n    {if(f.fbq)return;n=f.fbq=function(){n.callMethod?\n    n.callMethod.apply(n,arguments):n.queue.push(arguments)};\n    if(!f._fbq)f._fbq=n;n.push=n;n.loaded=!0;n.version='2.0';\n    n.queue=[];t=b.createElement(e);t.async=!0;\n    t.src=v;s=b.getElementsByTagName(e)[0];\n    s.parentNode.insertBefore(t,s)}(window, document,'script',\n    'https:\/\/connect.facebook.net\/en_US\/fbevents.js');\n    fbq('init', '237927003583820');\n    fbq('track', 'PageView');\n  <\/script><br \/>\n<br \/><\/p>\n","protected":false},"excerpt":{"rendered":"<p>Desde el inicio de la invasi\u00f3n rusa en Ucrania en 2022, el panorama para las artes esc\u00e9nicas ucranianas cambi\u00f3 radicalmente: teatros cerrados, artistas desplazados y un traslado masivo de talento han marcado el rumbo de compa\u00f1\u00edas como el Ballet de Kiev, que hoy encuentra en las giras internacionales una v\u00eda de supervivencia y visibilizaci\u00f3n. En [&hellip;]<\/p>\n","protected":false},"author":4,"featured_media":3556,"comment_status":"","ping_status":"","sticky":false,"template":"","format":"standard","meta":{"footnotes":""},"categories":[33],"tags":[],"class_list":["post-3555","post","type-post","status-publish","format-standard","has-post-thumbnail","hentry","category-cultura"],"_links":{"self":[{"href":"https:\/\/conexion-mx.com\/index.php?rest_route=\/wp\/v2\/posts\/3555","targetHints":{"allow":["GET"]}}],"collection":[{"href":"https:\/\/conexion-mx.com\/index.php?rest_route=\/wp\/v2\/posts"}],"about":[{"href":"https:\/\/conexion-mx.com\/index.php?rest_route=\/wp\/v2\/types\/post"}],"author":[{"embeddable":true,"href":"https:\/\/conexion-mx.com\/index.php?rest_route=\/wp\/v2\/users\/4"}],"replies":[{"embeddable":true,"href":"https:\/\/conexion-mx.com\/index.php?rest_route=%2Fwp%2Fv2%2Fcomments&post=3555"}],"version-history":[{"count":0,"href":"https:\/\/conexion-mx.com\/index.php?rest_route=\/wp\/v2\/posts\/3555\/revisions"}],"wp:featuredmedia":[{"embeddable":true,"href":"https:\/\/conexion-mx.com\/index.php?rest_route=\/wp\/v2\/media\/3556"}],"wp:attachment":[{"href":"https:\/\/conexion-mx.com\/index.php?rest_route=%2Fwp%2Fv2%2Fmedia&parent=3555"}],"wp:term":[{"taxonomy":"category","embeddable":true,"href":"https:\/\/conexion-mx.com\/index.php?rest_route=%2Fwp%2Fv2%2Fcategories&post=3555"},{"taxonomy":"post_tag","embeddable":true,"href":"https:\/\/conexion-mx.com\/index.php?rest_route=%2Fwp%2Fv2%2Ftags&post=3555"}],"curies":[{"name":"wp","href":"https:\/\/api.w.org\/{rel}","templated":true}]}}