{"id":3557,"date":"2026-03-22T20:30:29","date_gmt":"2026-03-23T01:30:29","guid":{"rendered":"https:\/\/conexion-mx.com\/?p=3557"},"modified":"2026-03-22T20:30:29","modified_gmt":"2026-03-23T01:30:29","slug":"proteccion-civil-de-cdmx-activa-alerta-amarilla-por-fuertes-vientos-en-7-alcaldias-este-domingo","status":"publish","type":"post","link":"https:\/\/conexion-mx.com\/?p=3557","title":{"rendered":"Protecci\u00f3n Civil de CDMX activa alerta amarilla por fuertes vientos en 7 alcald\u00edas este domingo"},"content":{"rendered":"<p> <br \/>\n<\/p>\n<div itemprop=\"articleBody\">\n<div class=\"txt_contenido\">\n<p>La <strong>Secretar\u00eda de Gesti\u00f3n Integral de Riesgos y Protecci\u00f3n Civil <\/strong>(<strong>SGIRPC<\/strong>) de la <strong>Ciudad de M\u00e9xico <\/strong>activ\u00f3 la <strong>alerta amarilla\u00a0<\/strong>por intensificaci\u00f3n de vientos con <strong>rachas fuertes<\/strong> para la tarde del<strong> domingo 22 de marzo de 2026<\/strong> en <strong>7 demarcaciones<\/strong> de la capital del pa\u00eds:<\/p>\n<ul>&#13;<\/p>\n<li>Benito Ju\u00e1rez<\/li>\n<p>&#13;<\/p>\n<li>Coyoac\u00e1n<\/li>\n<p>&#13;<\/p>\n<li>Iztapalapa<\/li>\n<p>&#13;<\/p>\n<li>Milpa Alta<\/li>\n<p>&#13;<\/p>\n<li>Tl\u00e1huac<\/li>\n<p>&#13;<\/p>\n<li>Tlalpan<\/li>\n<p>&#13;<\/p>\n<li>Xochimilco<\/li>\n<p>&#13;\n<\/ul>\n<p>A trav\u00e9s de sus<strong> redes sociales<\/strong>, la dependencia capitalina llam\u00f3 a la poblaci\u00f3n a estar alerta ante la presencia de<strong> vientos fuertes<\/strong> <strong>de 50 a 59 kil\u00f3metros por hora<\/strong>.<\/p>\n<aside class=\"htmlinline\"\/>\n<h2>Alerta por peligros ante las <strong>fuertes rachas<\/strong><\/h2>\n<p>La <strong>SGIRPC <\/strong>envista los siguientes <strong>peligros<\/strong> asociados a la presencia de<strong> vientos<\/strong> con <strong>fuertes rachas<\/strong> en la ciudad:<\/p>\n<ul>&#13;<\/p>\n<li>Ca\u00edda de ramas, \u00e1rboles y lonas.<\/li>\n<p>&#13;<\/p>\n<li>Objetos ca\u00eddos en los caminos y carreteras.<\/li>\n<p>&#13;<\/p>\n<li>Da\u00f1os a inmobiliario urbano o de la vivienda.<\/li>\n<p>&#13;\n<\/ul>\n<div class=\"image-align-center\">\n<figure class=\"image\"><img loading=\"lazy\" decoding=\"async\" alt=\"\" height=\"803\" src=\"https:\/\/heraldodemexico.com.mx\/u\/fotografias\/m\/2026\/3\/22\/f768x1-1262049_1262176_5050.jpeg\" width=\"680\"\/>&#13;<figcaption>Foto:\u00a0SGIRPC<\/figcaption>&#13;<br \/>\n<\/figure>\n<\/div>\n<h2>\u00bfQu\u00e9 hacer en caso de <strong>vientos fuertes<\/strong>?<\/h2>\n<p>Asimismo, la dependencia capitalina sugiri\u00f3 a la poblaci\u00f3n atender las siguientes<strong> recomendaciones<\/strong>:<\/p>\n<ul>&#13;<\/p>\n<li>Guardar o retira objetos del <strong>exterior <\/strong>que puedan caer.<\/li>\n<p>&#13;<\/p>\n<li>Asegurar<strong> techos<\/strong> y <strong>toldos<\/strong> que puedan volarse.<\/li>\n<p>&#13;<\/p>\n<li>Alejarse de <strong>\u00e1rboles, cables de luz <\/strong>o<strong> bardas<\/strong>.<\/li>\n<p>&#13;<\/p>\n<li>Cerrar <strong>puertas <\/strong>y<strong> ventanas <\/strong>que puedan azotarse.<\/li>\n<p>&#13;<\/p>\n<li>No subir a <strong>andamios, azoteas <\/strong>ni <strong>cornisas<\/strong>.<\/li>\n<p>&#13;<\/p>\n<li>Utilizar <strong>cubrebocas<\/strong>.<\/li>\n<p>&#13;<\/p>\n<li>Procurar quedarse en casa, por la posible <strong>ca\u00edda <\/strong>de objetos.<\/li>\n<p>&#13;\n<\/ul>\n<\/p><\/div>\n<\/p><\/div>\n<p><script>\n    !function(f,b,e,v,n,t,s)\n    {if(f.fbq)return;n=f.fbq=function(){n.callMethod?\n    n.callMethod.apply(n,arguments):n.queue.push(arguments)};\n    if(!f._fbq)f._fbq=n;n.push=n;n.loaded=!0;n.version='2.0';\n    n.queue=[];t=b.createElement(e);t.async=!0;\n    t.src=v;s=b.getElementsByTagName(e)[0];\n    s.parentNode.insertBefore(t,s)}(window, document,'script',\n    'https:\/\/connect.facebook.net\/en_US\/fbevents.js');\n    fbq('init', '237927003583820');\n    fbq('track', 'PageView');\n  <\/script><script>\n    !function(f,b,e,v,n,t,s)\n    {if(f.fbq)return;n=f.fbq=function(){n.callMethod?\n    n.callMethod.apply(n,arguments):n.queue.push(arguments)};\n    if(!f._fbq)f._fbq=n;n.push=n;n.loaded=!0;n.version='2.0';\n    n.queue=[];t=b.createElement(e);t.async=!0;\n    t.src=v;s=b.getElementsByTagName(e)[0];\n    s.parentNode.insertBefore(t,s)}(window, document,'script',\n    'https:\/\/connect.facebook.net\/en_US\/fbevents.js');\n    fbq('init', '802372280934901');\n    fbq('track', 'PageView');\n    <\/script><br \/>\n<br \/><\/p>\n","protected":false},"excerpt":{"rendered":"<p>La Secretar\u00eda de Gesti\u00f3n Integral de Riesgos y Protecci\u00f3n Civil (SGIRPC) de la Ciudad de M\u00e9xico activ\u00f3 la alerta amarilla\u00a0por intensificaci\u00f3n de vientos con rachas fuertes para la tarde del domingo 22 de marzo de 2026 en 7 demarcaciones de la capital del pa\u00eds: &#13; Benito Ju\u00e1rez &#13; Coyoac\u00e1n &#13; Iztapalapa &#13; Milpa Alta &#13; [&hellip;]<\/p>\n","protected":false},"author":2,"featured_media":3558,"comment_status":"","ping_status":"","sticky":false,"template":"","format":"standard","meta":{"footnotes":""},"categories":[2],"tags":[],"class_list":["post-3557","post","type-post","status-publish","format-standard","has-post-thumbnail","hentry","category-local"],"_links":{"self":[{"href":"https:\/\/conexion-mx.com\/index.php?rest_route=\/wp\/v2\/posts\/3557","targetHints":{"allow":["GET"]}}],"collection":[{"href":"https:\/\/conexion-mx.com\/index.php?rest_route=\/wp\/v2\/posts"}],"about":[{"href":"https:\/\/conexion-mx.com\/index.php?rest_route=\/wp\/v2\/types\/post"}],"author":[{"embeddable":true,"href":"https:\/\/conexion-mx.com\/index.php?rest_route=\/wp\/v2\/users\/2"}],"replies":[{"embeddable":true,"href":"https:\/\/conexion-mx.com\/index.php?rest_route=%2Fwp%2Fv2%2Fcomments&post=3557"}],"version-history":[{"count":0,"href":"https:\/\/conexion-mx.com\/index.php?rest_route=\/wp\/v2\/posts\/3557\/revisions"}],"wp:featuredmedia":[{"embeddable":true,"href":"https:\/\/conexion-mx.com\/index.php?rest_route=\/wp\/v2\/media\/3558"}],"wp:attachment":[{"href":"https:\/\/conexion-mx.com\/index.php?rest_route=%2Fwp%2Fv2%2Fmedia&parent=3557"}],"wp:term":[{"taxonomy":"category","embeddable":true,"href":"https:\/\/conexion-mx.com\/index.php?rest_route=%2Fwp%2Fv2%2Fcategories&post=3557"},{"taxonomy":"post_tag","embeddable":true,"href":"https:\/\/conexion-mx.com\/index.php?rest_route=%2Fwp%2Fv2%2Ftags&post=3557"}],"curies":[{"name":"wp","href":"https:\/\/api.w.org\/{rel}","templated":true}]}}