{"id":3561,"date":"2026-03-23T04:58:55","date_gmt":"2026-03-23T09:58:55","guid":{"rendered":"https:\/\/conexion-mx.com\/?p=3561"},"modified":"2026-03-23T04:58:55","modified_gmt":"2026-03-23T09:58:55","slug":"desaparecen-7-trabajadores-electricistas-en-carretera-de-san-luis-potosi","status":"publish","type":"post","link":"https:\/\/conexion-mx.com\/?p=3561","title":{"rendered":"Desaparecen 7 trabajadores electricistas en carretera de San Luis Potos\u00ed"},"content":{"rendered":"<p> <br \/>\n<\/p>\n<div itemprop=\"articleBody\">\n<div class=\"txt_contenido\">\n<p>En el municipio de C\u00e1rdenas, <strong>San Luis Potos\u00ed<\/strong>, reportaron como desaparecidos a<strong> 7 trabajadores de electricidad<\/strong> quienes acudieron a realizar sus labores el pasado lunes 16 de marzo\u00a0en la regi\u00f3n del Altiplano y no regresaron. Sus familiares alertaron por su ausencia despu\u00e9s de que partieran a su actividad en grupo.<\/p>\n<p>El \u00faltimo d\u00eda que los vieron salieron en una camioneta\u00a0con equipo, maquinaria y material para realizar algunos trabajos en puntos importantes, por la falta de comunicaci\u00f3n y al tratarse de 7 personas de este sector el grupo de familiares exigen ayuda para localizarlos ante el temor que hayan sido <strong>privados de su libertad.\u00a0<\/strong><\/p>\n<aside class=\"htmlinline\"\/>\n<p>Las edades de los desaparecidos oscilan entre los 20 y los 30 a\u00f1os de edad, ellos usualmente se trasladaban alrededor del estado para realizar trabajos de electricidad.<\/p>\n<aside class=\"relacionadas con-foto linea-1078\"><strong class=\"relacionadas-titulo-gral\">Noticias Relacionadas<\/strong><\/aside>\n<h2>\u00bfQu\u00e9 pas\u00f3 con los electricistas desaparecidos en San Luis Potos\u00ed?<\/h2>\n<p>Fueron vistos por \u00faltima vez en <strong>Matehuala<\/strong>, San Luis Potos\u00ed, y la \u00faltima comunicaci\u00f3n con la familia fue el s\u00e1bado 21 de marzo. Los familiares se han agrupado y coinciden en las horas y el d\u00eda en que dejaron de responder a las llamadas, no tienen rastros de la ubicaci\u00f3n.<\/p>\n<p>Su preocupaci\u00f3n avanz\u00f3 cuando una persona se comunic\u00f3 con ellos para hablarles de que ellos hab\u00edan sido<strong> privados de la libertad<\/strong>, sin embargo al momento no han podido confirmarlo o desconocen la identidad de esta persona.\u00a0<\/p>\n<p>\u201cSolo queremos que regresen con vida\u201d, expresan los familiares.<\/p>\n<p>\u00a0<\/p>\n<\/p><\/div>\n<\/p><\/div>\n<p><script>\n    !function(f,b,e,v,n,t,s)\n    {if(f.fbq)return;n=f.fbq=function(){n.callMethod?\n    n.callMethod.apply(n,arguments):n.queue.push(arguments)};\n    if(!f._fbq)f._fbq=n;n.push=n;n.loaded=!0;n.version='2.0';\n    n.queue=[];t=b.createElement(e);t.async=!0;\n    t.src=v;s=b.getElementsByTagName(e)[0];\n    s.parentNode.insertBefore(t,s)}(window, document,'script',\n    'https:\/\/connect.facebook.net\/en_US\/fbevents.js');\n    fbq('init', '237927003583820');\n    fbq('track', 'PageView');\n  <\/script><script>\n    !function(f,b,e,v,n,t,s)\n    {if(f.fbq)return;n=f.fbq=function(){n.callMethod?\n    n.callMethod.apply(n,arguments):n.queue.push(arguments)};\n    if(!f._fbq)f._fbq=n;n.push=n;n.loaded=!0;n.version='2.0';\n    n.queue=[];t=b.createElement(e);t.async=!0;\n    t.src=v;s=b.getElementsByTagName(e)[0];\n    s.parentNode.insertBefore(t,s)}(window, document,'script',\n    'https:\/\/connect.facebook.net\/en_US\/fbevents.js');\n    fbq('init', '802372280934901');\n    fbq('track', 'PageView');\n    <\/script><br \/>\n<br \/><\/p>\n","protected":false},"excerpt":{"rendered":"<p>En el municipio de C\u00e1rdenas, San Luis Potos\u00ed, reportaron como desaparecidos a 7 trabajadores de electricidad quienes acudieron a realizar sus labores el pasado lunes 16 de marzo\u00a0en la regi\u00f3n del Altiplano y no regresaron. Sus familiares alertaron por su ausencia despu\u00e9s de que partieran a su actividad en grupo. El \u00faltimo d\u00eda que los [&hellip;]<\/p>\n","protected":false},"author":2,"featured_media":3562,"comment_status":"","ping_status":"","sticky":false,"template":"","format":"standard","meta":{"footnotes":""},"categories":[2],"tags":[],"class_list":["post-3561","post","type-post","status-publish","format-standard","has-post-thumbnail","hentry","category-local"],"_links":{"self":[{"href":"https:\/\/conexion-mx.com\/index.php?rest_route=\/wp\/v2\/posts\/3561","targetHints":{"allow":["GET"]}}],"collection":[{"href":"https:\/\/conexion-mx.com\/index.php?rest_route=\/wp\/v2\/posts"}],"about":[{"href":"https:\/\/conexion-mx.com\/index.php?rest_route=\/wp\/v2\/types\/post"}],"author":[{"embeddable":true,"href":"https:\/\/conexion-mx.com\/index.php?rest_route=\/wp\/v2\/users\/2"}],"replies":[{"embeddable":true,"href":"https:\/\/conexion-mx.com\/index.php?rest_route=%2Fwp%2Fv2%2Fcomments&post=3561"}],"version-history":[{"count":0,"href":"https:\/\/conexion-mx.com\/index.php?rest_route=\/wp\/v2\/posts\/3561\/revisions"}],"wp:featuredmedia":[{"embeddable":true,"href":"https:\/\/conexion-mx.com\/index.php?rest_route=\/wp\/v2\/media\/3562"}],"wp:attachment":[{"href":"https:\/\/conexion-mx.com\/index.php?rest_route=%2Fwp%2Fv2%2Fmedia&parent=3561"}],"wp:term":[{"taxonomy":"category","embeddable":true,"href":"https:\/\/conexion-mx.com\/index.php?rest_route=%2Fwp%2Fv2%2Fcategories&post=3561"},{"taxonomy":"post_tag","embeddable":true,"href":"https:\/\/conexion-mx.com\/index.php?rest_route=%2Fwp%2Fv2%2Ftags&post=3561"}],"curies":[{"name":"wp","href":"https:\/\/api.w.org\/{rel}","templated":true}]}}