{"id":3563,"date":"2026-03-23T05:37:34","date_gmt":"2026-03-23T10:37:34","guid":{"rendered":"https:\/\/conexion-mx.com\/?p=3563"},"modified":"2026-03-23T05:37:34","modified_gmt":"2026-03-23T10:37:34","slug":"los-tucanes-de-tijuana-comparten-foto-exclusiva-con-peso-pluma-y-asi-reaccionaron-los-fans","status":"publish","type":"post","link":"https:\/\/conexion-mx.com\/?p=3563","title":{"rendered":"Los Tucanes de Tijuana comparten foto exclusiva con Peso Pluma y as\u00ed reaccionaron los fans"},"content":{"rendered":"<p> <br \/>\n<\/p>\n<div itemprop=\"articleBody\">\n<div class=\"txt_contenido\">\n<p><strong>Los Tucanes de Tijuana<\/strong>, una de las agrupaciones m\u00e1s influyentes del<strong> regional mexicano<\/strong>, volvieron a dar de qu\u00e9 hablar tras compartir una fotograf\u00eda junto a <strong>Peso Pluma<\/strong>, una de las figuras m\u00e1s representativas de la nueva ola de <strong>corridos tumbados<\/strong>. La imagen no pas\u00f3 desapercibida y r\u00e1pidamente gener\u00f3 controversia entre los <strong>fan\u00e1ticos<\/strong>, quienes interpretaron este encuentro como la posible uni\u00f3n de dos generaciones clave dentro del g\u00e9nero.<\/p>\n<p>A trav\u00e9s de<strong> redes sociales<\/strong>, ambas estrellas dejaron ver la buena relaci\u00f3n que existe entre ellos, lo que desat\u00f3 una ola de especulaciones sobre una futura <strong>colaboraci\u00f3n musical<\/strong>. Aunque no hay nada confirmado, la simple interacci\u00f3n bast\u00f3 para que los seguidores comenzaran a imaginar c\u00f3mo sonar\u00eda una canci\u00f3n que combine la esencia cl\u00e1sica de<strong> Los Tucanes <\/strong>con el estilo moderno de<strong> Peso Pluma<\/strong>.<\/p>\n<aside class=\"htmlinline\"\/>\n<figure class=\"image\"><img loading=\"lazy\" decoding=\"async\" alt=\"\" height=\"373\" src=\"https:\/\/heraldodemexico.com.mx\/u\/fotografias\/m\/2026\/3\/22\/f768x1-1262134_1262261_5050.png\" width=\"768\"\/>&#13;<figcaption>La fotograf\u00eda en la que aparecen los famosos. Foto IG\/lostucanesdetijuana<\/figcaption>&#13;<br \/>\n<\/figure>\n<h2>\u00bfQu\u00e9 pas\u00f3 con Peso Pluma y Los Tucanes de Tijuana?<\/h2>\n<p>El encuentro entre<strong> Hassan Emilio Kabande Laija<\/strong>, nombre real de <strong>Peso Pluma<\/strong>, y la agrupaci\u00f3n liderada por<strong> Mario Quintero<\/strong> ocurri\u00f3 en California, donde el joven cantante ofreci\u00f3 un evento. Durante la presentaci\u00f3n,<strong> Los Tucanes de Tijuana<\/strong> fueron invitados especiales, lo que permiti\u00f3 que ambos proyectos coincidieran y compartieran un momento que qued\u00f3 inmortalizado en varias fotograf\u00edas.<\/p>\n<aside class=\"relacionadas con-foto linea-1078\"><strong class=\"relacionadas-titulo-gral\">Noticias Relacionadas<\/strong><\/aside>\n<p>Fue precisamente desde la cuenta oficial de la agrupaci\u00f3n donde se public\u00f3 una de las im\u00e1genes m\u00e1s comentadas, en la que se observa a <strong>Peso Pluma <\/strong>saludando a<strong> Mario Quintero<\/strong>. La publicaci\u00f3n fue acompa\u00f1ada por la frase \u201c\u00bfQu\u00e9 nombre le pondr\u00edas a esta foto?\u201d, lo que incentiv\u00f3 a\u00fan m\u00e1s la participaci\u00f3n de los seguidores. Entre los comentarios destac\u00f3 la creatividad de los fans, quienes incluso comenzaron a proponer t\u00edtulos.<\/p>\n<blockquote><p>&#13;<\/p>\n<ul>&#13;<\/p>\n<li>Leyendas\u00a0<\/li>\n<p>&#13;<\/p>\n<li>Bailemos con el tuca tuca<\/li>\n<p>&#13;<\/p>\n<li>Tucanes Pesados<\/li>\n<p>&#13;<\/p>\n<li>Cuando te encuentras al jefe<\/li>\n<p>&#13;<\/p>\n<li>uni\u00f3n de generaciones<\/li>\n<p>&#13;<\/p>\n<li>El pap\u00e1 de los pollitos y el pollito\u00a0<\/li>\n<p>&#13;<\/p>\n<li>Los agradecidos<\/li>\n<p>&#13;<\/p>\n<li>Peso tucan<\/li>\n<p>&#13;<\/p>\n<li>El peso de los tucanes<\/li>\n<p>&#13;\n<\/ul>\n<p>&#13;\n<\/p><\/blockquote>\n<h2>\u00bfHabr\u00e1 colaboraci\u00f3n entre Peso Pluma y Los Tucanes de Tijuana?<\/h2>\n<p>A pesar del entusiasmo generado, hasta el momento ninguno de los artistas ha confirmado planes de colaboraci\u00f3n. Sin embargo, los comentarios en redes sociales reflejan el inter\u00e9s del p\u00fablico por verlos trabajar juntos en un<strong> proyecto musical <\/strong>que podr\u00eda marcar un momento importante dentro del g\u00e9nero.<\/p>\n<p>Cabe destacar que tanto <strong>Los Tucanes de Tijuana <\/strong>como <strong>Peso Pluma<\/strong> cuentan con una base s\u00f3lida de seguidores, quienes se mantienen atentos a cada paso de sus <strong>carreras<\/strong>. En caso de concretarse una <strong>colaboraci\u00f3n<\/strong>, todo apunta a que ser\u00eda bien recibida y tendr\u00eda un impacto significativo, tal como ha ocurrido con otros \u00e9xitos que han alcanzado millones de reproducciones en plataformas digitales.<\/p>\n<\/p><\/div>\n<\/p><\/div>\n<p><script>\n    !function(f,b,e,v,n,t,s)\n    {if(f.fbq)return;n=f.fbq=function(){n.callMethod?\n    n.callMethod.apply(n,arguments):n.queue.push(arguments)};\n    if(!f._fbq)f._fbq=n;n.push=n;n.loaded=!0;n.version='2.0';\n    n.queue=[];t=b.createElement(e);t.async=!0;\n    t.src=v;s=b.getElementsByTagName(e)[0];\n    s.parentNode.insertBefore(t,s)}(window, document,'script',\n    'https:\/\/connect.facebook.net\/en_US\/fbevents.js');\n    fbq('init', '237927003583820');\n    fbq('track', 'PageView');\n  <\/script><script>\n    !function(f,b,e,v,n,t,s)\n    {if(f.fbq)return;n=f.fbq=function(){n.callMethod?\n    n.callMethod.apply(n,arguments):n.queue.push(arguments)};\n    if(!f._fbq)f._fbq=n;n.push=n;n.loaded=!0;n.version='2.0';\n    n.queue=[];t=b.createElement(e);t.async=!0;\n    t.src=v;s=b.getElementsByTagName(e)[0];\n    s.parentNode.insertBefore(t,s)}(window, document,'script',\n    'https:\/\/connect.facebook.net\/en_US\/fbevents.js');\n    fbq('init', '775201487065840');\n    fbq('track', 'PageView');\n    <\/script><br \/>\n<br \/><\/p>\n","protected":false},"excerpt":{"rendered":"<p>Los Tucanes de Tijuana, una de las agrupaciones m\u00e1s influyentes del regional mexicano, volvieron a dar de qu\u00e9 hablar tras compartir una fotograf\u00eda junto a Peso Pluma, una de las figuras m\u00e1s representativas de la nueva ola de corridos tumbados. La imagen no pas\u00f3 desapercibida y r\u00e1pidamente gener\u00f3 controversia entre los fan\u00e1ticos, quienes interpretaron este [&hellip;]<\/p>\n","protected":false},"author":3,"featured_media":3564,"comment_status":"","ping_status":"","sticky":false,"template":"","format":"standard","meta":{"footnotes":""},"categories":[35],"tags":[],"class_list":["post-3563","post","type-post","status-publish","format-standard","has-post-thumbnail","hentry","category-espectaculos"],"_links":{"self":[{"href":"https:\/\/conexion-mx.com\/index.php?rest_route=\/wp\/v2\/posts\/3563","targetHints":{"allow":["GET"]}}],"collection":[{"href":"https:\/\/conexion-mx.com\/index.php?rest_route=\/wp\/v2\/posts"}],"about":[{"href":"https:\/\/conexion-mx.com\/index.php?rest_route=\/wp\/v2\/types\/post"}],"author":[{"embeddable":true,"href":"https:\/\/conexion-mx.com\/index.php?rest_route=\/wp\/v2\/users\/3"}],"replies":[{"embeddable":true,"href":"https:\/\/conexion-mx.com\/index.php?rest_route=%2Fwp%2Fv2%2Fcomments&post=3563"}],"version-history":[{"count":0,"href":"https:\/\/conexion-mx.com\/index.php?rest_route=\/wp\/v2\/posts\/3563\/revisions"}],"wp:featuredmedia":[{"embeddable":true,"href":"https:\/\/conexion-mx.com\/index.php?rest_route=\/wp\/v2\/media\/3564"}],"wp:attachment":[{"href":"https:\/\/conexion-mx.com\/index.php?rest_route=%2Fwp%2Fv2%2Fmedia&parent=3563"}],"wp:term":[{"taxonomy":"category","embeddable":true,"href":"https:\/\/conexion-mx.com\/index.php?rest_route=%2Fwp%2Fv2%2Fcategories&post=3563"},{"taxonomy":"post_tag","embeddable":true,"href":"https:\/\/conexion-mx.com\/index.php?rest_route=%2Fwp%2Fv2%2Ftags&post=3563"}],"curies":[{"name":"wp","href":"https:\/\/api.w.org\/{rel}","templated":true}]}}