{"id":3567,"date":"2026-03-23T21:46:47","date_gmt":"2026-03-24T02:46:47","guid":{"rendered":"https:\/\/conexion-mx.com\/?p=3567"},"modified":"2026-03-23T21:46:47","modified_gmt":"2026-03-24T02:46:47","slug":"gobierno-de-cdmx-inaugura-exposicion-solo-la-luz-primavera","status":"publish","type":"post","link":"https:\/\/conexion-mx.com\/?p=3567","title":{"rendered":"Gobierno de CDMX inaugura exposici\u00f3n \u00abSolo la luz, primavera\u00bb"},"content":{"rendered":"<p> <br \/>\n<\/p>\n<div>\n<p>En tiempos oscuros de odio, violencia y guerra, la luz es un mensaje profundo para que brille m\u00e1s la fuerza de la Ciudad de M\u00e9xico, asever\u00f3 la jefa de Gobierno, <strong>Clara Brugada Molina,<\/strong> al inaugurar la exposici\u00f3n \u201c<strong>Solo la Luz, Primavera\u201d<\/strong>, impulsada por Philips.\u00a0<\/p>\n<p>En el acto realizado desde <strong>Paseo de la Reforma<\/strong>, la mandataria capitalina, quien estuvo acompa\u00f1ada de los representantes de la exposici\u00f3n, enfatiz\u00f3 que el gobierno que encabeza busca que la capital tenga justicia social y democracia.\u00a0<\/p>\n<aside class=\"htmlinline\"\/>\n<blockquote><p>&#13;<\/p>\n<p>\u201cUna ciudad donde hace posible la cultura para todas y todos y que abraza el arte y que tambi\u00e9n celebra el talento. Cuando iluminamos nuestras calles, tambi\u00e9n iluminamos nuestras vidas. Y cuando llenamos de arte los espacios p\u00fablicos, tambi\u00e9n sembramos comunidad. Y eso es lo que queremos. Nosotros creemos en el poder de la cultura y el arte para <strong>construir paz. <\/strong>Creemos en el arte como un instrumento muy fuerte para construir convivencia. As\u00ed que hoy la Ciudad de M\u00e9xico le dice al mundo: aqu\u00ed estamos. Una ciudad viva, pluricultural, vibrante, cosmopolita. Una capital, la capital cultural de Am\u00e9rica, epicentro de grandes espect\u00e1culos y eventos art\u00edsticos tambi\u00e9n de talla internacional\u201d, dijo.\u00a0<\/p>\n<aside class=\"relacionadas con-foto linea-1078\"><strong class=\"relacionadas-titulo-gral\">Noticias Relacionadas<\/strong><\/aside>\n<p>&#13;\n<\/p><\/blockquote>\n<p>Brugada Molina tambi\u00e9n subray\u00f3 que en la <strong>Ciudad de M\u00e9xico<\/strong> convive la fuerza milenaria de nuestras ra\u00edces con esa gran apertura a que todas las culturas y naciones puedan venir y sentirse en su casa.\u00a0<\/p>\n<p>\u201cUna ciudad que transforma la noche, como el d\u00eda de hoy, en experiencia. Una ciudad que hace de la luz un lenguaje universal. Y en esta primavera, que la luz nos recuerde lo esencial. Que incluso en la oscuridad siempre hay camino para brillar\u201d, dijo.\u00a0<\/p>\n<p>En su momento, David Di Bona, director art\u00edstico y <strong>fundador de FILUX (Festival Internacional de las Luces M\u00e9xico)<\/strong>, explic\u00f3 que la r\u00e9plica de la luna fue realizada por Luke Cheram, de Reino Unido.\u00a0<\/p>\n<blockquote><p>&#13;<\/p>\n<p>\u201cEsta Luna ha estado en m\u00e1s de treinta pa\u00edses y, b\u00e1sicamente, es una gran esfera con fotograf\u00edas de la NASA. La proporci\u00f3n de la Luna se supone que es 500 mil veces m\u00e1s peque\u00f1a de lo que es la luna real, o sea, que ser\u00eda algo as\u00ed como que un cent\u00edmetro cuadrado de esta luna equivale a cinco kil\u00f3metros cuadrados de la luna real\u201d, subray\u00f3.\u00a0<\/p>\n<p>&#13;\n<\/p><\/blockquote>\n<p>La exposici\u00f3n cuenta con <strong>13 piezas realizadas en 90 por ciento por artistas mexicanos <\/strong>y estar\u00e1 disponible hasta el 29 de marzo del presente a\u00f1o sobre Paseo de la Reforma.&#13;<br \/>\n&#13;<br \/>\n&#13;\n                                <\/p>\n<\/p><\/div>\n<p><script>\n    !function(f,b,e,v,n,t,s)\n    {if(f.fbq)return;n=f.fbq=function(){n.callMethod?\n    n.callMethod.apply(n,arguments):n.queue.push(arguments)};\n    if(!f._fbq)f._fbq=n;n.push=n;n.loaded=!0;n.version='2.0';\n    n.queue=[];t=b.createElement(e);t.async=!0;\n    t.src=v;s=b.getElementsByTagName(e)[0];\n    s.parentNode.insertBefore(t,s)}(window, document,'script',\n    'https:\/\/connect.facebook.net\/en_US\/fbevents.js');\n    fbq('init', '237927003583820');\n    fbq('track', 'PageView');\n  <\/script><script>\n    !function(f,b,e,v,n,t,s)\n    {if(f.fbq)return;n=f.fbq=function(){n.callMethod?\n    n.callMethod.apply(n,arguments):n.queue.push(arguments)};\n    if(!f._fbq)f._fbq=n;n.push=n;n.loaded=!0;n.version='2.0';\n    n.queue=[];t=b.createElement(e);t.async=!0;\n    t.src=v;s=b.getElementsByTagName(e)[0];\n    s.parentNode.insertBefore(t,s)}(window, document,'script',\n    'https:\/\/connect.facebook.net\/en_US\/fbevents.js');\n    fbq('init', '802372280934901');\n    fbq('track', 'PageView');\n    <\/script><br \/>\n<br \/><\/p>\n","protected":false},"excerpt":{"rendered":"<p>En tiempos oscuros de odio, violencia y guerra, la luz es un mensaje profundo para que brille m\u00e1s la fuerza de la Ciudad de M\u00e9xico, asever\u00f3 la jefa de Gobierno, Clara Brugada Molina, al inaugurar la exposici\u00f3n \u201cSolo la Luz, Primavera\u201d, impulsada por Philips.\u00a0 En el acto realizado desde Paseo de la Reforma, la mandataria [&hellip;]<\/p>\n","protected":false},"author":2,"featured_media":3568,"comment_status":"","ping_status":"","sticky":false,"template":"","format":"standard","meta":{"footnotes":""},"categories":[2],"tags":[],"class_list":["post-3567","post","type-post","status-publish","format-standard","has-post-thumbnail","hentry","category-local"],"_links":{"self":[{"href":"https:\/\/conexion-mx.com\/index.php?rest_route=\/wp\/v2\/posts\/3567","targetHints":{"allow":["GET"]}}],"collection":[{"href":"https:\/\/conexion-mx.com\/index.php?rest_route=\/wp\/v2\/posts"}],"about":[{"href":"https:\/\/conexion-mx.com\/index.php?rest_route=\/wp\/v2\/types\/post"}],"author":[{"embeddable":true,"href":"https:\/\/conexion-mx.com\/index.php?rest_route=\/wp\/v2\/users\/2"}],"replies":[{"embeddable":true,"href":"https:\/\/conexion-mx.com\/index.php?rest_route=%2Fwp%2Fv2%2Fcomments&post=3567"}],"version-history":[{"count":0,"href":"https:\/\/conexion-mx.com\/index.php?rest_route=\/wp\/v2\/posts\/3567\/revisions"}],"wp:featuredmedia":[{"embeddable":true,"href":"https:\/\/conexion-mx.com\/index.php?rest_route=\/wp\/v2\/media\/3568"}],"wp:attachment":[{"href":"https:\/\/conexion-mx.com\/index.php?rest_route=%2Fwp%2Fv2%2Fmedia&parent=3567"}],"wp:term":[{"taxonomy":"category","embeddable":true,"href":"https:\/\/conexion-mx.com\/index.php?rest_route=%2Fwp%2Fv2%2Fcategories&post=3567"},{"taxonomy":"post_tag","embeddable":true,"href":"https:\/\/conexion-mx.com\/index.php?rest_route=%2Fwp%2Fv2%2Ftags&post=3567"}],"curies":[{"name":"wp","href":"https:\/\/api.w.org\/{rel}","templated":true}]}}